{"id":4355,"date":"2025-11-02T18:07:43","date_gmt":"2025-11-02T21:07:43","guid":{"rendered":"https:\/\/elliberador.com\/?p=4355"},"modified":"2025-11-02T18:07:45","modified_gmt":"2025-11-02T21:07:45","slug":"el-rumbo-empieza-a-rendir-frutos","status":"publish","type":"post","link":"https:\/\/elliberador.com\/index.php\/2025\/11\/02\/el-rumbo-empieza-a-rendir-frutos\/","title":{"rendered":"El rumbo empieza a rendir frutos"},"content":{"rendered":"\n<p>Mientras la vieja pol\u00edtica sigue en shock, el gobierno libertario de <strong>Javier Milei<\/strong> encadena una semana de resultados que desarman los discursos catastrofistas y devuelven confianza a la econom\u00eda real.<br>Lo que parec\u00eda \u201cimposible\u201d \u2014bajar el riesgo pa\u00eds, subir los salarios, recuperar la confianza\u2014 est\u00e1 ocurriendo, y con datos verificables.<\/p>\n\n\n\n<p>El periodista <strong>Javier Lanari<\/strong> lo resumi\u00f3 as\u00ed:<\/p>\n\n\n\n<blockquote class=\"wp-block-quote is-layout-flow wp-block-quote-is-layout-flow\">\n<p>\u201c17 puntos de diferencia, boleta \u00fanica, riesgo pa\u00eds \u2013450, salarios +3,2 %, confianza +8,1 %, inversiones 8.000 M U$S, r\u00e9cord de exportaciones de yerba\u201d.<\/p>\n<\/blockquote>\n\n\n\n<p>En pol\u00edtica, econom\u00eda y gesti\u00f3n, la semana se convirti\u00f3 en una radiograf\u00eda del nuevo orden que Milei impulsa: <strong>menos relato, m\u00e1s resultados.<\/strong><\/p>\n\n\n\n<hr class=\"wp-block-separator has-alpha-channel-opacity\"\/>\n\n\n\n<p><strong>El mercado se acomoda al m\u00e9rito<\/strong><\/p>\n\n\n\n<ul class=\"wp-block-list\">\n<li>El <strong>riesgo pa\u00eds<\/strong>, ese term\u00f3metro de la confianza internacional, cay\u00f3 m\u00e1s de <strong>450 puntos<\/strong>.<\/li>\n\n\n\n<li>Las <strong>tasas de cr\u00e9dito bajan<\/strong>, abriendo ox\u00edgeno para pymes y emprendedores.<\/li>\n\n\n\n<li>Y los <strong>salarios reales suben 3,2 %<\/strong>, se\u00f1al de que el ajuste fue contra la pol\u00edtica, no contra la gente.<\/li>\n<\/ul>\n\n\n\n<p>El m\u00e9rito vuelve a tener valor en la Argentina liberal.<\/p>\n\n\n\n<hr class=\"wp-block-separator has-alpha-channel-opacity\"\/>\n\n\n\n<p><strong>La confianza es pol\u00edtica de Estado<\/strong><\/p>\n\n\n\n<ul class=\"wp-block-list\">\n<li>La <strong>confianza en el Gobierno creci\u00f3 8,1 %<\/strong>, y la <strong>Boleta \u00danica<\/strong> debut\u00f3 marcando un antes y un despu\u00e9s en la transparencia electoral.<\/li>\n\n\n\n<li>En paralelo, <strong>el aumento del 35 % en pol\u00edticas de discapacidad<\/strong> devuelve dignidad a sectores hist\u00f3ricamente postergados, mientras <strong>las inversiones productivas alcanzan los 8.000 millones de d\u00f3lares<\/strong>.<\/li>\n<\/ul>\n\n\n\n<hr class=\"wp-block-separator has-alpha-channel-opacity\"\/>\n\n\n\n<p><strong>Exportar, producir, competir<\/strong><\/p>\n\n\n\n<ul class=\"wp-block-list\">\n<li>El <strong>r\u00e9cord de exportaciones de yerba<\/strong> y la <strong>reducci\u00f3n del arancel a los juguetes<\/strong> son se\u00f1ales de un modelo abierto y competitivo.<\/li>\n\n\n\n<li><strong>A\u00f1a Cu\u00e1<\/strong>, con una inversi\u00f3n de 400 millones de d\u00f3lares, refuerza la independencia energ\u00e9tica del pa\u00eds.<\/li>\n\n\n\n<li>Menos Estado, m\u00e1s libertad, m\u00e1s crecimiento.<\/li>\n<\/ul>\n\n\n\n<hr class=\"wp-block-separator has-alpha-channel-opacity\"\/>\n\n\n\n<p><strong>El sentido del cambio<\/strong><\/p>\n\n\n\n<p>El liberalismo no vino a agradar: <em>vino a transformar<\/em>.<br>Esta semana demuestra que el <strong>orden y la libertad<\/strong> ya no son conceptos de campa\u00f1a, sino pol\u00edticas de Estado.<\/p>\n\n\n\n<p>\u201cLa libertad no se promete, se ejecuta.\u201d<\/p>\n\n\n\n<p>La Argentina liberal empieza a dar resultados.<\/p>\n\n\n\n<p>\u2014 Ecus<br><em>La libertad no se mendiga, se ejerce<\/em>.<\/p>\n","protected":false},"excerpt":{"rendered":"<p>Una semana de datos concretos confirma que el cambio no era una promesa, sino un proceso en marcha. El gobierno de Javier Milei consolida resultados: riesgo pa\u00eds en baja, salarios en alza, confianza r\u00e9cord e inversi\u00f3n productiva<\/p>\n","protected":false},"author":2,"featured_media":4357,"comment_status":"open","ping_status":"open","sticky":false,"template":"","format":"standard","meta":{"_acf_changed":false,"advanced_seo_description":"Una semana de datos concretos confirma que el cambio no era una promesa, sino un proceso en marcha. El gobierno de Javier Milei consolida resultados: riesgo pa\u00eds en baja, salarios en alza, confianza r\u00e9cord e inversi\u00f3n productivo","jetpack_seo_html_title":"El rumbo empieza a rendir frutos","jetpack_seo_noindex":false,"_jetpack_memberships_contains_paid_content":false,"footnotes":""},"categories":[2],"tags":[20,105,47,56,126],"class_list":["post-4355","post","type-post","status-publish","format-standard","has-post-thumbnail","hentry","category-economia","tag-destacados","tag-economia","tag-la-libertad-avanza","tag-milei","tag-politica-argentina"],"acf":[],"jetpack_featured_media_url":"https:\/\/elliberador.com\/wp-content\/uploads\/2025\/11\/imagen_2025-11-02_180454417.png","jetpack_sharing_enabled":true,"_links":{"self":[{"href":"https:\/\/elliberador.com\/index.php\/wp-json\/wp\/v2\/posts\/4355","targetHints":{"allow":["GET"]}}],"collection":[{"href":"https:\/\/elliberador.com\/index.php\/wp-json\/wp\/v2\/posts"}],"about":[{"href":"https:\/\/elliberador.com\/index.php\/wp-json\/wp\/v2\/types\/post"}],"author":[{"embeddable":true,"href":"https:\/\/elliberador.com\/index.php\/wp-json\/wp\/v2\/users\/2"}],"replies":[{"embeddable":true,"href":"https:\/\/elliberador.com\/index.php\/wp-json\/wp\/v2\/comments?post=4355"}],"version-history":[{"count":3,"href":"https:\/\/elliberador.com\/index.php\/wp-json\/wp\/v2\/posts\/4355\/revisions"}],"predecessor-version":[{"id":4359,"href":"https:\/\/elliberador.com\/index.php\/wp-json\/wp\/v2\/posts\/4355\/revisions\/4359"}],"wp:featuredmedia":[{"embeddable":true,"href":"https:\/\/elliberador.com\/index.php\/wp-json\/wp\/v2\/media\/4357"}],"wp:attachment":[{"href":"https:\/\/elliberador.com\/index.php\/wp-json\/wp\/v2\/media?parent=4355"}],"wp:term":[{"taxonomy":"category","embeddable":true,"href":"https:\/\/elliberador.com\/index.php\/wp-json\/wp\/v2\/categories?post=4355"},{"taxonomy":"post_tag","embeddable":true,"href":"https:\/\/elliberador.com\/index.php\/wp-json\/wp\/v2\/tags?post=4355"}],"curies":[{"name":"wp","href":"https:\/\/api.w.org\/{rel}","templated":true}]}}