{"id":4360,"date":"2025-11-03T14:37:18","date_gmt":"2025-11-03T17:37:18","guid":{"rendered":"https:\/\/elliberador.com\/?p=4360"},"modified":"2025-11-03T14:37:20","modified_gmt":"2025-11-03T17:37:20","slug":"el-dolar-cae-porque-volvio-la-confianza-el-mercado-apuesta-al-cambio-serio","status":"publish","type":"post","link":"https:\/\/elliberador.com\/index.php\/2025\/11\/03\/el-dolar-cae-porque-volvio-la-confianza-el-mercado-apuesta-al-cambio-serio\/","title":{"rendered":"El d\u00f3lar cae porque volvi\u00f3 la confianza: el mercado apuesta al cambio serio"},"content":{"rendered":"\n<p><em>Basado en el an\u00e1lisis de Salvador Di Stefano<\/em><\/p>\n\n\n\n<p>En un pa\u00eds acostumbrado a mirar el d\u00f3lar como term\u00f3metro del miedo, la sorpresa lleg\u00f3 desde el coraz\u00f3n mismo de la city. Salvador Di Stefano, uno de los analistas financieros m\u00e1s seguidos del mercado, asegur\u00f3 que la cotizaci\u00f3n del billete verde podr\u00eda retroceder hasta la zona de los <strong>$1.000\u2013$1.300<\/strong> en los pr\u00f3ximos meses. Y no por intervenci\u00f3n, ni magia, sino por algo mucho m\u00e1s profundo: <strong>la recuperaci\u00f3n de la confianza<\/strong>.<\/p>\n\n\n\n<p>Seg\u00fan Di Stefano, la combinaci\u00f3n de super\u00e1vit fiscal, disciplina monetaria y entrada sostenida de divisas genera un cambio de expectativa in\u00e9dito en a\u00f1os. Por primera vez, el mercado no corre detr\u00e1s del d\u00f3lar: <strong>el d\u00f3lar corre detr\u00e1s del orden<\/strong>.<\/p>\n\n\n\n<figure class=\"wp-block-image size-large\"><img fetchpriority=\"high\" decoding=\"async\" width=\"1024\" height=\"609\" src=\"https:\/\/elliberador.com\/wp-content\/uploads\/2025\/11\/imagen_2025-11-03_141801108-1024x609.png\" alt=\"\" class=\"wp-image-4365\" srcset=\"https:\/\/elliberador.com\/wp-content\/uploads\/2025\/11\/imagen_2025-11-03_141801108-1024x609.png 1024w, https:\/\/elliberador.com\/wp-content\/uploads\/2025\/11\/imagen_2025-11-03_141801108-300x178.png 300w, https:\/\/elliberador.com\/wp-content\/uploads\/2025\/11\/imagen_2025-11-03_141801108-768x456.png 768w, https:\/\/elliberador.com\/wp-content\/uploads\/2025\/11\/imagen_2025-11-03_141801108-1536x913.png 1536w, https:\/\/elliberador.com\/wp-content\/uploads\/2025\/11\/imagen_2025-11-03_141801108.png 1548w\" sizes=\"(max-width: 1024px) 100vw, 1024px\" \/><\/figure>\n\n\n\n<h5 class=\"wp-block-heading has-text-align-right\"><em>Evoluci\u00f3n del resultado Fiscal (en % del PIB) | Fuente: Secretar\u00eda de Finanzas de Ministerio de Econom\u00eda<\/em><\/h5>\n\n\n\n<hr class=\"wp-block-separator has-alpha-channel-opacity\"\/>\n\n\n\n<h2 class=\"wp-block-heading\"><strong>El efecto confianza<\/strong><\/h2>\n\n\n\n<p>El giro que experiment\u00f3 el mercado desde el triunfo de Javier Milei es m\u00e1s que simb\u00f3lico. Bonos en alza, riesgo pa\u00eds en ca\u00edda libre y una apreciaci\u00f3n del peso frente a las principales divisas marcan un cambio de clima que, hasta hace poco, parec\u00eda imposible.<\/p>\n\n\n\n<p>\u201cEl mercado premia la disciplina\u201d, sintetiz\u00f3 Di Stefano en su \u00faltimo informe. Detr\u00e1s de esa frase hay algo m\u00e1s que una lectura t\u00e9cnica. Hay un reconocimiento al cambio de paradigma: la econom\u00eda argentina dej\u00f3 de estar guiada por el cortoplacismo pol\u00edtico y empez\u00f3 a ordenarse bajo una l\u00f3gica liberal cl\u00e1sica \u2014la misma que el mercado global entiende y valora.<\/p>\n\n\n\n<p>Los datos lo confirman. El <strong>riesgo pa\u00eds<\/strong>, que lleg\u00f3 a rozar los <strong>1.450 puntos<\/strong>, se mueve hoy en torno a los <strong>650\u2013700<\/strong>, una baja de m\u00e1s del 50 %. Los <strong>bonos soberanos en d\u00f3lares<\/strong>, como el AL30 o el GD35, registraron subas superiores al 40 % en lo que va del segundo semestre. Y los <strong>bonos en pesos<\/strong> con ajuste por CER siguen ganando demanda.<\/p>\n\n\n\n<figure class=\"wp-block-image size-large\"><img decoding=\"async\" width=\"1024\" height=\"349\" src=\"https:\/\/elliberador.com\/wp-content\/uploads\/2025\/11\/imagen_2025-11-03_122518626-1024x349.png\" alt=\"\" class=\"wp-image-4362\" srcset=\"https:\/\/elliberador.com\/wp-content\/uploads\/2025\/11\/imagen_2025-11-03_122518626-1024x349.png 1024w, https:\/\/elliberador.com\/wp-content\/uploads\/2025\/11\/imagen_2025-11-03_122518626-300x102.png 300w, https:\/\/elliberador.com\/wp-content\/uploads\/2025\/11\/imagen_2025-11-03_122518626-768x261.png 768w, https:\/\/elliberador.com\/wp-content\/uploads\/2025\/11\/imagen_2025-11-03_122518626.png 1181w\" sizes=\"(max-width: 1024px) 100vw, 1024px\" \/><\/figure>\n\n\n\n<h5 class=\"wp-block-heading has-text-align-right\"><em>Evoluci\u00f3n mensual del Riesgo Pa\u00eds Octubre 2025 | Fuente: \u00c1mbito Financiero<\/em><\/h5>\n\n\n\n<hr class=\"wp-block-separator has-alpha-channel-opacity\"\/>\n\n\n\n<h2 class=\"wp-block-heading\"><strong>Del d\u00f3lar refugio al peso competitivo<\/strong><\/h2>\n\n\n\n<p>Durante a\u00f1os, el d\u00f3lar fue sin\u00f3nimo de refugio frente a la inestabilidad. Hoy, lentamente, el peso comienza a recuperar terreno. No porque se haya vuelto fuerte por decreto, sino porque las variables macroecon\u00f3micas se alinearon en una direcci\u00f3n l\u00f3gica.<\/p>\n\n\n\n<p>La reducci\u00f3n del gasto p\u00fablico, la apertura de los mercados, la decisi\u00f3n de no emitir y la se\u00f1al clara de que el d\u00e9ficit no volver\u00e1 a ser la regla est\u00e1n generando un nuevo tipo de expectativa: <strong>el peso vuelve a tener sentido econ\u00f3mico<\/strong>.<\/p>\n\n\n\n<p>En su informe, Di Stefano proyecta que, con mayor liquidaci\u00f3n del sector agroexportador y flujo creciente de inversiones, la presi\u00f3n cambiaria tender\u00e1 a moderarse. \u201cLa abundancia de d\u00f3lares en el mercado financiero y comercial har\u00e1 que la demanda se reduzca. Si el Gobierno mantiene el rumbo, el d\u00f3lar puede bajar a\u00fan m\u00e1s\u201d, explic\u00f3.<\/p>\n\n\n\n<p>El mensaje, en el fondo, es pol\u00edtico: <strong>cuando el Estado deja de interferir, el mercado funciona<\/strong>. La \u201cfuga al d\u00f3lar\u201d fue siempre una huida del desorden. Cuando el desorden se reemplaza por previsibilidad, no hay raz\u00f3n para escapar.<\/p>\n\n\n\n<figure class=\"wp-block-image size-large\"><img decoding=\"async\" width=\"1024\" height=\"570\" src=\"https:\/\/elliberador.com\/wp-content\/uploads\/2025\/11\/imagen_2025-11-03_141249507-1024x570.png\" alt=\"\" class=\"wp-image-4364\" srcset=\"https:\/\/elliberador.com\/wp-content\/uploads\/2025\/11\/imagen_2025-11-03_141249507-1024x570.png 1024w, https:\/\/elliberador.com\/wp-content\/uploads\/2025\/11\/imagen_2025-11-03_141249507-300x167.png 300w, https:\/\/elliberador.com\/wp-content\/uploads\/2025\/11\/imagen_2025-11-03_141249507-768x427.png 768w, https:\/\/elliberador.com\/wp-content\/uploads\/2025\/11\/imagen_2025-11-03_141249507-1536x855.png 1536w, https:\/\/elliberador.com\/wp-content\/uploads\/2025\/11\/imagen_2025-11-03_141249507.png 1646w\" sizes=\"(max-width: 1024px) 100vw, 1024px\" \/><\/figure>\n\n\n\n<h5 class=\"wp-block-heading has-text-align-right\"><em>Evoluci\u00f3n de la deuda p\u00fablica <em> | Fuente: Secretar\u00eda de Finanzas de Ministerio de Econom\u00eda<\/em><\/em><\/h5>\n\n\n\n<hr class=\"wp-block-separator has-alpha-channel-opacity\"\/>\n\n\n\n<h2 class=\"wp-block-heading\"><strong>Las reformas que consolidan el rumbo<\/strong><\/h2>\n\n\n\n<p>La pol\u00edtica fiscal de super\u00e1vit primario, la reforma laboral en marcha y el redise\u00f1o tributario que impulsa el Ejecutivo completan el marco de estabilidad que el mercado necesitaba. No se trata solo de una cuesti\u00f3n de precios relativos: se trata de confianza institucional.<\/p>\n\n\n\n<p>El mismo Milei lo anticip\u00f3: \u201cNo hay estabilizaci\u00f3n sin libertad econ\u00f3mica.\u201d Y el mercado parece haberlo entendido. El ingreso de capitales al sistema financiero local, el inter\u00e9s de fondos internacionales por activos argentinos y la mejora en la curva de rendimientos son se\u00f1ales concretas de esa credibilidad en construcci\u00f3n.<\/p>\n\n\n\n<p>Lo parad\u00f3jico es que este proceso no requiere intervenciones grandilocuentes. Al contrario: <strong>la no intervenci\u00f3n<\/strong> es la pol\u00edtica. El Banco Central mantiene un tipo de cambio competitivo, sin recurrir a controles artificiales, y los exportadores liquidan voluntariamente, atra\u00eddos por la previsibilidad de reglas claras.<\/p>\n\n\n\n<hr class=\"wp-block-separator has-alpha-channel-opacity\"\/>\n\n\n\n<h2 class=\"wp-block-heading\"><strong>Un escenario nuevo para la pol\u00edtica econ\u00f3mica<\/strong><\/h2>\n\n\n\n<p>En el corto plazo, la previsi\u00f3n de Di Stefano parece optimista pero realista. Con un flujo neto positivo de d\u00f3lares por exportaciones y una inflaci\u00f3n que muestra tendencia a la baja, no hay motivos para esperar una corrida. El gran desaf\u00edo, sin embargo, ser\u00e1 sostener el equilibrio cuando el ciclo pol\u00edtico se enfr\u00ede.<\/p>\n\n\n\n<p>En otras palabras: <strong>la confianza se gana r\u00e1pido, pero se pierde m\u00e1s r\u00e1pido a\u00fan<\/strong>. El liberalismo econ\u00f3mico no ofrece atajos; ofrece resultados cuando hay coherencia. Por eso, m\u00e1s all\u00e1 de la euforia de los mercados, el verdadero test vendr\u00e1 con la continuidad de las reformas y la consistencia del discurso oficial.<\/p>\n\n\n\n<p>A diferencia de los a\u00f1os anteriores, el gobierno actual no intenta manipular el tipo de cambio para construir una sensaci\u00f3n artificial de estabilidad. El precio del d\u00f3lar hoy refleja una expectativa genuina: la de un pa\u00eds que, al fin, parece entender que el orden fiscal no es ideolog\u00eda, sino matem\u00e1tica.<\/p>\n\n\n\n<figure class=\"wp-block-image size-large\"><img loading=\"lazy\" decoding=\"async\" width=\"1024\" height=\"586\" src=\"https:\/\/elliberador.com\/wp-content\/uploads\/2025\/11\/Finviz-31Oct-1024x586.png\" alt=\"\" class=\"wp-image-4367\" srcset=\"https:\/\/elliberador.com\/wp-content\/uploads\/2025\/11\/Finviz-31Oct-1024x586.png 1024w, https:\/\/elliberador.com\/wp-content\/uploads\/2025\/11\/Finviz-31Oct-300x172.png 300w, https:\/\/elliberador.com\/wp-content\/uploads\/2025\/11\/Finviz-31Oct-768x440.png 768w, https:\/\/elliberador.com\/wp-content\/uploads\/2025\/11\/Finviz-31Oct-1536x880.png 1536w, https:\/\/elliberador.com\/wp-content\/uploads\/2025\/11\/Finviz-31Oct-2048x1173.png 2048w\" sizes=\"(max-width: 1024px) 100vw, 1024px\" \/><\/figure>\n\n\n\n<h5 class=\"wp-block-heading has-text-align-right\"><em>Mapa de calor de las principales empresas en Wall Street <em> | Fuente: www.finviz.com<\/em><\/em><\/h5>\n\n\n\n<hr class=\"wp-block-separator has-alpha-channel-opacity\"\/>\n\n\n\n<h2 class=\"wp-block-heading\"><strong>Del miedo al m\u00e9rito<\/strong><\/h2>\n\n\n\n<p>Si el d\u00f3lar baja, no es un capricho del mercado: es una consecuencia del m\u00e9rito. El m\u00e9rito de un gobierno que entiende que la confianza no se decreta, se construye.<\/p>\n\n\n\n<p>La Argentina de hoy no necesita m\u00e1s parches ni m\u00e1s excusas. Necesita continuar por el camino que devolvi\u00f3 previsibilidad a su moneda, estabilidad a sus bonos y entusiasmo a sus inversores. El d\u00f3lar es, una vez m\u00e1s, el espejo de nuestras decisiones.<\/p>\n\n\n\n<p>Y si ese espejo refleja calma, es porque <strong>el cambio de fondo ya empez\u00f3<\/strong>.<\/p>\n\n\n\n<p><strong>\u2014 Ecus<br><em>La libertad no se mendiga, se ejerce<\/em><\/strong><\/p>\n","protected":false},"excerpt":{"rendered":"<p>El d\u00f3lar deja de ser refugio y empieza a ser term\u00f3metro de confianza. El mercado le cree a Milei: menos pol\u00edtica, m\u00e1s econom\u00eda, y un rumbo que empieza a dar resultados.<\/p>\n","protected":false},"author":2,"featured_media":4368,"comment_status":"open","ping_status":"open","sticky":false,"template":"","format":"standard","meta":{"_acf_changed":false,"advanced_seo_description":"El d\u00f3lar deja de ser refugio y empieza a ser term\u00f3metro de confianza. El mercado le cree a Milei: menos pol\u00edtica, m\u00e1s econom\u00eda, y un rumbo que empieza a dar resultados.","jetpack_seo_html_title":"Las reformas que consolidan el rumbo","jetpack_seo_noindex":false,"_jetpack_memberships_contains_paid_content":false,"footnotes":""},"categories":[2],"tags":[20,105,47,56],"class_list":["post-4360","post","type-post","status-publish","format-standard","has-post-thumbnail","hentry","category-economia","tag-destacados","tag-economia","tag-la-libertad-avanza","tag-milei"],"acf":[],"jetpack_featured_media_url":"https:\/\/elliberador.com\/wp-content\/uploads\/2025\/11\/Foto-Dolar-mercado.webp","jetpack_sharing_enabled":true,"_links":{"self":[{"href":"https:\/\/elliberador.com\/index.php\/wp-json\/wp\/v2\/posts\/4360","targetHints":{"allow":["GET"]}}],"collection":[{"href":"https:\/\/elliberador.com\/index.php\/wp-json\/wp\/v2\/posts"}],"about":[{"href":"https:\/\/elliberador.com\/index.php\/wp-json\/wp\/v2\/types\/post"}],"author":[{"embeddable":true,"href":"https:\/\/elliberador.com\/index.php\/wp-json\/wp\/v2\/users\/2"}],"replies":[{"embeddable":true,"href":"https:\/\/elliberador.com\/index.php\/wp-json\/wp\/v2\/comments?post=4360"}],"version-history":[{"count":5,"href":"https:\/\/elliberador.com\/index.php\/wp-json\/wp\/v2\/posts\/4360\/revisions"}],"predecessor-version":[{"id":4371,"href":"https:\/\/elliberador.com\/index.php\/wp-json\/wp\/v2\/posts\/4360\/revisions\/4371"}],"wp:featuredmedia":[{"embeddable":true,"href":"https:\/\/elliberador.com\/index.php\/wp-json\/wp\/v2\/media\/4368"}],"wp:attachment":[{"href":"https:\/\/elliberador.com\/index.php\/wp-json\/wp\/v2\/media?parent=4360"}],"wp:term":[{"taxonomy":"category","embeddable":true,"href":"https:\/\/elliberador.com\/index.php\/wp-json\/wp\/v2\/categories?post=4360"},{"taxonomy":"post_tag","embeddable":true,"href":"https:\/\/elliberador.com\/index.php\/wp-json\/wp\/v2\/tags?post=4360"}],"curies":[{"name":"wp","href":"https:\/\/api.w.org\/{rel}","templated":true}]}}