{"id":4390,"date":"2025-11-06T22:53:10","date_gmt":"2025-11-07T01:53:10","guid":{"rendered":"https:\/\/elliberador.com\/?p=4390"},"modified":"2025-11-07T19:13:02","modified_gmt":"2025-11-07T22:13:02","slug":"escandalo-pullaro-asigno-4-000-millones-a-nuevas-ongs-evangelistas-a-dias-de-ser-creadas-por-aliados-politicos","status":"publish","type":"post","link":"https:\/\/elliberador.com\/index.php\/2025\/11\/06\/escandalo-pullaro-asigno-4-000-millones-a-nuevas-ongs-evangelistas-a-dias-de-ser-creadas-por-aliados-politicos\/","title":{"rendered":"Esc\u00e1ndalo: Pullaro asign\u00f3 $4.000 millones a nuevas ONGs evangelistas a d\u00edas de ser creadas por \u00a1Aliados pol\u00edticos!"},"content":{"rendered":"\n<p>Durante 2025, el gobierno de la provincia de Santa Fe, encabezado por Maximiliano Pullaro, qued\u00f3 en el ojo de la tormenta tras una serie de denuncias legislativas y medi\u00e1ticas que expusieron un presunto circuito de desv\u00edo o uso discrecional de fondos p\u00fablicos destinados a la prevenci\u00f3n del consumo de drogas y adicciones.<\/p>\n\n\n\n<p>Las acusaciones apuntan directamente a la <strong>Agencia Provincial de Prevenci\u00f3n del Consumo de Drogas y Tratamiento Integral de las Adicciones (APRECOD)<\/strong>, a cargo de <strong>Luciano Sciarra<\/strong> (recuerden este nombre), evang\u00e9lico hombre de confianza del diputado <strong>Walter Ghione<\/strong> dependiente del Ministerio de Gobierno, que gestiona el programa \u201cRedes de Cuidado\u201d. Este plan provincial canaliza recursos hacia asociaciones civiles y organizaciones sociales supuestamente comprometidas con proyectos de prevenci\u00f3n y acompa\u00f1amiento comunitario.<\/p>\n\n\n\n<p>Sin embargo, en agosto de 2025, <strong>comenzaron a detectarse transferencias multimillonarias a entidades reci\u00e9n creadas<\/strong>, <strong>sin trayectoria, sin infraestructura y con estrechos v\u00ednculos pol\u00edticos<\/strong>. Seg\u00fan documentaci\u00f3n revelada por diversos medios, entre 2024 y 2025 APRECOD transfiri\u00f3 m\u00e1s de $4.000 millones a una red de asociaciones de dudosa trayectoria, varias de ellas conectadas con el partido Una Nueva Oportunidad (UNO), liderado por el pastor y diputado Walter Ghione, aliado del oficialismo. La \u00fanica ONG que estaba creada desde hac\u00eda un tiempo (2015) es la <strong>Asociaci\u00f3n Civil Sinergia Ciudadana<\/strong>, fundada por, qu\u00e9 casualidad, <strong>Luciano Sciarra<\/strong>, el hombre encargado de elegir a qui\u00e9n asignar estos multimillonarios recursos.<\/p>\n\n\n\n<figure class=\"wp-block-gallery has-nested-images columns-default is-cropped wp-block-gallery-1 is-layout-flex wp-block-gallery-is-layout-flex\">\n<figure class=\"wp-block-image size-large\"><img fetchpriority=\"high\" decoding=\"async\" width=\"1024\" height=\"575\" data-id=\"4396\" src=\"https:\/\/elliberador.com\/wp-content\/uploads\/2025\/11\/image-36-1024x575.png\" alt=\"\" class=\"wp-image-4396\" srcset=\"https:\/\/elliberador.com\/wp-content\/uploads\/2025\/11\/image-36-1024x575.png 1024w, https:\/\/elliberador.com\/wp-content\/uploads\/2025\/11\/image-36-300x168.png 300w, https:\/\/elliberador.com\/wp-content\/uploads\/2025\/11\/image-36-768x431.png 768w, https:\/\/elliberador.com\/wp-content\/uploads\/2025\/11\/image-36.png 1140w\" sizes=\"(max-width: 1024px) 100vw, 1024px\" \/><figcaption class=\"wp-element-caption\">Luciano Sciarra a la izquierda de la evangelista conversa Gisela Scaglia<\/figcaption><\/figure>\n<\/figure>\n\n\n\n<h3 class=\"wp-block-heading\">El mecanismo repetido<\/h3>\n\n\n\n<p>En la mayor\u00eda de los casos, se detect\u00f3 un patr\u00f3n com\u00fan:<\/p>\n\n\n\n<ol class=\"wp-block-list\">\n<li>Se constitu\u00edan asociaciones civiles nuevas, muchas con v\u00ednculos religiosos o pol\u00edticos.<\/li>\n\n\n\n<li>A las pocas semanas, firmaban convenios directos con APRECOD bajo el programa \u201cRedes de Cuidado\u201d.<\/li>\n\n\n\n<li>Recib\u00edan montos desproporcionadamente altos en relaci\u00f3n con su nula capacidad operativa.<\/li>\n\n\n\n<li>No exist\u00edan registros de ejecuci\u00f3n, campa\u00f1as o resultados verificables.<\/li>\n\n\n\n<li>Los domicilios son casas o departamentos particulares sin ninguna funci\u00f3n social.<\/li>\n<\/ol>\n\n\n\n<p>El mecanismo ha sido descripto como una \u201casignaci\u00f3n acelerada y discrecional de fondos p\u00fablicos\u201d, donde la afinidad pol\u00edtica pes\u00f3 m\u00e1s que la idoneidad para abordar problem\u00e1ticas tan sensibles como las adicciones.<\/p>\n\n\n\n<figure class=\"wp-block-gallery has-nested-images columns-default is-cropped wp-block-gallery-2 is-layout-flex wp-block-gallery-is-layout-flex\">\n<figure class=\"wp-block-image size-large\"><img decoding=\"async\" width=\"680\" height=\"454\" data-id=\"4397\" src=\"https:\/\/elliberador.com\/wp-content\/uploads\/2025\/11\/GQcJSlQXYAEb-dP.jpg\" alt=\"\" class=\"wp-image-4397\" srcset=\"https:\/\/elliberador.com\/wp-content\/uploads\/2025\/11\/GQcJSlQXYAEb-dP.jpg 680w, https:\/\/elliberador.com\/wp-content\/uploads\/2025\/11\/GQcJSlQXYAEb-dP-300x200.jpg 300w\" sizes=\"(max-width: 680px) 100vw, 680px\" \/><figcaption class=\"wp-element-caption\">Walter Ghione y su socio Pullaro<\/figcaption><\/figure>\n<\/figure>\n\n\n\n<h3 class=\"wp-block-heading\">Asociaciones en la mira<\/h3>\n\n\n\n<p><strong>1. Asociaci\u00f3n Civil Perseverar<\/strong><\/p>\n\n\n\n<ul class=\"wp-block-list\">\n<li><strong>Constituci\u00f3n:<\/strong> 31 de enero de 2025.<\/li>\n\n\n\n<li><strong>Domicilio:<\/strong> Espa\u00f1a 713, 8.\u00ba D, Rosario (departamento particular).<\/li>\n\n\n\n<li><strong>Monto recibido:<\/strong> $1.033 millones<\/li>\n\n\n\n<li><strong>Observaciones:<\/strong> Firm\u00f3 convenio apenas dos meses despu\u00e9s de ser creada. No registra antecedentes ni actividad p\u00fablica comprobable.<\/li>\n<\/ul>\n\n\n\n<p><strong>2. Asociaci\u00f3n Civil Rockas Vivas<\/strong><\/p>\n\n\n\n<ul class=\"wp-block-list\">\n<li><strong>Constituci\u00f3n:<\/strong> Marzo de 2025, en Rafaela.<\/li>\n\n\n\n<li><strong>Presidente: Laura Ruth Callejas<\/strong>, esposa del pastor <strong>Carlos Cruzado<\/strong> candidato en Rafaela por la coalici\u00f3n Unidos.<\/li>\n\n\n\n<li><strong>Monto recibido:<\/strong> Aproximadamente $900 millones.<\/li>\n\n\n\n<li><strong>Observaciones:<\/strong> Sin antecedentes verificables ni informes de ejecuci\u00f3n. Una de las entidades m\u00e1s cuestionadas.<\/li>\n<\/ul>\n\n\n\n<p><strong>3. Cooperativa de Trabajo OLH (Carcara\u00f1\u00e1)<\/strong><\/p>\n\n\n\n<ul class=\"wp-block-list\">\n<li><strong>Registro:<\/strong> Desde 2024.<\/li>\n\n\n\n<li><strong>Monto recibido:<\/strong> $675 millones<\/li>\n\n\n\n<li><strong>Observaciones:<\/strong> No se hallaron evidencias p\u00fablicas de trabajos comunitarios. Su objeto social no guarda relaci\u00f3n con adicciones.<\/li>\n<\/ul>\n\n\n\n<p><strong>4. Asociaci\u00f3n Civil Sinergia Ciudadana<\/strong><\/p>\n\n\n\n<ul class=\"wp-block-list\">\n<li><strong>Constituci\u00f3n:<\/strong> 2015 bajo la presidencia de <strong>Luciano Sciarra<\/strong>, actualmente secretario de APRECOD, agencia encargada de designar a quien subsidiar.<\/li>\n\n\n\n<li><strong>Observaciones:<\/strong> Si bien tiene m\u00e1s antig\u00fcedad, no registra actividad reciente. Los fondos se asignaron sin licitaci\u00f3n p\u00fablica.<\/li>\n\n\n\n<li><\/li>\n<\/ul>\n\n\n\n<h2 class=\"wp-block-heading\">El nexo pol\u00edtico-religioso: Pullaro, Ghione y los Sensini<\/h2>\n\n\n\n<p>Detr\u00e1s de este esquema aparece una estrecha alianza pol\u00edtico-religiosa en la provincia. El gobernador Pullaro mantiene v\u00ednculos cercanos con sectores del evangelismo de la mano del diputado <strong>Walter Ghione<\/strong> y del <strong>pastor David Sensini<\/strong>. Ghione, adem\u00e1s de legislador, es un pastor pentecostal que lidera el partido UNO e integra la coalici\u00f3n de gobierno. Reci\u00e9n asumida la gesti\u00f3n de Pullaro a fines de 2023, Ghione coloc\u00f3 a un hombre de su confianza, <strong>Luciano Sciarra<\/strong>, al frente de <strong>APRECOD<\/strong>. Con esto, la conducci\u00f3n de los programas de adicciones qued\u00f3 pol\u00edticamente alineada con UNO. Asimismo, Ghione asumi\u00f3 la administraci\u00f3n del sistema penitenciario juvenil provincial, consolidando la injerencia de l\u00edderes evang\u00e9licos en \u00e1reas sociales sensibles.<\/p>\n\n\n\n<figure class=\"wp-block-gallery has-nested-images columns-default is-cropped wp-block-gallery-3 is-layout-flex wp-block-gallery-is-layout-flex\">\n<figure class=\"wp-block-image size-large\"><img decoding=\"async\" width=\"1024\" height=\"768\" data-id=\"4392\" src=\"https:\/\/elliberador.com\/wp-content\/uploads\/2025\/11\/F8wB4rgXoAAfFx--1024x768.jpg\" alt=\"\" class=\"wp-image-4392\" srcset=\"https:\/\/elliberador.com\/wp-content\/uploads\/2025\/11\/F8wB4rgXoAAfFx--1024x768.jpg 1024w, https:\/\/elliberador.com\/wp-content\/uploads\/2025\/11\/F8wB4rgXoAAfFx--300x225.jpg 300w, https:\/\/elliberador.com\/wp-content\/uploads\/2025\/11\/F8wB4rgXoAAfFx--768x576.jpg 768w, https:\/\/elliberador.com\/wp-content\/uploads\/2025\/11\/F8wB4rgXoAAfFx--1536x1152.jpg 1536w, https:\/\/elliberador.com\/wp-content\/uploads\/2025\/11\/F8wB4rgXoAAfFx-.jpg 2048w\" sizes=\"(max-width: 1024px) 100vw, 1024px\" \/><figcaption class=\"wp-element-caption\">David Sensini y el gobernador Pullaro<\/figcaption><\/figure>\n<\/figure>\n\n\n\n<p>Por su parte, los <strong>pastores David y Oscar Sensini<\/strong> son referentes importantes del movimiento evang\u00e9lico en Rosario. Oscar Sensini tiene m\u00e1s de 30 a\u00f1os de labor pastoral y fue pionero en el ministerio carcelario en la provincia; en 2023 recibi\u00f3 un <strong>diploma de honor<\/strong> de la Legislatura por su trabajo de reinserci\u00f3n social con personas privadas de la libertad, en un acto encabezado por el propio Ghione. Su hijo, David Sensini, contin\u00faa ese legado desde la <strong>Iglesia Redil de Cristo<\/strong> \u2013una de las congregaciones evang\u00e9licas m\u00e1s grandes de Rosario\u2013 y participa activamente en pol\u00edticas p\u00fablicas: es asesor <em>ad honorem<\/em> de la vicegobernadora Gisela Scaglia. Tanto Ghione como David Sensini han manifestado que la comunidad de fe debe involucrarse en la esfera p\u00fablica para atender problem\u00e1ticas sociales (adicciones, violencia, c\u00e1rceles) donde el Estado por s\u00ed solo no da abasto. <em>\u201cWalter (Ghione) le abri\u00f3 un camino a la iglesia evang\u00e9lica. Hizo que nos animemos a estar en lugares donde la iglesia antes no quer\u00eda involucrarse\u201d<\/em>, declar\u00f3 David Sensini sobre el rol pol\u00edtico de su colega. <strong>Claro, esta forma de pensar est\u00e1 vinculada a la asignaci\u00f3n de recursos que obten\u00eda del Estado para ayudas sociales que entregaba discrecionalmente y de las que hay muchas versiones respecto al <em>modus operandi<\/em> de estas \u00abayudas sociales\u00bb<\/strong> (profundizaremos).<\/p>\n\n\n\n<p>Esta afinidad entre Pullaro, Ghione y los Sensini se puso de manifiesto en diversos eventos. Por ejemplo, en junio de 2023, antes del cambio de gobierno, Walter Ghione entreg\u00f3 personalmente la distinci\u00f3n legislativa al pastor Oscar Sensini, en presencia de autoridades provinciales de todos los signos. Ya con Pullaro en el poder, la vicegobernadora Scaglia (su compa\u00f1era de f\u00f3rmula) no dud\u00f3 en mostrarse junto a l\u00edderes evang\u00e9licos en actividades multitudinarias de la feligres\u00eda. Claramente, la <strong>iglesia evang\u00e9lica santafesina<\/strong> pas\u00f3 a ser un actor protagonista dentro del esquema de poder: <em>\u201cNo es sorpresa para nadie que este espacio pol\u00edtico representa a la comunidad cristiana-evang\u00e9lica, y tampoco que sus instituciones hoy trabajen junto con el Estado\u201d<\/em>, admiti\u00f3 el propio Ghione al responder las acusaciones en la Legislatura.<\/p>\n\n\n\n<figure class=\"wp-block-gallery has-nested-images columns-default is-cropped wp-block-gallery-4 is-layout-flex wp-block-gallery-is-layout-flex\">\n<figure class=\"wp-block-image size-large\"><img loading=\"lazy\" decoding=\"async\" width=\"1024\" height=\"683\" data-id=\"4393\" src=\"https:\/\/elliberador.com\/wp-content\/uploads\/2025\/11\/F4jUACwWQAAipCx-1024x683.jpg\" alt=\"\" class=\"wp-image-4393\" srcset=\"https:\/\/elliberador.com\/wp-content\/uploads\/2025\/11\/F4jUACwWQAAipCx-1024x683.jpg 1024w, https:\/\/elliberador.com\/wp-content\/uploads\/2025\/11\/F4jUACwWQAAipCx-300x200.jpg 300w, https:\/\/elliberador.com\/wp-content\/uploads\/2025\/11\/F4jUACwWQAAipCx-768x512.jpg 768w, https:\/\/elliberador.com\/wp-content\/uploads\/2025\/11\/F4jUACwWQAAipCx-1536x1024.jpg 1536w, https:\/\/elliberador.com\/wp-content\/uploads\/2025\/11\/F4jUACwWQAAipCx-2048x1366.jpg 2048w\" sizes=\"(max-width: 1024px) 100vw, 1024px\" \/><figcaption class=\"wp-element-caption\">Ghione, Javkin, Pullaro, Scaglia y Seisas rezando por los fondos p\u00fablicos<\/figcaption><\/figure>\n<\/figure>\n\n\n\n<h3 class=\"wp-block-heading\">Palau: el festival evangelista de Rosario, posible punta del iceberg de los fondos p\u00fablicos discrecionales<\/h3>\n\n\n\n<p>Este entramado tambi\u00e9n ayuda a explicar uno de los episodios m\u00e1s llamativos del a\u00f1o: <strong>el festival evangelista multimillonario realizado en el Monumento a la Bandera, en Rosario<\/strong>. El evento, encabezado por los pastores David y Oscar Sensini \u2014referentes del espacio Una Nueva Oportunidad\u2014 y respaldado pol\u00edticamente por el diputado Ghione, se llev\u00f3 a cabo sin que se conocieran con claridad los mecanismos de financiaci\u00f3n. Ahora, conociendo las transferencias directas de APRECOD a entidades sin control y con fuertes v\u00ednculos pol\u00edtico-religiosos, el misterio del origen de los fondos empieza a disiparse. Todo parece formar parte de una red donde religi\u00f3n, pol\u00edtica y dinero p\u00fablico se entrelazan sin transparencia, bajo el amparo del gobierno de Pullaro.<\/p>\n\n\n\n<h3 class=\"wp-block-heading\">Un entramado opaco<\/h3>\n\n\n\n<p>El total de fondos bajo observaci\u00f3n es casi de $4.000 millones, distribuidos entre menos de diez entidades. Todas fueron beneficiadas mediante resoluciones ejecutivas de APRECOD con aval del Poder Ejecutivo, sin convocatorias abiertas ni controles visibles.<\/p>\n\n\n\n<p>Aunque el gobierno provincial insiste en que los convenios fueron legales y validados por la Contadur\u00eda General, los hechos exponen un sistema poco transparente, con serias sospechas de clientelismo y direccionamiento pol\u00edtico.<\/p>\n\n\n\n<p>No se han publicado auditor\u00edas ni informes t\u00e9cnicos. Tampoco se observan campa\u00f1as, talleres, ni actividades p\u00fablicas vinculadas al uso de los fondos. Varias de las asociaciones no cuentan siquiera con sedes f\u00edsicas o personal identificado.<\/p>\n\n\n\n<figure class=\"wp-block-gallery has-nested-images columns-default is-cropped wp-block-gallery-5 is-layout-flex wp-block-gallery-is-layout-flex\">\n<figure class=\"wp-block-image size-full\"><img loading=\"lazy\" decoding=\"async\" width=\"640\" height=\"596\" data-id=\"4394\" src=\"https:\/\/elliberador.com\/wp-content\/uploads\/2025\/11\/Fricdj2XoAI6Coi.jpg\" alt=\"\" class=\"wp-image-4394\" srcset=\"https:\/\/elliberador.com\/wp-content\/uploads\/2025\/11\/Fricdj2XoAI6Coi.jpg 640w, https:\/\/elliberador.com\/wp-content\/uploads\/2025\/11\/Fricdj2XoAI6Coi-300x279.jpg 300w\" sizes=\"(max-width: 640px) 100vw, 640px\" \/><figcaption class=\"wp-element-caption\">Pullaro y Ghione en la incoroporacion del partido evang\u00e9lico UNO a Unidos<\/figcaption><\/figure>\n<\/figure>\n\n\n\n<h3 class=\"wp-block-heading\">Una bomba pol\u00edtica<\/h3>\n\n\n\n<p>Este esquema de financiamiento oscuro golpea de lleno al coraz\u00f3n de la gesti\u00f3n Pullaro, en un \u00e1rea tan sensible como la prevenci\u00f3n de adicciones. La falta de control, la discrecionalidad y los v\u00ednculos pol\u00edtico-religiosos detr\u00e1s de las asignaciones han encendido las alarmas \u00e9ticas e institucionales en la provincia. Y si no se clarifican las irregularidades, la pol\u00e9mica promete escalar en los estrados judiciales.<\/p>\n","protected":false},"excerpt":{"rendered":"<p>Asignadas a dedo, creadas d\u00edas antes y con domicilios en casas y departamentos particulares: las asociaciones civiles favorecidas por el gobierno de Santa Fe recibieron miles de millones sin estructura ni funciones reales en la lucha contra las adicciones.<\/p>\n","protected":false},"author":2,"featured_media":4402,"comment_status":"open","ping_status":"open","sticky":false,"template":"","format":"standard","meta":{"_acf_changed":false,"advanced_seo_description":"","jetpack_seo_html_title":"","jetpack_seo_noindex":false,"_jetpack_memberships_contains_paid_content":false,"footnotes":""},"categories":[4],"tags":[222,51,20,217,99,220],"class_list":["post-4390","post","type-post","status-publish","format-standard","has-post-thumbnail","hentry","category-politica","tag-aprecod","tag-corrupcion","tag-destacados","tag-palau","tag-pullaro","tag-walter-ghione"],"acf":[],"jetpack_featured_media_url":"https:\/\/elliberador.com\/wp-content\/uploads\/2025\/11\/ghionepullaro.jpg","jetpack_sharing_enabled":true,"_links":{"self":[{"href":"https:\/\/elliberador.com\/index.php\/wp-json\/wp\/v2\/posts\/4390","targetHints":{"allow":["GET"]}}],"collection":[{"href":"https:\/\/elliberador.com\/index.php\/wp-json\/wp\/v2\/posts"}],"about":[{"href":"https:\/\/elliberador.com\/index.php\/wp-json\/wp\/v2\/types\/post"}],"author":[{"embeddable":true,"href":"https:\/\/elliberador.com\/index.php\/wp-json\/wp\/v2\/users\/2"}],"replies":[{"embeddable":true,"href":"https:\/\/elliberador.com\/index.php\/wp-json\/wp\/v2\/comments?post=4390"}],"version-history":[{"count":1,"href":"https:\/\/elliberador.com\/index.php\/wp-json\/wp\/v2\/posts\/4390\/revisions"}],"predecessor-version":[{"id":4398,"href":"https:\/\/elliberador.com\/index.php\/wp-json\/wp\/v2\/posts\/4390\/revisions\/4398"}],"wp:featuredmedia":[{"embeddable":true,"href":"https:\/\/elliberador.com\/index.php\/wp-json\/wp\/v2\/media\/4402"}],"wp:attachment":[{"href":"https:\/\/elliberador.com\/index.php\/wp-json\/wp\/v2\/media?parent=4390"}],"wp:term":[{"taxonomy":"category","embeddable":true,"href":"https:\/\/elliberador.com\/index.php\/wp-json\/wp\/v2\/categories?post=4390"},{"taxonomy":"post_tag","embeddable":true,"href":"https:\/\/elliberador.com\/index.php\/wp-json\/wp\/v2\/tags?post=4390"}],"curies":[{"name":"wp","href":"https:\/\/api.w.org\/{rel}","templated":true}]}}