{"id":4403,"date":"2025-11-07T09:34:12","date_gmt":"2025-11-07T12:34:12","guid":{"rendered":"https:\/\/elliberador.com\/?p=4403"},"modified":"2025-11-07T09:34:14","modified_gmt":"2025-11-07T12:34:14","slug":"el-giro-historico-argentina-mejora-sus-terminos-de-intercambio-y-frena-el-deterioro-externo","status":"publish","type":"post","link":"https:\/\/elliberador.com\/index.php\/2025\/11\/07\/el-giro-historico-argentina-mejora-sus-terminos-de-intercambio-y-frena-el-deterioro-externo\/","title":{"rendered":"El giro hist\u00f3rico: Argentina mejora sus t\u00e9rminos de intercambio y frena el deterioro externo"},"content":{"rendered":"\n<h2 class=\"wp-block-heading\"><strong>1. Exportar m\u00e1s y mejor: se\u00f1ales de una econom\u00eda que despierta<\/strong><\/h2>\n\n\n\n<div class=\"wp-block-columns is-layout-flex wp-container-core-columns-is-layout-28f84493 wp-block-columns-is-layout-flex\">\n<div class=\"wp-block-column is-layout-flow wp-block-column-is-layout-flow\">\n<p>Los \u00faltimos datos del INDEC para el <strong>tercer trimestre de 2025<\/strong> marcan un punto de inflexi\u00f3n. Por primera vez en a\u00f1os, Argentina registra un <strong>aumento del \u00edndice de precios de exportaci\u00f3n del 0,8%<\/strong>, acompa\u00f1ado por un <strong>salto del 12,9% en las cantidades exportadas<\/strong>.<br>En palabras simples: se vende m\u00e1s y a mejor precio.<\/p>\n\n\n\n<p>El cambio no es casual. La apertura comercial, la reducci\u00f3n del intervencionismo estatal y el sinceramiento del tipo de cambio han devuelto previsibilidad y rentabilidad al sector exportador. Los <strong>productos primarios<\/strong> lideran con un alza de precios del <strong>2%<\/strong> y un asombroso crecimiento del <strong>32,3% en cantidades<\/strong>, demostrando que el campo \u2014liberado de trabas\u2014 vuelve a ser el motor genuino del pa\u00eds.<\/p>\n\n\n\n<p><\/p>\n<\/div>\n\n\n\n<div class=\"wp-block-column is-layout-flow wp-block-column-is-layout-flow\">\n<p>Incluso con un contexto global desafiante, la <strong>manufactura industrial (MOI)<\/strong> logr\u00f3 un aumento del <strong>6,6% en precios<\/strong>, evidencia de que la competitividad recuperada empieza a reflejarse en los sectores de mayor valor agregado. Argentina vuelve a vender trabajo argentino al mundo, no subsidios ni burocracia.<\/p>\n\n\n\n<figure class=\"wp-block-image size-large\"><img fetchpriority=\"high\" decoding=\"async\" width=\"1024\" height=\"601\" src=\"https:\/\/elliberador.com\/wp-content\/uploads\/2025\/11\/indice_precios_ecus-1-1024x601.png\" alt=\"\" class=\"wp-image-4415\" srcset=\"https:\/\/elliberador.com\/wp-content\/uploads\/2025\/11\/indice_precios_ecus-1-1024x601.png 1024w, https:\/\/elliberador.com\/wp-content\/uploads\/2025\/11\/indice_precios_ecus-1-300x176.png 300w, https:\/\/elliberador.com\/wp-content\/uploads\/2025\/11\/indice_precios_ecus-1-768x451.png 768w, https:\/\/elliberador.com\/wp-content\/uploads\/2025\/11\/indice_precios_ecus-1-1536x901.png 1536w, https:\/\/elliberador.com\/wp-content\/uploads\/2025\/11\/indice_precios_ecus-1-2048x1202.png 2048w\" sizes=\"(max-width: 1024px) 100vw, 1024px\" \/><\/figure>\n<\/div>\n<\/div>\n\n\n\n<div class=\"wp-block-columns is-layout-flex wp-container-core-columns-is-layout-28f84493 wp-block-columns-is-layout-flex\">\n<div class=\"wp-block-column is-layout-flow wp-block-column-is-layout-flow\">\n<figure class=\"wp-block-image size-large\"><img decoding=\"async\" width=\"1024\" height=\"599\" src=\"https:\/\/elliberador.com\/wp-content\/uploads\/2025\/11\/indice_cantidades_ecus-1024x599.png\" alt=\"\" class=\"wp-image-4405\" srcset=\"https:\/\/elliberador.com\/wp-content\/uploads\/2025\/11\/indice_cantidades_ecus-1024x599.png 1024w, https:\/\/elliberador.com\/wp-content\/uploads\/2025\/11\/indice_cantidades_ecus-300x175.png 300w, https:\/\/elliberador.com\/wp-content\/uploads\/2025\/11\/indice_cantidades_ecus-768x449.png 768w, https:\/\/elliberador.com\/wp-content\/uploads\/2025\/11\/indice_cantidades_ecus-1536x898.png 1536w, https:\/\/elliberador.com\/wp-content\/uploads\/2025\/11\/indice_cantidades_ecus-2048x1198.png 2048w\" sizes=\"(max-width: 1024px) 100vw, 1024px\" \/><\/figure>\n<\/div>\n\n\n\n<div class=\"wp-block-column is-layout-flow wp-block-column-is-layout-flow\">\n<figure class=\"wp-block-image size-large\"><img decoding=\"async\" width=\"1024\" height=\"710\" src=\"https:\/\/elliberador.com\/wp-content\/uploads\/2025\/11\/exportaciones_rubro_ecus-1024x710.png\" alt=\"\" class=\"wp-image-4406\" srcset=\"https:\/\/elliberador.com\/wp-content\/uploads\/2025\/11\/exportaciones_rubro_ecus-1024x710.png 1024w, https:\/\/elliberador.com\/wp-content\/uploads\/2025\/11\/exportaciones_rubro_ecus-300x208.png 300w, https:\/\/elliberador.com\/wp-content\/uploads\/2025\/11\/exportaciones_rubro_ecus-768x533.png 768w, https:\/\/elliberador.com\/wp-content\/uploads\/2025\/11\/exportaciones_rubro_ecus-1536x1065.png 1536w, https:\/\/elliberador.com\/wp-content\/uploads\/2025\/11\/exportaciones_rubro_ecus-2048x1420.png 2048w\" sizes=\"(max-width: 1024px) 100vw, 1024px\" \/><\/figure>\n<\/div>\n<\/div>\n\n\n\n<hr class=\"wp-block-separator has-alpha-channel-opacity\"\/>\n\n\n\n<h2 class=\"wp-block-heading\"><strong>2. Importaciones que se ordenan: eficiencia en lugar de derroche<\/strong><\/h2>\n\n\n\n<div class=\"wp-block-columns is-layout-flex wp-container-core-columns-is-layout-28f84493 wp-block-columns-is-layout-flex\">\n<div class=\"wp-block-column is-layout-flow wp-block-column-is-layout-flow\">\n<figure class=\"wp-block-image size-large\"><img loading=\"lazy\" decoding=\"async\" width=\"1024\" height=\"689\" src=\"https:\/\/elliberador.com\/wp-content\/uploads\/2025\/11\/importaciones_rubro_ecus-1024x689.png\" alt=\"\" class=\"wp-image-4407\" srcset=\"https:\/\/elliberador.com\/wp-content\/uploads\/2025\/11\/importaciones_rubro_ecus-1024x689.png 1024w, https:\/\/elliberador.com\/wp-content\/uploads\/2025\/11\/importaciones_rubro_ecus-300x202.png 300w, https:\/\/elliberador.com\/wp-content\/uploads\/2025\/11\/importaciones_rubro_ecus-768x517.png 768w, https:\/\/elliberador.com\/wp-content\/uploads\/2025\/11\/importaciones_rubro_ecus-1536x1034.png 1536w, https:\/\/elliberador.com\/wp-content\/uploads\/2025\/11\/importaciones_rubro_ecus-2048x1378.png 2048w\" sizes=\"(max-width: 1024px) 100vw, 1024px\" \/><\/figure>\n<\/div>\n\n\n\n<div class=\"wp-block-column is-layout-flow wp-block-column-is-layout-flow\">\n<figure class=\"wp-block-image size-large\"><img loading=\"lazy\" decoding=\"async\" width=\"1024\" height=\"673\" src=\"https:\/\/elliberador.com\/wp-content\/uploads\/2025\/11\/indices_acumulados_ecus-1024x673.png\" alt=\"\" class=\"wp-image-4408\" srcset=\"https:\/\/elliberador.com\/wp-content\/uploads\/2025\/11\/indices_acumulados_ecus-1024x673.png 1024w, https:\/\/elliberador.com\/wp-content\/uploads\/2025\/11\/indices_acumulados_ecus-300x197.png 300w, https:\/\/elliberador.com\/wp-content\/uploads\/2025\/11\/indices_acumulados_ecus-768x505.png 768w, https:\/\/elliberador.com\/wp-content\/uploads\/2025\/11\/indices_acumulados_ecus-1536x1009.png 1536w, https:\/\/elliberador.com\/wp-content\/uploads\/2025\/11\/indices_acumulados_ecus-2048x1345.png 2048w\" sizes=\"(max-width: 1024px) 100vw, 1024px\" \/><\/figure>\n<\/div>\n<\/div>\n\n\n\n<div class=\"wp-block-columns is-layout-flex wp-container-core-columns-is-layout-28f84493 wp-block-columns-is-layout-flex\">\n<div class=\"wp-block-column is-layout-flow wp-block-column-is-layout-flow\">\n<p>El otro dato clave es la ca\u00edda del <strong>\u00edndice de precios de importaci\u00f3n (-3,5%)<\/strong>. Es decir, el pa\u00eds importa m\u00e1s barato. Y no porque se frene la actividad \u2014todo lo contrario\u2014, sino porque las compras externas responden ahora a una l\u00f3gica de eficiencia productiva y no de consumo artificial financiado por d\u00e9ficit.<\/p>\n\n\n\n<p>La <strong>cantidad de importaciones<\/strong> creci\u00f3 un <strong>28,3%<\/strong>, impulsada por bienes de capital (+47,1%) y veh\u00edculos (+117,9%). En otras palabras, se importa para producir, no para especular. Las empresas vuelven a invertir y reponer maquinaria, en lugar de sobrevivir al cepo y la incertidumbre<\/p>\n<\/div>\n\n\n\n<div class=\"wp-block-column is-layout-flow wp-block-column-is-layout-flow\">\n<p>Adem\u00e1s, la fuerte baja de precios en rubros como <strong>combustibles y lubricantes (-18,2%)<\/strong> y <strong>bienes intermedios (-2,6%)<\/strong> mejora la estructura de costos industriales. Este reacomodamiento era impensable bajo el modelo de controles y subsidios cruzados que distorsionaban toda la cadena productiva<\/p>\n<\/div>\n<\/div>\n\n\n\n<hr class=\"wp-block-separator has-alpha-channel-opacity\"\/>\n\n\n\n<h2 class=\"wp-block-heading\"><strong>3. T\u00e9rminos de intercambio en alza: Milei pone fin al ciclo de deterioro<\/strong><\/h2>\n\n\n\n<div class=\"wp-block-columns is-layout-flex wp-container-core-columns-is-layout-28f84493 wp-block-columns-is-layout-flex\">\n<div class=\"wp-block-column is-layout-flow wp-block-column-is-layout-flow\">\n<p>El indicador m\u00e1s simb\u00f3lico de este cambio es el <strong>\u00edndice de los t\u00e9rminos del intercambio<\/strong>, que crece un <strong>4,5% interanual<\/strong>. En otras palabras, Argentina recibe m\u00e1s por lo que exporta y paga menos por lo que importa. Es el coraz\u00f3n del \u00e9xito macroecon\u00f3mico: una mejora en la capacidad de compra del pa\u00eds frente al resto del mundo.<\/p>\n\n\n\n<p>Durante a\u00f1os, el pa\u00eds padeci\u00f3 un deterioro sistem\u00e1tico de este \u00edndice, reflejo de pol\u00edticas de atraso cambiario, subsidios y trabas al comercio. Hoy, el equilibrio externo no depende de controles o prohibiciones, sino de <strong>competitividad genuina y disciplina fiscal<\/strong>.<\/p>\n<\/div>\n\n\n\n<div class=\"wp-block-column is-layout-flow wp-block-column-is-layout-flow\">\n<p>El acumulado a septiembre de 2025 lo confirma: mientras los precios de exportaci\u00f3n caen solo un <strong>0,3%<\/strong>, los de importaci\u00f3n bajan <strong>5,8%<\/strong>, generando una mejora neta del <strong>5,8% en los t\u00e9rminos del intercambio acumulado<\/strong>. Esa brecha es el reflejo concreto de una pol\u00edtica econ\u00f3mica que puso fin al despilfarro y prioriz\u00f3 el equilibrio real por encima del relato.<\/p>\n\n\n\n<figure class=\"wp-block-image size-large is-resized\"><img loading=\"lazy\" decoding=\"async\" width=\"1024\" height=\"606\" src=\"https:\/\/elliberador.com\/wp-content\/uploads\/2025\/11\/terminos_intercambio_ecus-1-1024x606.png\" alt=\"\" class=\"wp-image-4417\" style=\"width:306px;height:auto\" srcset=\"https:\/\/elliberador.com\/wp-content\/uploads\/2025\/11\/terminos_intercambio_ecus-1-1024x606.png 1024w, https:\/\/elliberador.com\/wp-content\/uploads\/2025\/11\/terminos_intercambio_ecus-1-300x177.png 300w, https:\/\/elliberador.com\/wp-content\/uploads\/2025\/11\/terminos_intercambio_ecus-1-768x454.png 768w, https:\/\/elliberador.com\/wp-content\/uploads\/2025\/11\/terminos_intercambio_ecus-1-1536x908.png 1536w, https:\/\/elliberador.com\/wp-content\/uploads\/2025\/11\/terminos_intercambio_ecus-1-2048x1211.png 2048w\" sizes=\"(max-width: 1024px) 100vw, 1024px\" \/><\/figure>\n<\/div>\n<\/div>\n\n\n\n<hr class=\"wp-block-separator has-alpha-channel-opacity\"\/>\n\n\n\n<p><strong>Conclusi\u00f3n: la econom\u00eda real empieza a premiar la libertad<\/strong><\/p>\n\n\n\n<div class=\"wp-block-columns is-layout-flex wp-container-core-columns-is-layout-28f84493 wp-block-columns-is-layout-flex\">\n<div class=\"wp-block-column is-layout-flow wp-block-column-is-layout-flow\">\n<figure class=\"wp-block-image size-large\"><img loading=\"lazy\" decoding=\"async\" width=\"1024\" height=\"597\" src=\"https:\/\/elliberador.com\/wp-content\/uploads\/2025\/11\/precios_cantidades_agrupadas_ecus-1024x597.png\" alt=\"\" class=\"wp-image-4410\" srcset=\"https:\/\/elliberador.com\/wp-content\/uploads\/2025\/11\/precios_cantidades_agrupadas_ecus-1024x597.png 1024w, https:\/\/elliberador.com\/wp-content\/uploads\/2025\/11\/precios_cantidades_agrupadas_ecus-300x175.png 300w, https:\/\/elliberador.com\/wp-content\/uploads\/2025\/11\/precios_cantidades_agrupadas_ecus-768x448.png 768w, https:\/\/elliberador.com\/wp-content\/uploads\/2025\/11\/precios_cantidades_agrupadas_ecus-1536x896.png 1536w, https:\/\/elliberador.com\/wp-content\/uploads\/2025\/11\/precios_cantidades_agrupadas_ecus-2048x1195.png 2048w\" sizes=\"(max-width: 1024px) 100vw, 1024px\" \/><\/figure>\n<\/div>\n\n\n\n<div class=\"wp-block-column is-layout-flow wp-block-column-is-layout-flow\">\n<figure class=\"wp-block-image size-large is-resized\"><img loading=\"lazy\" decoding=\"async\" width=\"1024\" height=\"804\" src=\"https:\/\/elliberador.com\/wp-content\/uploads\/2025\/11\/composicion_doble_anillo_ecus-1024x804.png\" alt=\"\" class=\"wp-image-4411\" style=\"width:352px;height:auto\" srcset=\"https:\/\/elliberador.com\/wp-content\/uploads\/2025\/11\/composicion_doble_anillo_ecus-1024x804.png 1024w, https:\/\/elliberador.com\/wp-content\/uploads\/2025\/11\/composicion_doble_anillo_ecus-300x236.png 300w, https:\/\/elliberador.com\/wp-content\/uploads\/2025\/11\/composicion_doble_anillo_ecus-768x603.png 768w, https:\/\/elliberador.com\/wp-content\/uploads\/2025\/11\/composicion_doble_anillo_ecus-1536x1206.png 1536w, https:\/\/elliberador.com\/wp-content\/uploads\/2025\/11\/composicion_doble_anillo_ecus-2048x1608.png 2048w\" sizes=\"(max-width: 1024px) 100vw, 1024px\" \/><\/figure>\n<\/div>\n<\/div>\n\n\n\n<p>Los nuevos datos del INDEC no son una casualidad estad\u00edstica, sino una validaci\u00f3n emp\u00edrica de que <strong>las reglas claras y el respeto al mercado funcionan<\/strong>. En apenas un a\u00f1o de gesti\u00f3n, la administraci\u00f3n Milei logr\u00f3 devolverle racionalidad al comercio exterior, fortalecer la oferta y recuperar la confianza de los productores y del mundo.<\/p>\n\n\n\n<p>El pa\u00eds exporta m\u00e1s, importa mejor y vuelve a generar super\u00e1vit de calidad. Argentina, por fin, comienza a vivir de su esfuerzo y no de su deuda.<br>El \u201c<strong><em>modelo de la libertad<\/em><\/strong>\u201d demuestra, con datos en mano, que el mercado no es el problema, sino la soluci\u00f3n.<\/p>\n\n\n\n<p>\u2014 Ecus<br><em>La libertad no se mendiga, se ejerce<\/em><\/p>\n","protected":false},"excerpt":{"rendered":"<p>Los precios del comercio exterior confirman el cambio de rumbo econ\u00f3mico impulsado por Milei<\/p>\n","protected":false},"author":2,"featured_media":4419,"comment_status":"open","ping_status":"open","sticky":false,"template":"","format":"standard","meta":{"_acf_changed":false,"advanced_seo_description":"El informe del INDEC de octubre 2025 confirma el giro econ\u00f3mico de Javier Milei: suben las exportaciones, bajan los precios de importaci\u00f3n y mejoran los t\u00e9rminos de intercambio. Argentina recupera competitividad real y equilibrio externo gracias a pol\u00edticas liberales y de apertura","jetpack_seo_html_title":"El giro econ\u00f3mico de Milei: Argentina mejora sus t\u00e9rminos de intercambio y consolida su recuperaci\u00f3n exportadora","jetpack_seo_noindex":false,"_jetpack_memberships_contains_paid_content":false,"footnotes":""},"categories":[2],"tags":[20,47,56],"class_list":["post-4403","post","type-post","status-publish","format-standard","has-post-thumbnail","hentry","category-economia","tag-destacados","tag-la-libertad-avanza","tag-milei"],"acf":[],"jetpack_featured_media_url":"https:\/\/elliberador.com\/wp-content\/uploads\/2025\/11\/IndiceDePrecios-Vol9-1.jpg","jetpack_sharing_enabled":true,"_links":{"self":[{"href":"https:\/\/elliberador.com\/index.php\/wp-json\/wp\/v2\/posts\/4403","targetHints":{"allow":["GET"]}}],"collection":[{"href":"https:\/\/elliberador.com\/index.php\/wp-json\/wp\/v2\/posts"}],"about":[{"href":"https:\/\/elliberador.com\/index.php\/wp-json\/wp\/v2\/types\/post"}],"author":[{"embeddable":true,"href":"https:\/\/elliberador.com\/index.php\/wp-json\/wp\/v2\/users\/2"}],"replies":[{"embeddable":true,"href":"https:\/\/elliberador.com\/index.php\/wp-json\/wp\/v2\/comments?post=4403"}],"version-history":[{"count":6,"href":"https:\/\/elliberador.com\/index.php\/wp-json\/wp\/v2\/posts\/4403\/revisions"}],"predecessor-version":[{"id":4421,"href":"https:\/\/elliberador.com\/index.php\/wp-json\/wp\/v2\/posts\/4403\/revisions\/4421"}],"wp:featuredmedia":[{"embeddable":true,"href":"https:\/\/elliberador.com\/index.php\/wp-json\/wp\/v2\/media\/4419"}],"wp:attachment":[{"href":"https:\/\/elliberador.com\/index.php\/wp-json\/wp\/v2\/media?parent=4403"}],"wp:term":[{"taxonomy":"category","embeddable":true,"href":"https:\/\/elliberador.com\/index.php\/wp-json\/wp\/v2\/categories?post=4403"},{"taxonomy":"post_tag","embeddable":true,"href":"https:\/\/elliberador.com\/index.php\/wp-json\/wp\/v2\/tags?post=4403"}],"curies":[{"name":"wp","href":"https:\/\/api.w.org\/{rel}","templated":true}]}}