{"id":4422,"date":"2025-11-07T11:53:34","date_gmt":"2025-11-07T14:53:34","guid":{"rendered":"https:\/\/elliberador.com\/?p=4422"},"modified":"2025-11-07T11:53:36","modified_gmt":"2025-11-07T14:53:36","slug":"milei-y-el-renacer-del-capitalismo-moral-argentina-se-reencuentra-con-su-destino","status":"publish","type":"post","link":"https:\/\/elliberador.com\/index.php\/2025\/11\/07\/milei-y-el-renacer-del-capitalismo-moral-argentina-se-reencuentra-con-su-destino\/","title":{"rendered":"Milei y el renacer del capitalismo moral: Argentina se reencuentra con su destino"},"content":{"rendered":"\n<h2 class=\"wp-block-heading\"><strong>El capitalismo como justicia, no como necesidad<\/strong><\/h2>\n\n\n\n<p>\u201c<strong>El capitalismo no es un mal necesario. Es la consecuencia natural de la dignidad y la libertad del hombre<\/strong>\u201d, sentenci\u00f3 Javier Milei ante un auditorio colmado de empresarios, pol\u00edticos y l\u00edderes internacionales.<br>La frase resume el coraz\u00f3n filos\u00f3fico de su discurso: el capitalismo no es solo un modelo econ\u00f3mico, sino la expresi\u00f3n moral de la libertad humana.<\/p>\n\n\n\n<p>El mandatario argentino reivindic\u00f3 la <strong>propiedad privada, el libre mercado y la competencia<\/strong> como pilares de la civilizaci\u00f3n occidental. Citando a pensadores como <strong>Israel Kirzner, Hayek y Huerta de Soto<\/strong>, Milei desmont\u00f3 la narrativa estatista que presenta al Estado como garante de justicia social.<br>Para \u00e9l, ese discurso \u201ces la coartada moral del socialismo para justificar la esclavitud moderna\u201d.<\/p>\n\n\n\n<blockquote class=\"wp-block-quote is-layout-flow wp-block-quote-is-layout-flow\">\n<p>\u201cCuando el Estado se apropia del fruto del trabajo de los ciudadanos, deja de protegerlos y pasa a esclavizarlos.\u201d<\/p>\n<\/blockquote>\n\n\n\n<p>Milei fue m\u00e1s all\u00e1 de la defensa t\u00e9cnica del libre mercado: elev\u00f3 la causa liberal al terreno \u00e9tico, afirmando que <strong>solo un sistema fundado en la libertad y la responsabilidad individual puede ser moralmente justo<\/strong>.<br>El capitalismo, explic\u00f3, \u201clogr\u00f3 sacar a millones de personas de la pobreza no a pesar de su moralidad, sino gracias a ella\u201d.<\/p>\n\n\n\n<hr class=\"wp-block-separator has-alpha-channel-opacity\"\/>\n\n\n\n<h2 class=\"wp-block-heading\"><strong>Un cambio de paradigma para Argentina<\/strong><\/h2>\n\n\n\n<p>El presidente no se limit\u00f3 a la teor\u00eda. Habl\u00f3 de su pa\u00eds como el laboratorio vivo de esta batalla cultural y econ\u00f3mica.<br>Record\u00f3 que su victoria electoral represent\u00f3 <strong>un plebiscito entre dos modelos<\/strong>: la libertad o la servidumbre, el capitalismo o el estatismo.<\/p>\n\n\n\n<p>Con tono desafiante, apunt\u00f3 contra la vieja clase pol\u00edtica: \u201c<strong>Argentina le dijo que no a la locura del socialismo del siglo XXI.<\/strong>\u201d<br>Milei se\u00f1al\u00f3 que el \u00e9xito reciente de los mercados \u2014con subas hist\u00f3ricas y una fuerte ca\u00edda del riesgo pa\u00eds\u2014 demuestra que el camino del orden fiscal, la desregulaci\u00f3n y la confianza en el sector privado <strong>empieza a rendir frutos concretos<\/strong>.<\/p>\n\n\n\n<p>Denunci\u00f3, sin rodeos, la existencia del \u201criesgo cuca\u201d, la versi\u00f3n local del riesgo pol\u00edtico asociado al kirchnerismo, responsable \u2014seg\u00fan \u00e9l\u2014 de d\u00e9cadas de atraso, inflaci\u00f3n y fuga de capitales.<\/p>\n\n\n\n<blockquote class=\"wp-block-quote is-layout-flow wp-block-quote-is-layout-flow\">\n<p>\u201cPor culpa del Estado presente, Argentina pas\u00f3 de ser un faro de prosperidad a un experimento de miseria planificada.\u201d<\/p>\n<\/blockquote>\n\n\n\n<hr class=\"wp-block-separator has-alpha-channel-opacity\"\/>\n\n\n\n<h2 class=\"wp-block-heading\"><strong>Reformas: una agenda de libertad y eficiencia<\/strong><\/h2>\n\n\n\n<p>Milei enumer\u00f3 su hoja de ruta con claridad quir\u00fargica.<br>Su programa de gobierno gira alrededor de <strong>tres ejes estructurales<\/strong>:<\/p>\n\n\n\n<ol start=\"1\" class=\"wp-block-list\">\n<li><strong>Orden fiscal innegociable.<\/strong><br>\u201cEl super\u00e1vit es moral antes que contable\u201d, dijo, recordando que el equilibrio del Estado no es una cuesti\u00f3n t\u00e9cnica sino \u00e9tica.<\/li>\n\n\n\n<li><strong>Modernizaci\u00f3n laboral y desregulaci\u00f3n.<\/strong><br>Argentina, asegur\u00f3, necesita un marco que premie la productividad y libere a los trabajadores del corset burocr\u00e1tico.<\/li>\n\n\n\n<li><strong>Reforma penal.<\/strong><br>\u201cNo hay crecimiento sin defensa de la vida y la propiedad\u201d, sostuvo. \u201c<strong>En Argentina, el que las hace, las paga.<\/strong>\u201d<\/li>\n<\/ol>\n\n\n\n<p>El presidente ve en estas transformaciones el inicio de una <strong>revoluci\u00f3n capitalista pac\u00edfica<\/strong>, destinada a quebrar el modelo rentista y parasitario que durante a\u00f1os impidi\u00f3 el desarrollo del pa\u00eds.<\/p>\n\n\n\n<hr class=\"wp-block-separator has-alpha-channel-opacity\"\/>\n\n\n\n<p><strong>La Argentina que vuelve al mundo<\/strong><\/p>\n\n\n\n<p>En materia de pol\u00edtica exterior, Milei adopt\u00f3 un tono abiertamente occidentalista y promercado.<br>Agradeci\u00f3 a <strong>Donald Trump<\/strong> por el acuerdo que cuadruplic\u00f3 la cuota de exportaci\u00f3n de carne argentina hacia Estados Unidos y destac\u00f3 el potencial productivo del pa\u00eds: energ\u00eda, miner\u00eda, agroindustria, tecnolog\u00eda y servicios.<\/p>\n\n\n\n<blockquote class=\"wp-block-quote is-layout-flow wp-block-quote-is-layout-flow\">\n<p>\u201c<strong>Tenemos casi el mismo n\u00famero de cabezas de ganado que hace 30 a\u00f1os. Es una locura para un pa\u00eds que produce la mejor carne del mundo.<\/strong>\u201d<\/p>\n<\/blockquote>\n\n\n\n<p>La frase sintetiza su diagn\u00f3stico: Argentina no sufre por falta de recursos, sino por exceso de intervenci\u00f3n estatal y pol\u00edticas erradas.<\/p>\n\n\n\n<p>El mandatario revel\u00f3 que en el \u00faltimo a\u00f1o se anunciaron <strong>m\u00e1s de 100 mil millones de d\u00f3lares en inversiones<\/strong>, de los cuales 50 mil ya est\u00e1n en proceso de aprobaci\u00f3n.<br>Seg\u00fan Milei, este flujo marca el <strong>inicio de una nueva era de confianza internacional<\/strong>, cimentada en la estabilidad macroecon\u00f3mica y en la seguridad jur\u00eddica.<\/p>\n\n\n\n<blockquote class=\"wp-block-quote is-layout-flow wp-block-quote-is-layout-flow\">\n<p>\u201cPor primera vez en d\u00e9cadas, Argentina tiene los incentivos correctos para crecer.\u201d<\/p>\n<\/blockquote>\n\n\n\n<hr class=\"wp-block-separator has-alpha-channel-opacity\"\/>\n\n\n\n<h2 class=\"wp-block-heading\"><strong>Una cruzada moral y pol\u00edtica<\/strong><\/h2>\n\n\n\n<p>El cierre del discurso fue una arenga.<br>Milei habl\u00f3 de <strong>reconstrucci\u00f3n nacional<\/strong>, de devolver a los argentinos la fe en la libertad y la responsabilidad individual.<br>Plante\u00f3 que dos de cada tres ciudadanos ya respaldan, con matices, alguna versi\u00f3n del capitalismo y que su deber es <strong>construir una gran coalici\u00f3n liberal<\/strong> que alinee a todos los sectores productivos.<\/p>\n\n\n\n<blockquote class=\"wp-block-quote is-layout-flow wp-block-quote-is-layout-flow\">\n<p>\u201cCuando ustedes hacen lo que es justo y \u00e9ticamente correcto, el pa\u00eds prospera.\u201d<\/p>\n<\/blockquote>\n\n\n\n<p>En su visi\u00f3n, la Argentina no solo debe crecer econ\u00f3micamente: debe <strong>volver a ser un faro para Occidente<\/strong>, un recordatorio de que el progreso surge del esfuerzo, la competencia y el m\u00e9rito, no de la d\u00e1diva estatal.<\/p>\n\n\n\n<hr class=\"wp-block-separator has-alpha-channel-opacity\"\/>\n\n\n\n<h2 class=\"wp-block-heading\"><strong>El renacer de una idea<\/strong><\/h2>\n\n\n\n<p>Milei cerr\u00f3 con una promesa y una advertencia:<\/p>\n\n\n\n<blockquote class=\"wp-block-quote is-layout-flow wp-block-quote-is-layout-flow\">\n<p>\u201c<strong>El Estado presente es una ilusi\u00f3n: te da bienestar hoy a costa de destruir el bienestar de ma\u00f1ana.<\/strong>\u201d<\/p>\n<\/blockquote>\n\n\n\n<p>Con esa frase marc\u00f3 su distancia definitiva del populismo y ratific\u00f3 su convicci\u00f3n de que la prosperidad solo puede surgir de la libertad.<\/p>\n\n\n\n<p>En una \u00e9poca en que muchos gobiernos dudan entre el mercado y la intervenci\u00f3n, Milei elige sin titubeos el camino de la <strong>libertad econ\u00f3mica como principio moral y destino hist\u00f3rico<\/strong>.<br>Argentina, dijo, ha comenzado una traves\u00eda \u201cirreversible\u201d hacia la grandeza.<br>Y si su diagn\u00f3stico se cumple, ser\u00e1 un pa\u00eds que <strong>abandone el lamento y abrace el m\u00e9rito<\/strong> \u2014el pa\u00eds que vuelve a creer en s\u00ed mismo.<\/p>\n\n\n\n<p>\u2014 Ecus<br><em>La libertad no se mendiga, se ejerce<\/em><\/p>\n","protected":false},"excerpt":{"rendered":"<p>En el American Business Forum, Javier Milei despleg\u00f3 una defensa apasionada del capitalismo como sistema moral, \u00e9tico y eficiente. Entre elogios a Donald Trump y gui\u00f1os a Lionel Messi, el presidente argentino ratific\u00f3 su cruzada contra el estatismo, su visi\u00f3n liberal del mundo y un programa de reformas que apunta a devolver a la Argentina al camino de la grandeza.<\/p>\n","protected":false},"author":2,"featured_media":4423,"comment_status":"open","ping_status":"open","sticky":false,"template":"","format":"standard","meta":{"_acf_changed":false,"advanced_seo_description":"Milei defiende el capitalismo como sistema moral y camino de libertad para reconstruir la Argentina sobre el m\u00e9rito y la responsabilidad individual.","jetpack_seo_html_title":"Milei y el renacer del capitalismo moral en Argentina","jetpack_seo_noindex":false,"_jetpack_memberships_contains_paid_content":false,"footnotes":""},"categories":[4],"tags":[20],"class_list":["post-4422","post","type-post","status-publish","format-standard","has-post-thumbnail","hentry","category-politica","tag-destacados"],"acf":[],"jetpack_featured_media_url":"https:\/\/elliberador.com\/wp-content\/uploads\/2025\/11\/milei_miami.jpg","jetpack_sharing_enabled":true,"_links":{"self":[{"href":"https:\/\/elliberador.com\/index.php\/wp-json\/wp\/v2\/posts\/4422","targetHints":{"allow":["GET"]}}],"collection":[{"href":"https:\/\/elliberador.com\/index.php\/wp-json\/wp\/v2\/posts"}],"about":[{"href":"https:\/\/elliberador.com\/index.php\/wp-json\/wp\/v2\/types\/post"}],"author":[{"embeddable":true,"href":"https:\/\/elliberador.com\/index.php\/wp-json\/wp\/v2\/users\/2"}],"replies":[{"embeddable":true,"href":"https:\/\/elliberador.com\/index.php\/wp-json\/wp\/v2\/comments?post=4422"}],"version-history":[{"count":2,"href":"https:\/\/elliberador.com\/index.php\/wp-json\/wp\/v2\/posts\/4422\/revisions"}],"predecessor-version":[{"id":4425,"href":"https:\/\/elliberador.com\/index.php\/wp-json\/wp\/v2\/posts\/4422\/revisions\/4425"}],"wp:featuredmedia":[{"embeddable":true,"href":"https:\/\/elliberador.com\/index.php\/wp-json\/wp\/v2\/media\/4423"}],"wp:attachment":[{"href":"https:\/\/elliberador.com\/index.php\/wp-json\/wp\/v2\/media?parent=4422"}],"wp:term":[{"taxonomy":"category","embeddable":true,"href":"https:\/\/elliberador.com\/index.php\/wp-json\/wp\/v2\/categories?post=4422"},{"taxonomy":"post_tag","embeddable":true,"href":"https:\/\/elliberador.com\/index.php\/wp-json\/wp\/v2\/tags?post=4422"}],"curies":[{"name":"wp","href":"https:\/\/api.w.org\/{rel}","templated":true}]}}