{"id":4426,"date":"2025-11-07T17:55:44","date_gmt":"2025-11-07T20:55:44","guid":{"rendered":"https:\/\/elliberador.com\/?p=4426"},"modified":"2025-11-07T19:19:19","modified_gmt":"2025-11-07T22:19:19","slug":"clausuran-la-fundacion-valdocco-en-chaco-por-irregularidades-en-el-manejo-de-fondos-publicos-otra-causa-de-corrupcion-en-el-kirchnerismo","status":"publish","type":"post","link":"https:\/\/elliberador.com\/index.php\/2025\/11\/07\/clausuran-la-fundacion-valdocco-en-chaco-por-irregularidades-en-el-manejo-de-fondos-publicos-otra-causa-de-corrupcion-en-el-kirchnerismo\/","title":{"rendered":"Diputado kirchnerista de Santa Cruz implicado en sueldos por duplicado por medio de su fundaci\u00f3n ahora clausurada en Chaco"},"content":{"rendered":"\n<figure class=\"wp-block-video\"><video height=\"898\" style=\"aspect-ratio: 716 \/ 898;\" width=\"716\" controls src=\"https:\/\/elliberador.com\/wp-content\/uploads\/2025\/11\/Clausuran-la-Fundacion-Valdocco-en-Chaco.mp4\"><\/video><\/figure>\n\n\n\n<p>El gobierno chaque\u00f1o dispuso el cierre definitivo de la entidad dirigida por el sacerdote y diputado electo Juan Carlos Molina. Detectaron sueldos duplicados, falta de documentaci\u00f3n docente y el uso indebido de m\u00e1s de $120 millones mensuales.<\/p>\n\n\n\n<p>El Gobierno de la provincia del Chaco, a trav\u00e9s del Ministerio de Educaci\u00f3n, orden\u00f3 la clausura de la Fundaci\u00f3n Valdocco, dirigida por el sacerdote y diputado nacional electo por Santa Cruz, Juan Carlos Molina, tras detectar m\u00faltiples irregularidades en la administraci\u00f3n de fondos p\u00fablicos.<\/p>\n\n\n\n<p>Seg\u00fan explic\u00f3 la ministra de Educaci\u00f3n, Sof\u00eda Naidenoff, la fundaci\u00f3n recib\u00eda m\u00e1s de $124 millones mensuales en subsidios estatales destinados al pago de salarios de unos 70 docentes. Sin embargo, las auditor\u00edas revelaron que gran parte del personal cobraba sueldos en simult\u00e1neo en Chaco y en Santa Cruz, y que muchos no resid\u00edan en territorio chaque\u00f1o.<\/p>\n\n\n\n<p>\u201cConstatamos que 78 docentes figuraban con doble salario, algunos radicados en otras provincias, e incluso en Buenos Aires\u201d, se\u00f1al\u00f3 Naidenoff. Adem\u00e1s, las inspecciones detectaron la falta de documentaci\u00f3n pedag\u00f3gica, la inexistencia de alumnos en una de las sedes y el uso sin justificar de los fondos transferidos por el Estado provincial.<\/p>\n\n\n\n<p>V\u00ednculos pol\u00edticos y antecedentes en Santa Cruz<\/p>\n\n\n\n<p>La Fundaci\u00f3n Valdocco, con sede principal en Santa Cruz, fue fundada y dirigida por el cura Juan Carlos Molina, un dirigente identificado con el kirchnerismo. Molina fue titular de la Sedronar durante la presidencia de Cristina Fern\u00e1ndez de Kirchner y mantiene una relaci\u00f3n cercana con M\u00e1ximo Kirchner y referentes de La C\u00e1mpora.<\/p>\n\n\n\n<p>En octubre pasado, fue electo diputado nacional por Santa Cruz, encabezando la lista que impuls\u00f3 el kirchnerismo provincial.<\/p>\n\n\n\n<p>El caso de Chaco replica una situaci\u00f3n similar en Santa Cruz, donde la misma organizaci\u00f3n enfrenta denuncias judiciales por trata de personas, asociaci\u00f3n il\u00edcita y desv\u00edo de fondos p\u00fablicos. En ambas provincias, las investigaciones detectaron pagos de sueldos duplicados y falta de documentaci\u00f3n respaldatoria sobre la prestaci\u00f3n de servicios educativos.<\/p>\n\n\n\n<p>La clausura de Valdocco en Chaco se suma a una serie de investigaciones abiertas en distintas jurisdicciones que involucran a fundaciones y programas sociales vinculados a referentes del kirchnerismo.<\/p>\n\n\n\n<p>El caso refuerza el foco sobre el uso de fondos estatales por parte de organizaciones con v\u00ednculos pol\u00edticos, y abre un nuevo frente judicial para el kirchnerismo que vuelve a quedar bajo la lupa por irregularidades en la administraci\u00f3n p\u00fablica.<\/p>\n","protected":false},"excerpt":{"rendered":"<p>El gobierno chaque\u00f1o clausur\u00f3 la Fundaci\u00f3n Valdocco por sueldos duplicados, falta de documentaci\u00f3n docente y uso indebido de fondos p\u00fablicos.<\/p>\n","protected":false},"author":2,"featured_media":4432,"comment_status":"open","ping_status":"open","sticky":false,"template":"","format":"standard","meta":{"_acf_changed":false,"advanced_seo_description":"El gobierno chaque\u00f1o clausur\u00f3 la Fundaci\u00f3n Valdocco por sueldos duplicados, falta de documentaci\u00f3n docente y uso indebido de fondos p\u00fablicos.","jetpack_seo_html_title":"Cierre de la Fundaci\u00f3n Valdocco por fraude y sueldos duplicados","jetpack_seo_noindex":false,"_jetpack_memberships_contains_paid_content":false,"footnotes":""},"categories":[4],"tags":[242,247,51,20,245,253,243,250,241,246,244,249,251,252,248],"class_list":["post-4426","post","type-post","status-publish","format-standard","has-post-thumbnail","hentry","category-politica","tag-chaco","tag-cierre","tag-corrupcion","tag-destacados","tag-educacion","tag-fraude","tag-fundacion-valdocco","tag-irregularidades","tag-juan-carlos-molina","tag-kirchnerismo","tag-la-campora","tag-maximo-kirchner","tag-santa-cruz","tag-subsidios","tag-sueldos-duplicados"],"acf":[],"jetpack_featured_media_url":"https:\/\/elliberador.com\/wp-content\/uploads\/2025\/11\/Fun-voldoco.png","jetpack_sharing_enabled":true,"_links":{"self":[{"href":"https:\/\/elliberador.com\/index.php\/wp-json\/wp\/v2\/posts\/4426","targetHints":{"allow":["GET"]}}],"collection":[{"href":"https:\/\/elliberador.com\/index.php\/wp-json\/wp\/v2\/posts"}],"about":[{"href":"https:\/\/elliberador.com\/index.php\/wp-json\/wp\/v2\/types\/post"}],"author":[{"embeddable":true,"href":"https:\/\/elliberador.com\/index.php\/wp-json\/wp\/v2\/users\/2"}],"replies":[{"embeddable":true,"href":"https:\/\/elliberador.com\/index.php\/wp-json\/wp\/v2\/comments?post=4426"}],"version-history":[{"count":3,"href":"https:\/\/elliberador.com\/index.php\/wp-json\/wp\/v2\/posts\/4426\/revisions"}],"predecessor-version":[{"id":4434,"href":"https:\/\/elliberador.com\/index.php\/wp-json\/wp\/v2\/posts\/4426\/revisions\/4434"}],"wp:featuredmedia":[{"embeddable":true,"href":"https:\/\/elliberador.com\/index.php\/wp-json\/wp\/v2\/media\/4432"}],"wp:attachment":[{"href":"https:\/\/elliberador.com\/index.php\/wp-json\/wp\/v2\/media?parent=4426"}],"wp:term":[{"taxonomy":"category","embeddable":true,"href":"https:\/\/elliberador.com\/index.php\/wp-json\/wp\/v2\/categories?post=4426"},{"taxonomy":"post_tag","embeddable":true,"href":"https:\/\/elliberador.com\/index.php\/wp-json\/wp\/v2\/tags?post=4426"}],"curies":[{"name":"wp","href":"https:\/\/api.w.org\/{rel}","templated":true}]}}