{"id":4445,"date":"2025-11-09T15:41:27","date_gmt":"2025-11-09T18:41:27","guid":{"rendered":"https:\/\/elliberador.com\/?p=4445"},"modified":"2025-11-09T16:13:36","modified_gmt":"2025-11-09T19:13:36","slug":"pullaro-decreta-violar-su-propia-constitucion-la-trampa-de-la-ia-auditable-en-santa-fe","status":"publish","type":"post","link":"https:\/\/elliberador.com\/index.php\/2025\/11\/09\/pullaro-decreta-violar-su-propia-constitucion-la-trampa-de-la-ia-auditable-en-santa-fe\/","title":{"rendered":"Pullaro decreta violar su propia Constituci\u00f3n: la trampa de la \u201cIA auditable\u201d en Santa Fe"},"content":{"rendered":"\n<p>Apenas unos meses despu\u00e9s de impulsar con bombos y platillos una reforma constitucional que exig\u00eda <strong>sistemas algor\u00edtmicos transparentes y auditables<\/strong>, el gobernador Maximiliano Pullaro firma un decreto que hace exactamente lo contrario: habilita el uso de <strong>inteligencia artificial generativa opaca, privada y no auditable<\/strong> en toda la administraci\u00f3n p\u00fablica santafesina. Y lo hace, adem\u00e1s, escud\u00e1ndose en el mismo art\u00edculo que est\u00e1 vulnerando.<\/p>\n\n\n\n<p>Detr\u00e1s de la ret\u00f3rica \u201cmoderna\u201d sobre innovaci\u00f3n y eficiencia, el Decreto 2726\/25 del 3 de noviembre \u2013y su \u201cProtocolo para la Adopci\u00f3n y Uso de Tecnolog\u00edas de Inteligencia Artificial Generativa\u201d\u2013 abre la puerta a un sistema peligroso en tres planos: <strong>jur\u00eddico (inconstitucional), tecnol\u00f3gico (in-auditable) y pol\u00edtico (captura cognitiva y negocio para pocos)<\/strong>.<\/p>\n\n\n\n<div data-wp-interactive=\"core\/file\" class=\"wp-block-file\"><object data-wp-bind--hidden=\"!state.hasPdfPreview\" hidden class=\"wp-block-file__embed\" data=\"https:\/\/elliberador.com\/wp-content\/uploads\/2025\/11\/decreto-pullaro-ia.pdf\" type=\"application\/pdf\" style=\"width:100%;height:600px\" aria-label=\"Incrustado de decreto pullaro ia.\"><\/object><a id=\"wp-block-file--media-e24cc130-0e32-416c-936f-63263248ec91\" href=\"https:\/\/elliberador.com\/wp-content\/uploads\/2025\/11\/decreto-pullaro-ia.pdf\">decreto pullaro ia<\/a><a href=\"https:\/\/elliberador.com\/wp-content\/uploads\/2025\/11\/decreto-pullaro-ia.pdf\" class=\"wp-block-file__button wp-element-button\" download aria-describedby=\"wp-block-file--media-e24cc130-0e32-416c-936f-63263248ec91\">Descarga<\/a><\/div>\n\n\n\n<hr class=\"wp-block-separator has-alpha-channel-opacity\"\/>\n\n\n\n<h2 class=\"wp-block-heading\">De la cl\u00e1usula de garant\u00eda al decreto contradictorio<\/h2>\n\n\n\n<p>La Constituci\u00f3n reformada de Santa Fe incorpor\u00f3 en su Art\u00edculo 29 un mandato categ\u00f3rico: la Provincia y quienes presten servicios de inter\u00e9s p\u00fablico deben <strong>adoptar sistemas algor\u00edtmicos transparentes y auditables, con evaluaci\u00f3n de impacto y resguardo frente a sesgos<\/strong>. Ese est\u00e1ndar, presentado como avance \u201cprogresista\u201d por el propio oficialismo, de hecho implicaba dejar afuera a los grandes modelos de IA generativa tipo ChatGPT, Gemini u otros equivalentes cerrados, cuya l\u00f3gica interna no puede auditarse.<\/p>\n\n\n\n<p>El nuevo decreto reconoce expl\u00edcitamente esa cl\u00e1usula\u2026 y en el mismo movimiento la vac\u00eda de contenido. Aprueba el uso de IAs generativas conversacionales en toda la administraci\u00f3n, apoy\u00e1ndose en la promesa de que ser\u00e1n \u201ctransparentes, explicables y auditables\u201d seg\u00fan el Protocolo.<\/p>\n\n\n\n<p>Pero lo que el texto hace en la pr\u00e1ctica es <strong>cambiar el objeto de la auditor\u00eda<\/strong>: no se audita la IA, sino al empleado. No se controla el modelo, sino si el agente \u201csigui\u00f3 el protocolo\u201d. La supuesta \u201cIA auditable\u201d se convierte en un <strong>trabajador expuesto y un proveedor blindado<\/strong>.<\/p>\n\n\n\n<p>Mientras tanto, no es un detalle menor: <strong>todo el bloque de La Libertad Avanza vot\u00f3 en contra de la cl\u00e1usula que restring\u00eda el uso de IA<\/strong> en la reforma, advirtiendo justamente sobre el desprop\u00f3sito de legislar primero contra la herramienta y luego correr detr\u00e1s del problema. Hoy el propio gobierno que impuls\u00f3 esa redacci\u00f3n se ve obligado a violarla por decreto.<\/p>\n\n\n\n<hr class=\"wp-block-separator has-alpha-channel-opacity\"\/>\n\n\n\n<h2 class=\"wp-block-heading\">La farsa de la \u201cIA auditable\u201d<\/h2>\n\n\n\n<p><strong>La Dra. Claudia Guardia, especialista en inteligencia artificial<\/strong>, lo explica con claridad: los modelos de IA generativa son <strong>cajas negras<\/strong>. No se puede seguir, paso a paso, c\u00f3mo llegaron a una respuesta; no se puede reconstruir qu\u00e9 dato entrenado activ\u00f3 qu\u00e9 conexi\u00f3n; no se puede verificar si detr\u00e1s hubo sesgos, recortes, presiones o simples errores estad\u00edsticos.<\/p>\n\n\n\n<p>El Protocolo santafesino proclama que todo sistema utilizado \u201cdeber\u00e1 ser transparente, explicable y auditable\u201d, pero al mismo tiempo aclara que esto no implica abrir el c\u00f3digo, ni la arquitectura, ni los datos de entrenamiento del proveedor. Es decir: la parte verdaderamente relevante de la IA sigue cerrada. Lo \u00fanico \u201cauditable\u201d es el formulario donde el agente tilda que us\u00f3 IA y firma que la supervis\u00f3.<\/p>\n\n\n\n<p>La consecuencia es obvia:<\/p>\n\n\n\n<ul class=\"wp-block-list\">\n<li><strong>Auditor\u00eda de proceso (legalista):<\/strong> \u201c\u00bfEl agente us\u00f3 IA seg\u00fan el protocolo? \u00bfFirm\u00f3 que la supervis\u00f3?\u201d. Eso s\u00ed es auditable.<\/li>\n\n\n\n<li><strong>Auditor\u00eda de influencia (el problema real):<\/strong> \u201c\u00bfLa IA sesg\u00f3 sutilmente la decisi\u00f3n hacia la conveniencia del gobierno o de un proveedor?\u201d. Eso, con la tecnolog\u00eda actual y bajo contratos cerrados, es <strong>t\u00e9cnicamente in-auditable<\/strong>.<\/li>\n<\/ul>\n\n\n\n<p>Prometer trazabilidad plena donde no la hay no es solo un error t\u00e9cnico: es <strong>enga\u00f1o normativo<\/strong> para maquillar la inconstitucionalidad.<\/p>\n\n\n\n<div data-wp-interactive=\"core\/file\" class=\"wp-block-file\"><object data-wp-bind--hidden=\"!state.hasPdfPreview\" hidden class=\"wp-block-file__embed\" data=\"https:\/\/elliberador.com\/wp-content\/uploads\/2025\/11\/protocolo-ia-santa-fe.pdf\" type=\"application\/pdf\" style=\"width:100%;height:600px\" aria-label=\"Incrustado de protocolo ia santa fe.\"><\/object><a id=\"wp-block-file--media-d519f85b-4504-49b6-bb56-88f7a4dc1d1f\" href=\"https:\/\/elliberador.com\/wp-content\/uploads\/2025\/11\/protocolo-ia-santa-fe.pdf\">protocolo ia santa fe<\/a><a href=\"https:\/\/elliberador.com\/wp-content\/uploads\/2025\/11\/protocolo-ia-santa-fe.pdf\" class=\"wp-block-file__button wp-element-button\" download aria-describedby=\"wp-block-file--media-d519f85b-4504-49b6-bb56-88f7a4dc1d1f\">Descarga<\/a><\/div>\n\n\n\n<hr class=\"wp-block-separator has-alpha-channel-opacity\"\/>\n\n\n\n<h2 class=\"wp-block-heading\">El eslab\u00f3n m\u00e1s d\u00e9bil: el auditor humano como chivo expiatorio<\/h2>\n\n\n\n<p>El decreto conf\u00eda todo en la \u201cSupervisi\u00f3n Humana Significativa y Competente\u201d. En el papel suena impecable. En la realidad administrativa es una invitaci\u00f3n al desastre.<\/p>\n\n\n\n<ol class=\"wp-block-list\">\n<li><strong>Sesgo de automatizaci\u00f3n.<\/strong> Un empleado que procesa decenas de expedientes por d\u00eda no va a desconfiar sistem\u00e1ticamente de la IA: va a aceptar su salida como atajo. La \u201csupervisi\u00f3n\u201d se reduce a un clic.<\/li>\n\n\n\n<li><strong>Influencias sutiles.<\/strong> La IA no necesita decir \u201cvot\u00e1 al partido del gobierno\u201d. Al redactar mil veces con el mismo lenguaje de \u201corden p\u00fablico\u201d, \u201cestabilidad\u201d, \u201cresponsabilidad fiscal\u201d, va moldeando el marco mental del redactor. Es el \u201cnudge\u201d invisible.<\/li>\n\n\n\n<li><strong>Asimetr\u00eda de conocimiento.<\/strong> Ni siquiera los ingenieros del proveedor pueden explicar en lenguaje jur\u00eddico por qu\u00e9 el modelo dio exactamente esa respuesta. Pretender que un agente administrativo santafesino \u201ccomprenda las limitaciones del modelo\u201d es ficci\u00f3n.<\/li>\n\n\n\n<li><strong>Alucinaciones complejas.<\/strong> Un modelo que mezcla jurisprudencia real con fallos inexistentes o doctrina inventada es casi imposible de auditar caso por caso. \u00bfQui\u00e9n chequea 50 citas en cada dictamen?<\/li>\n<\/ol>\n\n\n\n<p>El esquema dise\u00f1ado por Pullaro traslada toda la responsabilidad al trabajador, pero deja intacto el n\u00facleo opaco del sistema y del proveedor. Jur\u00eddicamente c\u00f3modo para el poder pol\u00edtico; constitucionalmente insostenible.<\/p>\n\n\n\n<hr class=\"wp-block-separator has-alpha-channel-opacity\"\/>\n\n\n\n<h2 class=\"wp-block-heading\">El \u201cMinisterio de la Verdad\u201d vectorial y la captura cognitiva<\/h2>\n\n\n\n<p>Hay un punto a\u00fan m\u00e1s grave que la cuesti\u00f3n laboral: el <strong>control de la verdad oficial<\/strong>.<\/p>\n\n\n\n<p>El propio Protocolo permite que la IA se alimente de bases de datos y documentos del Estado. En un esquema RAG, la IA \u201csabe\u201d solo lo que est\u00e1 en su base vectorial. Si el gobierno cura esa base con una selecci\u00f3n sesgada de doctrina, fallos o informes, <strong>no necesita modificar la ley<\/strong>: le basta con ajustar qu\u00e9 ve y qu\u00e9 no ve la m\u00e1quina.<\/p>\n\n\n\n<p>Ejemplo sencillo: un agente pregunta si hay argumentos legales para restringir una protesta. Si la base solo prioriza fallos de \u201corden p\u00fablico\u201d y minimiza jurisprudencia de libertad de expresi\u00f3n, la IA responder\u00e1 que s\u00ed, con citas \u201ct\u00e9cnicas\u201d incluidas. El agente creer\u00e1 estar actuando objetivamente; en realidad estar\u00e1 dentro de un <strong>Ministerio de la Verdad algor\u00edtmico<\/strong>.<\/p>\n\n\n\n<p>A esto se suman tres amenazas estrat\u00e9gicas:<\/p>\n\n\n\n<ul class=\"wp-block-list\">\n<li><strong>Soberan\u00eda cognitiva vulnerada.<\/strong> Si toda la administraci\u00f3n usa el mismo modelo, con el mismo sesgo ideol\u00f3gico o corporativo, se homogeneiza el pensamiento interno. Todos los \u201cauditores humanos\u201d terminan pensando igual.<\/li>\n\n\n\n<li><strong>Trazabilidad opaca.<\/strong> El decreto habla de registrar prompts y usos, pero jam\u00e1s podr\u00e1 reconstruirse el razonamiento interno del modelo ni los sesgos de entrenamiento.<\/li>\n\n\n\n<li><strong>Dependencia tecnol\u00f3gica.<\/strong> Si la Provincia subordina su \u201cinteligencia\u201d a una empresa (p\u00fablica o privada, nacional o extranjera), esa empresa gana palanca sobre decisiones, contratos y datos. Es el sue\u00f1o h\u00famedo de cualquier consorcio amigo del poder.<\/li>\n<\/ul>\n\n\n\n<p>En ese contexto, la participaci\u00f3n de laboratorios universitarios y estructuras cercanas al radicalismo y la Franja Morada \u2013mencionados como inspiradores t\u00e9cnicos del decreto\u2013 merece, como m\u00ednimo, un escrutinio riguroso. El riesgo no es solo \u00e9tico o econ\u00f3mico: es que <strong>el cerebro digital del Estado quede tercerizado en manos con inter\u00e9s propio<\/strong>.<\/p>\n","protected":false},"excerpt":{"rendered":"<p>La trampa central es que la IA generativa no es auditable y ning\u00fan decreto puede convertirla en algo que t\u00e9cnicamente no es. El texto promete \u201ctransparencia y trazabilidad\u201d, pero solo lo declara en el papel: es como decretar que el agua de lluvia ya no mojar\u00e1. El resultado es un protocolo que exige auditor\u00eda donde no puede haberla y que desplaza la responsabilidad a los empleados para sostener una ficci\u00f3n jur\u00eddica.<\/p>\n","protected":false},"author":2,"featured_media":4452,"comment_status":"open","ping_status":"open","sticky":false,"template":"","format":"standard","meta":{"_acf_changed":false,"advanced_seo_description":"","jetpack_seo_html_title":"","jetpack_seo_noindex":false,"_jetpack_memberships_contains_paid_content":false,"footnotes":""},"categories":[4,8],"tags":[261,20,259,99],"class_list":["post-4445","post","type-post","status-publish","format-standard","has-post-thumbnail","hentry","category-politica","category-tecnologia","tag-decreto","tag-destacados","tag-ia","tag-pullaro"],"acf":[],"jetpack_featured_media_url":"https:\/\/elliberador.com\/wp-content\/uploads\/2025\/11\/Pullaro-IA.jpg","jetpack_sharing_enabled":true,"_links":{"self":[{"href":"https:\/\/elliberador.com\/index.php\/wp-json\/wp\/v2\/posts\/4445","targetHints":{"allow":["GET"]}}],"collection":[{"href":"https:\/\/elliberador.com\/index.php\/wp-json\/wp\/v2\/posts"}],"about":[{"href":"https:\/\/elliberador.com\/index.php\/wp-json\/wp\/v2\/types\/post"}],"author":[{"embeddable":true,"href":"https:\/\/elliberador.com\/index.php\/wp-json\/wp\/v2\/users\/2"}],"replies":[{"embeddable":true,"href":"https:\/\/elliberador.com\/index.php\/wp-json\/wp\/v2\/comments?post=4445"}],"version-history":[{"count":4,"href":"https:\/\/elliberador.com\/index.php\/wp-json\/wp\/v2\/posts\/4445\/revisions"}],"predecessor-version":[{"id":4455,"href":"https:\/\/elliberador.com\/index.php\/wp-json\/wp\/v2\/posts\/4445\/revisions\/4455"}],"wp:featuredmedia":[{"embeddable":true,"href":"https:\/\/elliberador.com\/index.php\/wp-json\/wp\/v2\/media\/4452"}],"wp:attachment":[{"href":"https:\/\/elliberador.com\/index.php\/wp-json\/wp\/v2\/media?parent=4445"}],"wp:term":[{"taxonomy":"category","embeddable":true,"href":"https:\/\/elliberador.com\/index.php\/wp-json\/wp\/v2\/categories?post=4445"},{"taxonomy":"post_tag","embeddable":true,"href":"https:\/\/elliberador.com\/index.php\/wp-json\/wp\/v2\/tags?post=4445"}],"curies":[{"name":"wp","href":"https:\/\/api.w.org\/{rel}","templated":true}]}}