{"id":4460,"date":"2025-11-11T12:24:44","date_gmt":"2025-11-11T15:24:44","guid":{"rendered":"https:\/\/elliberador.com\/?p=4460"},"modified":"2025-11-11T12:24:46","modified_gmt":"2025-11-11T15:24:46","slug":"el-gobierno-nacional-reclama-responsabilidad-al-ejecutivo-provincial-bonaerense-mientras-coordina-asistencia-orden-o-externalizacion-del-problema","status":"publish","type":"post","link":"https:\/\/elliberador.com\/index.php\/2025\/11\/11\/el-gobierno-nacional-reclama-responsabilidad-al-ejecutivo-provincial-bonaerense-mientras-coordina-asistencia-orden-o-externalizacion-del-problema\/","title":{"rendered":"El Gobierno Nacional reclama responsabilidad al Ejecutivo provincial bonaerense mientras coordina asistencia: \u00bforden o externalizaci\u00f3n del problema?"},"content":{"rendered":"\n<h2 class=\"wp-block-heading\"><strong><em>El dilema eterno entre orden y responsabilidad<\/em><\/strong><strong><\/strong><\/h2>\n\n\n\n<p>En el coraz\u00f3n de cada crisis argentina emerge el viejo dilema entre <strong>orden y responsabilidad<\/strong>.<br>Las recientes declaraciones de <strong>Patricia Bullrich<\/strong> \u2014<em>\u201cEsto es un desorden, lo tiene que ordenar la provincia de Buenos Aires. Como no lo est\u00e1 haciendo, no sabemos qui\u00e9n se hace cargo\u201d<\/em>\u2014 condensan la tensi\u00f3n entre un <strong>Estado nacional que intenta proyectar autoridad<\/strong> y un <strong>sistema federal<\/strong> que, demasiadas veces, diluye las responsabilidades.<\/p>\n\n\n\n<hr class=\"wp-block-separator has-alpha-channel-opacity\"\/>\n\n\n\n<h2 class=\"wp-block-heading\"><strong><em>El espejo libertario del caos<\/em><\/strong><strong><\/strong><\/h2>\n\n\n\n<p>El gobierno de <strong>Javier Milei<\/strong>, que se define como <em>liberal y libertario<\/em>, enfrenta su propia paradoja. En nombre de la <strong>libertad<\/strong> y la <strong>descentralizaci\u00f3n<\/strong>, busca reducir la intervenci\u00f3n estatal. Pero cuando el caos se impone, la ciudadan\u00eda mira inevitablemente hacia el <strong>Estado central<\/strong>.<\/p>\n\n\n\n<p>Como escribi\u00f3 <strong>Friedrich Hayek<\/strong>, <\/p>\n\n\n\n<blockquote class=\"wp-block-quote is-layout-flow wp-block-quote-is-layout-flow\">\n<p><em>\u201cla libertad individual requiere un marco de reglas generales, pero esas reglas deben ser respetadas por quienes gobiernan tanto como por los gobernados\u201d<\/em>.<\/p>\n<\/blockquote>\n\n\n\n<p>El desorden territorial, entonces, no es solo un problema operativo: <strong>es una falla en la jerarqu\u00eda de responsabilidades<\/strong> dentro de ese marco.<\/p>\n\n\n\n<hr class=\"wp-block-separator has-alpha-channel-opacity\"\/>\n\n\n\n<h2 class=\"wp-block-heading\"><strong><em>Bullrich y la disputa por el mando<\/em><\/strong><strong><\/strong><\/h2>\n\n\n\n<p>Desde el <strong>Ministerio de Seguridad<\/strong>, Bullrich no solo reclama acci\u00f3n: <strong>marca la cancha del federalismo<\/strong>.<br>Lo que est\u00e1 en juego no es \u00fanicamente la gesti\u00f3n de una emergencia, sino el <strong>relato de qui\u00e9n tiene el poder real para poner orden<\/strong>.<\/p>\n\n\n\n<p>En palabras de <strong>Max Weber<\/strong>, el Estado moderno<\/p>\n\n\n\n<blockquote class=\"wp-block-quote is-layout-flow wp-block-quote-is-layout-flow\">\n<p><em>\u201creclama con \u00e9xito el monopolio de la violencia leg\u00edtima\u201d<\/em>.<\/p>\n<\/blockquote>\n\n\n\n<p>Pero si ese monopolio se desarticula entre jurisdicciones que se cruzan acusaciones, el <strong>poder se fragmenta<\/strong> \u2014y con \u00e9l, la <strong>confianza social<\/strong>.<\/p>\n\n\n\n<hr class=\"wp-block-separator has-alpha-channel-opacity\"\/>\n\n\n\n<h2 class=\"wp-block-heading\"><strong><em>La paradoja libertaria: gobernar sin mandar<\/em><\/strong><strong><\/strong><\/h2>\n\n\n\n<p>El discurso libertario enfrenta aqu\u00ed una de sus pruebas m\u00e1s dif\u00edciles.<br>El <strong>orden no puede ser fruto de la espontaneidad del mercado<\/strong> ni de la voluntad individual: <strong>requiere coordinaci\u00f3n, mando y l\u00edmites claros<\/strong>.<\/p>\n\n\n\n<p>En otras palabras, exige <strong>gobernabilidad<\/strong>.<br>Como recordaba <strong>Alexis de Tocqueville<\/strong>, <\/p>\n\n\n\n<blockquote class=\"wp-block-quote is-layout-flow wp-block-quote-is-layout-flow\">\n<p><em><em>\u201cla libertad no consiste en hacer lo que uno quiere, sino en poder hacer lo que se debe querer\u201d<\/em><\/em><\/p>\n<\/blockquote>\n\n\n\n<p>apuntando al equilibrio entre autonom\u00eda y responsabilidad p\u00fablica.<\/p>\n\n\n\n<hr class=\"wp-block-separator has-alpha-channel-opacity\"\/>\n\n\n\n<h2 class=\"wp-block-heading\"><strong><em>Autoridad sin burocracia: el desaf\u00edo final<\/em><\/strong><strong><\/strong><\/h2>\n\n\n\n<p>El desaf\u00edo del gobierno libertario es <strong>construir autoridad sin caer en la burocracia que desprecia<\/strong>.<br>Si logra hacerlo, <strong>Bullrich podr\u00eda convertirse en la cara visible de un nuevo tipo de orden liberal<\/strong>:<br>uno que exige <strong>responsabilidad sin paternalismo<\/strong>, <strong>firmeza sin centralismo<\/strong>.<\/p>\n\n\n\n<p>Pero si fracasa, su reclamo sonar\u00e1 \u2014como tantas veces en la pol\u00edtica argentina\u2014 a <strong>una confesi\u00f3n de impotencia<\/strong>.<\/p>\n\n\n\n<hr class=\"wp-block-separator has-alpha-channel-opacity\"\/>\n\n\n\n<h2 class=\"wp-block-heading\"><strong><em>Conclusi\u00f3n<\/em><\/strong><\/h2>\n\n\n\n<p>El federalismo argentino vuelve a exhibir sus grietas en tiempos de crisis.<br>Entre el ideal libertario y la realidad del poder, <strong>el orden sigue siendo el espejo donde se mide la capacidad de gobernar<\/strong>.<\/p>\n\n\n\n<p>\u2014 Ecus<br><em>La libertad no se mendiga, se ejerce<\/em><\/p>\n","protected":false},"excerpt":{"rendered":"<p>Bullrich reclama autoridad en medio del caos bonaerense y expone el dilema del federalismo libertario: qui\u00e9n manda cuando nadie quiere hacerlo.<\/p>\n","protected":false},"author":2,"featured_media":4461,"comment_status":"open","ping_status":"open","sticky":false,"template":"","format":"standard","meta":{"_acf_changed":false,"advanced_seo_description":"Bullrich marca territorio en la crisis bonaerense y abre un dilema libertario:\nsin Estado fuerte, no hay orden posible.","jetpack_seo_html_title":"El dilema del orden y la autoridad en el gobierno de Javier Milei","jetpack_seo_noindex":false,"_jetpack_memberships_contains_paid_content":false,"footnotes":""},"categories":[4,36],"tags":[20],"class_list":["post-4460","post","type-post","status-publish","format-standard","has-post-thumbnail","hentry","category-politica","category-seguridad","tag-destacados"],"acf":[],"jetpack_featured_media_url":"https:\/\/elliberador.com\/wp-content\/uploads\/2025\/11\/ChatGPT-Image-11-nov-2025-12_20_41-p.m.png","jetpack_sharing_enabled":true,"_links":{"self":[{"href":"https:\/\/elliberador.com\/index.php\/wp-json\/wp\/v2\/posts\/4460","targetHints":{"allow":["GET"]}}],"collection":[{"href":"https:\/\/elliberador.com\/index.php\/wp-json\/wp\/v2\/posts"}],"about":[{"href":"https:\/\/elliberador.com\/index.php\/wp-json\/wp\/v2\/types\/post"}],"author":[{"embeddable":true,"href":"https:\/\/elliberador.com\/index.php\/wp-json\/wp\/v2\/users\/2"}],"replies":[{"embeddable":true,"href":"https:\/\/elliberador.com\/index.php\/wp-json\/wp\/v2\/comments?post=4460"}],"version-history":[{"count":1,"href":"https:\/\/elliberador.com\/index.php\/wp-json\/wp\/v2\/posts\/4460\/revisions"}],"predecessor-version":[{"id":4462,"href":"https:\/\/elliberador.com\/index.php\/wp-json\/wp\/v2\/posts\/4460\/revisions\/4462"}],"wp:featuredmedia":[{"embeddable":true,"href":"https:\/\/elliberador.com\/index.php\/wp-json\/wp\/v2\/media\/4461"}],"wp:attachment":[{"href":"https:\/\/elliberador.com\/index.php\/wp-json\/wp\/v2\/media?parent=4460"}],"wp:term":[{"taxonomy":"category","embeddable":true,"href":"https:\/\/elliberador.com\/index.php\/wp-json\/wp\/v2\/categories?post=4460"},{"taxonomy":"post_tag","embeddable":true,"href":"https:\/\/elliberador.com\/index.php\/wp-json\/wp\/v2\/tags?post=4460"}],"curies":[{"name":"wp","href":"https:\/\/api.w.org\/{rel}","templated":true}]}}