{"id":4468,"date":"2025-11-12T09:30:00","date_gmt":"2025-11-12T12:30:00","guid":{"rendered":"https:\/\/elliberador.com\/?p=4468"},"modified":"2025-11-11T21:32:58","modified_gmt":"2025-11-12T00:32:58","slug":"el-cambio-de-regimen-segun-caputo-libertad-o-salto-al-vacio","status":"publish","type":"post","link":"https:\/\/elliberador.com\/index.php\/2025\/11\/12\/el-cambio-de-regimen-segun-caputo-libertad-o-salto-al-vacio\/","title":{"rendered":"El \u201ccambio de r\u00e9gimen\u201d seg\u00fan Caputo: libertad o salto al vac\u00edo"},"content":{"rendered":"\n<h2 class=\"wp-block-heading\"><strong><em>\u00bfQu\u00e9 significa este \u201ccambio de r\u00e9gimen\u201d?<\/em><\/strong><\/h2>\n\n\n\n<p>Caputo afirma que la Argentina inicia una nueva era donde el Estado deja de ver al ciudadano como presunto delincuente y apuesta por la libertad y la reducci\u00f3n de regulaciones.<br>Seg\u00fan \u00e9l, la informalidad se dispar\u00f3 por un Estado que sobre regul\u00f3 y sobrecarg\u00f3 al mercado laboral y al emprendimiento. <br>En este escenario, el equipo del presidente Javier Milei apuesta por revivir la iniciativa privada, bajar cargas, flexibilizar el r\u00e9gimen laboral y monetario, y liberar recursos para que el mercado trabaje.<\/p>\n\n\n\n<hr class=\"wp-block-separator has-alpha-channel-opacity\"\/>\n\n\n\n<h2 class=\"wp-block-heading\"><strong><em>Libertad = oportunidad o riesgo calculado<\/em><\/strong><\/h2>\n\n\n\n<p>La libertad econ\u00f3mica aqu\u00ed se entiende como menos trabas, menos impuestos, menos Estado interviniendo y m\u00e1s espacio para que quienes quieran emprender lo hagan sin temores. Desde una visi\u00f3n pro-Milei y liberal, se trata de dar a la gente las herramientas para prosperar.<br>Pero: la pregunta inc\u00f3moda es si ese salto es seguro o si es un salto al vac\u00edo. \u00bfPuede una econom\u00eda largamente informal ordenar sus reglas v\u00eda mercado puro, o se necesita un puente regulatorio, institucional?<br>El argumento de Caputo es optimista: la informalidad no se combate con m\u00e1s Estado sino con menor Estado, porque cuando el Estado sobrecarga asfixia al trabajador flexible, al emprendedor, al \u201coutsider\u201d que muchas veces opera en la econom\u00eda gris. <br>Desde el otro lado del debate, algunos analistas advierten que liberar demasiado deprisa puede dejar sin protecciones a los m\u00e1s vulnerables o generar inestabilidad cambiaria o laboral<\/p>\n\n\n\n<hr class=\"wp-block-separator has-alpha-channel-opacity\"\/>\n\n\n\n<h2 class=\"wp-block-heading\"><strong><em>Hacia adelante: lo que est\u00e1 en juego<\/em><\/strong><\/h2>\n\n\n\n<p>El nuevo r\u00e9gimen debe demostrar dos cosas: que la libertad promueve formalidad (y no lo contrario), y que el mercado libre no deriva en mayor desigualdad o precarizaci\u00f3n.<br>Para lograrlo, el gobierno debe mantener firme su plan de reducci\u00f3n del gasto p\u00fablico, estabilizaci\u00f3n monetaria y confianza internacional. El \u00e9xito o fracaso de la agenda ultra-liberal ser\u00e1 juzgado por el crecimiento, la creaci\u00f3n de empleo formal y la inversi\u00f3n privada.<br>Los liberales dir\u00e1n que vale la pena el riesgo porque el Estado grande ya fracas\u00f3 sistem\u00e1ticamente. Este cambio de r\u00e9gimen es la apuesta ideol\u00f3gica m\u00e1s fuerte de los \u00faltimos a\u00f1os en Argentina. Los cr\u00edticos dir\u00e1n que el salto sin red puede generar v\u00edctimas.<br>En resumen: la libertad prometida es real, pero no est\u00e1 garantizada. El cambio de r\u00e9gimen es la oportunidad. Ahora hay que ver si es el trampol\u00edn hacia un nuevo ciclo de prosperidad o simplemente otro salto al vac\u00edo.<\/p>\n\n\n\n<p>\u2014 Ecus<br><em>La libertad no se mendiga, se ejerce<\/em><\/p>\n","protected":false},"excerpt":{"rendered":"<p>El ministro de Econom\u00eda, Luis Caputo, volvi\u00f3 a marcar el rumbo con una definici\u00f3n potente: \u201ciniciamos un cambio de r\u00e9gimen para devolverle la libertad a la gente\u201d. Pero su frase expone un dilema central del presente argentino: \u00bfla libertad que promete el mercado puede resolver la informalidad o solo la disfraza?<\/p>\n","protected":false},"author":2,"featured_media":4469,"comment_status":"open","ping_status":"open","sticky":false,"template":"","format":"standard","meta":{"_acf_changed":false,"advanced_seo_description":"Luis Caputo impulsa un cambio de r\u00e9gimen que busca liberar la econom\u00eda argentina y devolver la libertad al ciudadano y al emprendedor.","jetpack_seo_html_title":"Luis Caputo y el cambio de r\u00e9gimen: la libertad econ\u00f3mica como nuevo rumbo argentino","jetpack_seo_noindex":false,"_jetpack_memberships_contains_paid_content":false,"footnotes":""},"categories":[2],"tags":[283,284,53,20,285,185,282,119,128,172,127,103,287],"class_list":["post-4468","post","type-post","status-publish","format-standard","has-post-thumbnail","hentry","category-economia","tag-cambio-de-regimen","tag-caputo-milei","tag-destacado","tag-destacados","tag-economia-2025","tag-economia-argentina","tag-gobierno-libertario","tag-javier-milei","tag-liberalismo","tag-libertad-economica","tag-libre-mercado","tag-luis-caputo","tag-reforma-del-estado"],"acf":[],"jetpack_featured_media_url":"https:\/\/elliberador.com\/wp-content\/uploads\/2025\/11\/ChatGPT-Image-11-nov-2025-09_27_51-p.m.png","jetpack_sharing_enabled":true,"_links":{"self":[{"href":"https:\/\/elliberador.com\/index.php\/wp-json\/wp\/v2\/posts\/4468","targetHints":{"allow":["GET"]}}],"collection":[{"href":"https:\/\/elliberador.com\/index.php\/wp-json\/wp\/v2\/posts"}],"about":[{"href":"https:\/\/elliberador.com\/index.php\/wp-json\/wp\/v2\/types\/post"}],"author":[{"embeddable":true,"href":"https:\/\/elliberador.com\/index.php\/wp-json\/wp\/v2\/users\/2"}],"replies":[{"embeddable":true,"href":"https:\/\/elliberador.com\/index.php\/wp-json\/wp\/v2\/comments?post=4468"}],"version-history":[{"count":1,"href":"https:\/\/elliberador.com\/index.php\/wp-json\/wp\/v2\/posts\/4468\/revisions"}],"predecessor-version":[{"id":4470,"href":"https:\/\/elliberador.com\/index.php\/wp-json\/wp\/v2\/posts\/4468\/revisions\/4470"}],"wp:featuredmedia":[{"embeddable":true,"href":"https:\/\/elliberador.com\/index.php\/wp-json\/wp\/v2\/media\/4469"}],"wp:attachment":[{"href":"https:\/\/elliberador.com\/index.php\/wp-json\/wp\/v2\/media?parent=4468"}],"wp:term":[{"taxonomy":"category","embeddable":true,"href":"https:\/\/elliberador.com\/index.php\/wp-json\/wp\/v2\/categories?post=4468"},{"taxonomy":"post_tag","embeddable":true,"href":"https:\/\/elliberador.com\/index.php\/wp-json\/wp\/v2\/tags?post=4468"}],"curies":[{"name":"wp","href":"https:\/\/api.w.org\/{rel}","templated":true}]}}