{"id":4472,"date":"2025-11-12T14:18:16","date_gmt":"2025-11-12T17:18:16","guid":{"rendered":"https:\/\/elliberador.com\/?p=4472"},"modified":"2025-11-12T14:18:19","modified_gmt":"2025-11-12T17:18:19","slug":"tragedia-de-once-la-corrupcion-que-descarrilo-un-pais","status":"publish","type":"post","link":"https:\/\/elliberador.com\/index.php\/2025\/11\/12\/tragedia-de-once-la-corrupcion-que-descarrilo-un-pais\/","title":{"rendered":"Tragedia de Once: la corrupci\u00f3n que descarril\u00f3 un pa\u00eds"},"content":{"rendered":"\n<p>El <strong>22 de febrero de 2012 a las 8:32 de la ma\u00f1ana<\/strong>, <em>la Argentina se detuvo<\/em>.<br>Un tren de la <strong>l\u00ednea Sarmiento<\/strong>, cargado de trabajadores, estudiantes y familias, <strong>no fren\u00f3 a tiempo<\/strong> y se estrell\u00f3 contra el <strong>and\u00e9n n\u00famero 2 de la estaci\u00f3n de Once<\/strong>, en pleno coraz\u00f3n de la Ciudad de Buenos Aires.<\/p>\n\n\n\n<p>El impacto fue devastador: <strong>52 personas perdieron la vida<\/strong>, entre ellas <em>una mujer embarazada<\/em>, y m\u00e1s de <strong>700 resultaron heridas<\/strong>.<br>Lo que parec\u00eda un accidente ferroviario m\u00e1s, en un sistema que hac\u00eda a\u00f1os ven\u00eda mostrando signos de abandono, termin\u00f3 revelando algo mucho m\u00e1s profundo: <strong>la corrupci\u00f3n estructural de un gobierno que mir\u00f3 hacia otro lado a prop\u00f3sito<\/strong>.<\/p>\n\n\n\n<hr class=\"wp-block-separator has-alpha-channel-opacity\"\/>\n\n\n\n<h3 class=\"wp-block-heading\"><strong><em>La cat\u00e1strofe anunciada<\/em><\/strong><\/h3>\n\n\n\n<p>La <strong>Tragedia de Once<\/strong> no fue una sorpresa para quienes conoc\u00edan el deterioro del sistema ferroviario argentino.<br>Desde hac\u00eda a\u00f1os, los informes t\u00e9cnicos advert\u00edan sobre <strong>frenos defectuosos<\/strong>, <strong>vagones obsoletos<\/strong> y <strong>mantenimiento inexistente<\/strong>.<\/p>\n\n\n\n<p>Las empresas concesionarias privadas, como <strong>TBA (Trenes de Buenos Aires)<\/strong>, recib\u00edan <strong>subsidios millonarios del Estado<\/strong> para garantizar el funcionamiento y la seguridad, pero gran parte de esos fondos <strong>nunca llegaban a los talleres ni a las v\u00edas<\/strong>.<\/p>\n\n\n\n<p>En cambio, iban a parar a <strong>cuentas personales, campa\u00f1as pol\u00edticas y redes de contratistas vinculadas al poder<\/strong>.<br>Los trenes, literalmente, <em>se ca\u00edan a pedazos<\/em>, mientras desde el <strong>Ministerio de Planificaci\u00f3n<\/strong> se segu\u00edan firmando pr\u00f3rrogas, licitaciones y contratos sin control.<\/p>\n\n\n\n<p>El ministro <strong>Julio De Vido<\/strong>, uno de los funcionarios m\u00e1s poderosos del kirchnerismo, fue quien deb\u00eda garantizar que el dinero p\u00fablico se usara correctamente.<br>Pero su gesti\u00f3n se convirti\u00f3 en el <strong>emblema del descontrol y la impunidad<\/strong>: una estructura de corrupci\u00f3n que <strong>prioriz\u00f3 los negocios por encima de la vida<\/strong>.<\/p>\n\n\n\n<figure class=\"wp-block-image size-full\"><img fetchpriority=\"high\" decoding=\"async\" width=\"973\" height=\"485\" src=\"https:\/\/elliberador.com\/wp-content\/uploads\/2025\/11\/Captura-de-pantalla-2025-11-12-141617.png\" alt=\"\" class=\"wp-image-4475\" srcset=\"https:\/\/elliberador.com\/wp-content\/uploads\/2025\/11\/Captura-de-pantalla-2025-11-12-141617.png 973w, https:\/\/elliberador.com\/wp-content\/uploads\/2025\/11\/Captura-de-pantalla-2025-11-12-141617-300x150.png 300w, https:\/\/elliberador.com\/wp-content\/uploads\/2025\/11\/Captura-de-pantalla-2025-11-12-141617-768x383.png 768w\" sizes=\"(max-width: 973px) 100vw, 973px\" \/><\/figure>\n\n\n\n<hr class=\"wp-block-separator has-alpha-channel-opacity\"\/>\n\n\n\n<h3 class=\"wp-block-heading\"><strong><em>El d\u00eda que la corrupci\u00f3n mat\u00f3<\/em><\/strong><\/h3>\n\n\n\n<p>Aquel <strong>22 de febrero<\/strong>, el tren <strong>Chapa 16<\/strong> ingres\u00f3 a la estaci\u00f3n sin poder detenerse.<br>El conductor, <strong>Marcos C\u00f3rdoba<\/strong>, hab\u00eda advertido que los frenos no funcionaban correctamente, pero las reparaciones <strong>nunca se hicieron<\/strong>.<\/p>\n\n\n\n<p>Cuando la formaci\u00f3n choc\u00f3 contra el paragolpes, los primeros dos vagones se comprimieron, dejando a los pasajeros <strong>atrapados entre hierros retorcidos<\/strong>, mientras los rescatistas trabajaban durante horas para sacar cuerpos y sobrevivientes.<\/p>\n\n\n\n<p>El pa\u00eds entero sigui\u00f3 la tragedia en directo.<br>Las im\u00e1genes recorrieron el mundo y dejaron expuesto un sistema ferroviario <strong>desmantelado por la negligencia y el saqueo<\/strong>.<\/p>\n\n\n\n<p>Lejos de reconocer responsabilidades, el gobierno de <strong>Cristina Fern\u00e1ndez de Kirchner<\/strong> opt\u00f3 por <strong>minimizar la tragedia<\/strong>.<br>Durante meses, las familias de las v\u00edctimas reclamaron explicaciones y recibieron <strong>silencio, evasivas y hasta burlas<\/strong>.<\/p>\n\n\n\n<p>Las conferencias oficiales hablaron de <em>\u201cerrores humanos\u201d<\/em> o <em>\u201cfallas t\u00e9cnicas\u201d<\/em>, intentando ocultar que la verdadera causa estaba en los <strong>despachos ministeriales donde se decid\u00eda qui\u00e9n controlaba, qui\u00e9n cobraba y qui\u00e9n callaba<\/strong>.<\/p>\n\n\n\n<hr class=\"wp-block-separator has-alpha-channel-opacity\"\/>\n\n\n\n<h3 class=\"wp-block-heading\"><strong><em>Los responsables pol\u00edticos<\/em><\/strong><\/h3>\n\n\n\n<p>El ministro <strong>Julio De Vido<\/strong>, a cargo de Planificaci\u00f3n Federal, segu\u00eda negando cualquier tipo de implicancia.<br>Sin embargo, los <strong>contratos de concesi\u00f3n<\/strong>, las <strong>auditor\u00edas inexistentes<\/strong> y los <strong>informes falsificados<\/strong> demostraban que su ministerio era <strong>el responsable directo del control del sistema ferroviario<\/strong>.<\/p>\n\n\n\n<p>De Vido hab\u00eda sido, en los hechos, <strong>el garante de un modelo que permiti\u00f3 que empresas privadas se enriquecieran con dinero p\u00fablico<\/strong> mientras los pasajeros viajaban en trenes mortales.<\/p>\n\n\n\n<hr class=\"wp-block-separator has-alpha-channel-opacity\"\/>\n\n\n\n<h3 class=\"wp-block-heading\"><strong><em>Juicios, condenas y una justicia que lleg\u00f3 tarde<\/em><\/strong><\/h3>\n\n\n\n<p>El primer juicio oral por la tragedia comenz\u00f3 en <strong>2014<\/strong> y culmin\u00f3 un a\u00f1o despu\u00e9s.<br>El <strong>Tribunal Oral Federal N\u00b02<\/strong> conden\u00f3 al maquinista <strong>Marcos C\u00f3rdoba<\/strong> a <em>3 a\u00f1os y 6 meses de prisi\u00f3n<\/em>.<\/p>\n\n\n\n<p>Tambi\u00e9n fueron hallados culpables los exsecretarios de Transporte <strong>Ricardo Jaime<\/strong> y <strong>Juan Pablo Schiavi<\/strong>, junto con empresarios y directivos de <strong>TBA<\/strong>, por su responsabilidad en el desastre.<\/p>\n\n\n\n<p>El fallo fue contundente: el siniestro fue consecuencia del <strong>mal estado del tren<\/strong>, la <strong>falta de mantenimiento<\/strong> y la <strong>corrupci\u00f3n en la administraci\u00f3n del servicio<\/strong>.<\/p>\n\n\n\n<p>A partir de ese momento, la justicia orden\u00f3 investigar al entonces ministro <strong>Julio De Vido<\/strong>, considerado <strong>el eslab\u00f3n pol\u00edtico m\u00e1s alto de la cadena<\/strong>.<br>Su causa avanz\u00f3 lentamente, protegida por a\u00f1os de <strong>fueros y alianzas<\/strong>.<\/p>\n\n\n\n<p>Reci\u00e9n en <strong>2018<\/strong>, De Vido fue <strong>condenado por administraci\u00f3n fraudulenta en perjuicio del Estado<\/strong>, una pena que la <strong>Corte Suprema de Justicia confirm\u00f3 en 2023<\/strong>: <em>cuatro a\u00f1os de prisi\u00f3n<\/em>, y en <strong>2025<\/strong> volvi\u00f3 a ser ratificada.<\/p>\n\n\n\n<p>El <strong>Tribunal Oral N\u00b04<\/strong> acaba de ordenar su <strong>detenci\u00f3n efectiva<\/strong> y la <strong>comparecencia en Comodoro Py<\/strong>, marcando un nuevo cap\u00edtulo en una historia donde <strong>la justicia parece llegar siempre tarde<\/strong>, cuando el da\u00f1o ya es irreparable.<\/p>\n\n\n\n<figure class=\"wp-block-image size-full\"><img decoding=\"async\" width=\"883\" height=\"538\" src=\"https:\/\/elliberador.com\/wp-content\/uploads\/2025\/11\/Captura-de-pantalla-2025-11-12-141607.png\" alt=\"\" class=\"wp-image-4476\" srcset=\"https:\/\/elliberador.com\/wp-content\/uploads\/2025\/11\/Captura-de-pantalla-2025-11-12-141607.png 883w, https:\/\/elliberador.com\/wp-content\/uploads\/2025\/11\/Captura-de-pantalla-2025-11-12-141607-300x183.png 300w, https:\/\/elliberador.com\/wp-content\/uploads\/2025\/11\/Captura-de-pantalla-2025-11-12-141607-768x468.png 768w\" sizes=\"(max-width: 883px) 100vw, 883px\" \/><\/figure>\n\n\n\n<hr class=\"wp-block-separator has-alpha-channel-opacity\"\/>\n\n\n\n<h3 class=\"wp-block-heading\"><strong><em>El peso de la impunidad<\/em><\/strong><\/h3>\n\n\n\n<p>Entre <strong>2017 y 2019<\/strong>, De Vido hab\u00eda estado preso en la c\u00e1rcel de <strong>Marcos Paz<\/strong>, aunque no por la causa Once, sino por otras vinculadas a <strong>corrupci\u00f3n en la obra p\u00fablica<\/strong>.<br>Luego obtuvo <strong>prisi\u00f3n domiciliaria<\/strong> y finalmente fue excarcelado.<\/p>\n\n\n\n<p>Durante ese tiempo, las familias de las v\u00edctimas siguieron reclamando justicia, conscientes de que <strong>ninguna sentencia pod\u00eda devolverles a sus seres queridos<\/strong>, pero s\u00ed pod\u00eda impedir que <strong>el olvido triunfara<\/strong>.<\/p>\n\n\n\n<p>La <strong>Tragedia de Once<\/strong> fue m\u00e1s que un choque: fue la <strong>prueba m\u00e1s dolorosa de un modelo de gesti\u00f3n basado en el clientelismo, la corrupci\u00f3n y la falta de controles<\/strong>.<\/p>\n\n\n\n<p>Durante los a\u00f1os del kirchnerismo, los <strong>subsidios al transporte se multiplicaron<\/strong>, pero sin <strong>transparencia ni fiscalizaci\u00f3n real<\/strong>.<br>Las empresas concesionarias eran <em>\u201camigas del poder\u201d<\/em>, los contratos se <strong>otorgaban a dedo<\/strong> y las auditor\u00edas eran simples formalidades.<\/p>\n\n\n\n<p>Mientras tanto, <strong>el dinero se evaporaba entre sobreprecios, obras inconclusas y una red de empresarios y funcionarios que se enriquec\u00edan a costa del erario p\u00fablico<\/strong>.<br>El resultado fue el que todos conocen: <em>un tren que nunca debi\u00f3 haber salido a las v\u00edas<\/em>.<\/p>\n\n\n\n<hr class=\"wp-block-separator has-alpha-channel-opacity\"\/>\n\n\n\n<h3 class=\"wp-block-heading\"><strong><em>El costo moral de un pa\u00eds sin memoria<\/em><\/strong><\/h3>\n\n\n\n<p>M\u00e1s de una d\u00e9cada despu\u00e9s, la <strong>Tragedia de Once<\/strong> sigue siendo <strong>una herida abierta en la conciencia argentina<\/strong>.<br>Cada nuevo fallo judicial revive el dolor y la impotencia de quienes perdieron a sus familiares en un hecho que <strong>pudo y debi\u00f3 haberse evitado<\/strong>.<\/p>\n\n\n\n<p>Para ellos, la c\u00e1rcel de <strong>De Vido<\/strong> no es una victoria, sino un <strong>recordatorio tard\u00edo de que la corrupci\u00f3n mata<\/strong>.<br>El <strong>caso Once<\/strong> se convirti\u00f3 en un s\u00edmbolo: el del <strong>precio humano de la impunidad pol\u00edtica<\/strong>.<\/p>\n\n\n\n<p>Un espejo que todav\u00eda refleja lo que ocurre cuando <strong>el poder se desconecta de la responsabilidad<\/strong>, y cuando <strong>la vida de los ciudadanos vale menos que un contrato p\u00fablico<\/strong>.<\/p>\n\n\n\n<p><\/p>\n","protected":false},"excerpt":{"rendered":"<p>La Tragedia de Once fue mucho m\u00e1s que un accidente ferroviario: fue el resultado de a\u00f1os de corrupci\u00f3n, desidia y complicidad pol\u00edtica. Detr\u00e1s de los 52 muertos y m\u00e1s de 700 heridos, se revel\u00f3 el verdadero rostro de un Estado que prioriz\u00f3 los negocios y los subsidios sin control por encima de la vida humana. Una d\u00e9cada despu\u00e9s, las condenas llegan tarde, pero el mensaje persiste: en la Argentina, la impunidad tambi\u00e9n viaja en tren.<\/p>\n","protected":false},"author":2,"featured_media":4474,"comment_status":"open","ping_status":"open","sticky":false,"template":"","format":"standard","meta":{"_acf_changed":false,"advanced_seo_description":"","jetpack_seo_html_title":"","jetpack_seo_noindex":false,"_jetpack_memberships_contains_paid_content":false,"footnotes":""},"categories":[59],"tags":[51,20,289,246],"class_list":["post-4472","post","type-post","status-publish","format-standard","has-post-thumbnail","hentry","category-justicia","tag-corrupcion","tag-destacados","tag-julio-de-vido","tag-kirchnerismo"],"acf":[],"jetpack_featured_media_url":"https:\/\/elliberador.com\/wp-content\/uploads\/2025\/11\/Captura-de-pantalla-2025-11-12-141659.png","jetpack_sharing_enabled":true,"_links":{"self":[{"href":"https:\/\/elliberador.com\/index.php\/wp-json\/wp\/v2\/posts\/4472","targetHints":{"allow":["GET"]}}],"collection":[{"href":"https:\/\/elliberador.com\/index.php\/wp-json\/wp\/v2\/posts"}],"about":[{"href":"https:\/\/elliberador.com\/index.php\/wp-json\/wp\/v2\/types\/post"}],"author":[{"embeddable":true,"href":"https:\/\/elliberador.com\/index.php\/wp-json\/wp\/v2\/users\/2"}],"replies":[{"embeddable":true,"href":"https:\/\/elliberador.com\/index.php\/wp-json\/wp\/v2\/comments?post=4472"}],"version-history":[{"count":1,"href":"https:\/\/elliberador.com\/index.php\/wp-json\/wp\/v2\/posts\/4472\/revisions"}],"predecessor-version":[{"id":4477,"href":"https:\/\/elliberador.com\/index.php\/wp-json\/wp\/v2\/posts\/4472\/revisions\/4477"}],"wp:featuredmedia":[{"embeddable":true,"href":"https:\/\/elliberador.com\/index.php\/wp-json\/wp\/v2\/media\/4474"}],"wp:attachment":[{"href":"https:\/\/elliberador.com\/index.php\/wp-json\/wp\/v2\/media?parent=4472"}],"wp:term":[{"taxonomy":"category","embeddable":true,"href":"https:\/\/elliberador.com\/index.php\/wp-json\/wp\/v2\/categories?post=4472"},{"taxonomy":"post_tag","embeddable":true,"href":"https:\/\/elliberador.com\/index.php\/wp-json\/wp\/v2\/tags?post=4472"}],"curies":[{"name":"wp","href":"https:\/\/api.w.org\/{rel}","templated":true}]}}