{"id":4478,"date":"2025-11-12T14:54:46","date_gmt":"2025-11-12T17:54:46","guid":{"rendered":"https:\/\/elliberador.com\/?p=4478"},"modified":"2025-11-12T14:54:48","modified_gmt":"2025-11-12T17:54:48","slug":"la-condena-del-fiscal-serjal-a-9-anos-expone-la-cobertura-de-impunidad-del-senado-santafesino-a-pipi-traferri","status":"publish","type":"post","link":"https:\/\/elliberador.com\/index.php\/2025\/11\/12\/la-condena-del-fiscal-serjal-a-9-anos-expone-la-cobertura-de-impunidad-del-senado-santafesino-a-pipi-traferri\/","title":{"rendered":"La condena del fiscal Serjal a 9 a\u00f1os expone la cobertura de impunidad del Senado santafesino a \u00abPipi\u00bb Traferri"},"content":{"rendered":"\n<p>La condena a <strong>9 a\u00f1os de prisi\u00f3n<\/strong> contra el ex fiscal regional de Rosario, <strong>Patricio Serjal<\/strong>, es m\u00e1s que un hito judicial: es una onda expansiva que vuelve a golpear donde Santa Fe siempre eligi\u00f3 no mirar. El fallo confirm\u00f3 una <strong>red pol\u00edtico-judicial<\/strong> que dio cobertura al <strong>juego ilegal<\/strong> y movi\u00f3 favores, informaci\u00f3n y dinero como una estructura de poder paralela.<\/p>\n\n\n\n<p>En ese mapa reaparece un nombre inevitable: <strong>Armando \u201cPipi\u201d Traferri<\/strong>, senador por San Lorenzo y figura de peso del peronismo provincial. Y, junto a \u00e9l, las ramificaciones \u2014viejas y nuevas\u2014 de <strong>Laibaque<\/strong>, el expediente m\u00e1s t\u00f3xico que toc\u00f3 la Justicia santafesina en a\u00f1os.<\/p>\n\n\n\n<p>La audiencia dej\u00f3 dos escenas potentes. Por un lado, el testimonio de la exjefa de fiscales <strong>Mar\u00eda Eugenia Iribarren<\/strong>, quien reconstruy\u00f3 el origen de la investigaci\u00f3n tras el atentado al <strong>Casino de Rosario (2020)<\/strong> y la muerte de <em>Enrique Encino<\/em>: a partir de un celular hallado se destap\u00f3 la trama que vinculaba a <strong>Leonardo Peiti<\/strong> con empleados del MPA y fiscales que cobraban para garantizar impunidad. Iribarren record\u00f3 la <strong>carta autoincriminatoria de Gustavo Ponce Asahad<\/strong> \u2014hoy condenado\u2014, donde se ubic\u00f3 como cobrador de coimas y <strong>mencion\u00f3 expresamente a Traferri<\/strong>. Para Iribarren, lo m\u00e1s grave no era solo el juego clandestino sino la <strong>corrupci\u00f3n<\/strong> que lo blanqueaba con <strong>protecci\u00f3n institucional<\/strong>.<\/p>\n\n\n\n<p>Por el otro, el descargo de <strong>Serjal<\/strong>: busc\u00f3 cargar responsabilidades en Ponce Asahad, <strong>neg\u00f3 sobornos<\/strong> y dijo no haber tratado con Peiti, aunque <strong>admiti\u00f3 reuniones con legisladores<\/strong>, incluido Traferri, relativiz\u00e1ndolas como parte de su funci\u00f3n. Asegur\u00f3 que le ofrecieron un abreviado a cambio de <strong>involucrar al senador<\/strong>, algo que \u2014seg\u00fan \u00e9l\u2014 rechaz\u00f3.<\/p>\n\n\n\n<p>El juicio tambi\u00e9n dej\u00f3 al desnudo las <strong>internas del MPA<\/strong>. Iribarren describi\u00f3 su <strong>desplazamiento<\/strong> como resultado de una auditor\u00eda <em>\u201cdireccionada\u201d<\/em> por la fiscal general <strong>Mar\u00eda Cecilia Vranicich<\/strong>, que \u2014seg\u00fan dijo\u2014 entrevist\u00f3 a todos menos a ella. \u201cNo apel\u00e9 para evitar m\u00e1s da\u00f1o interno\u201d, afirm\u00f3. El caso ya no es solo connivencia con el juego ilegal: tambi\u00e9n son <strong>disputas de poder<\/strong> y pujas por el control de las causas sensibles.<\/p>\n\n\n\n<hr class=\"wp-block-separator has-alpha-channel-opacity\"\/>\n\n\n\n<h3 class=\"wp-block-heading\"><strong>Reforma constitucional: fin de los <em>s\u00faper fueros<\/em><\/strong><\/h3>\n\n\n\n<p>La <strong>Constituci\u00f3n 2025<\/strong> cambi\u00f3 el tablero. Donde antes hab\u00eda blindajes extraordinarios, ahora se <strong>limitan los fueros<\/strong> y se permite <strong>investigar, imputar y juzgar<\/strong> a legisladores como a cualquier ciudadano. Dos llaves nuevas ordenan el escenario:<\/p>\n\n\n\n<ul class=\"wp-block-list\">\n<li>Con <strong>condena firme<\/strong>, no se requiere autorizaci\u00f3n legislativa para <strong>ejecutar la pena<\/strong>.<\/li>\n\n\n\n<li>En <strong>flagrancia<\/strong>, puede haber <strong>detenci\u00f3n inmediata<\/strong>.<\/li>\n<\/ul>\n\n\n\n<p>En t\u00e9rminos pr\u00e1cticos, si la causa <strong>avanza<\/strong> y hubiera <strong>condena<\/strong>, el camino a una <strong>eventual prisi\u00f3n<\/strong> de Traferri \u2014hoy pol\u00edticamente impensable hace unos a\u00f1os\u2014 <strong>queda jur\u00eddicamente habilitado<\/strong>.<\/p>\n\n\n\n<hr class=\"wp-block-separator has-alpha-channel-opacity\"\/>\n\n\n\n<h3 class=\"wp-block-heading\"><strong>Laibaque: cuando la Justicia mira lo que la pol\u00edtica quiso tapar<\/strong><\/h3>\n\n\n\n<p>La sentencia de Serjal reactiv\u00f3 las preguntas sobre <strong>Laibaque<\/strong> y dej\u00f3 una frase que retumba: <em>\u201cLa estructura criminal incluy\u00f3 personas que no fueron tra\u00eddas a este juicio.\u201d<\/em> Traducido: <strong>hay m\u00e1s nombres<\/strong> y el Ministerio P\u00fablico <strong>puede avanzar<\/strong>.<\/p>\n\n\n\n<p>Mientras tanto, la <strong>reiterada aparici\u00f3n<\/strong> de Traferri en <strong>chats, audios y reuniones<\/strong> mantiene el foco pol\u00edtico en su figura, a\u00fan <strong>sin compartir banquillo<\/strong>. El contraste es brutal: <strong>Serjal y Ponce Asahad<\/strong> condenados; <strong>Peiti<\/strong> arrepentido; y el senador <strong>en funciones<\/strong>, sostenido durante a\u00f1os por un sistema de <strong>inmunidades<\/strong> que la reforma acaba de <strong>restringir<\/strong>.<\/p>\n\n\n\n<p><\/p>\n","protected":false},"excerpt":{"rendered":"<p>La condena a 9 a\u00f1os contra el exfiscal Patricio Serjal reaviva el caso m\u00e1s inc\u00f3modo de la pol\u00edtica santafesina. El fallo confirm\u00f3 la existencia de una red pol\u00edtico-judicial vinculada al juego ilegal y vuelve a poner en el centro al senador Armando Traferri, hasta ahora protegido por los fueros. Con la nueva Constituci\u00f3n que limita esas inmunidades, la pregunta vuelve a ser inevitable: \u00bfpuede Traferri ir preso?<\/p>\n","protected":false},"author":2,"featured_media":4479,"comment_status":"open","ping_status":"open","sticky":false,"template":"","format":"standard","meta":{"_acf_changed":false,"advanced_seo_description":"","jetpack_seo_html_title":"","jetpack_seo_noindex":false,"_jetpack_memberships_contains_paid_content":false,"footnotes":""},"categories":[59],"tags":[20,295,294,293,292,66,291],"class_list":["post-4478","post","type-post","status-publish","format-standard","has-post-thumbnail","hentry","category-justicia","tag-destacados","tag-fueros","tag-impunidad","tag-juego-clandestino","tag-laibaque","tag-santa-fe","tag-serjal"],"acf":[],"jetpack_featured_media_url":"https:\/\/elliberador.com\/wp-content\/uploads\/2025\/11\/ChatGPT-Image-12-nov-2025-14_52_51.png","jetpack_sharing_enabled":true,"_links":{"self":[{"href":"https:\/\/elliberador.com\/index.php\/wp-json\/wp\/v2\/posts\/4478","targetHints":{"allow":["GET"]}}],"collection":[{"href":"https:\/\/elliberador.com\/index.php\/wp-json\/wp\/v2\/posts"}],"about":[{"href":"https:\/\/elliberador.com\/index.php\/wp-json\/wp\/v2\/types\/post"}],"author":[{"embeddable":true,"href":"https:\/\/elliberador.com\/index.php\/wp-json\/wp\/v2\/users\/2"}],"replies":[{"embeddable":true,"href":"https:\/\/elliberador.com\/index.php\/wp-json\/wp\/v2\/comments?post=4478"}],"version-history":[{"count":1,"href":"https:\/\/elliberador.com\/index.php\/wp-json\/wp\/v2\/posts\/4478\/revisions"}],"predecessor-version":[{"id":4480,"href":"https:\/\/elliberador.com\/index.php\/wp-json\/wp\/v2\/posts\/4478\/revisions\/4480"}],"wp:featuredmedia":[{"embeddable":true,"href":"https:\/\/elliberador.com\/index.php\/wp-json\/wp\/v2\/media\/4479"}],"wp:attachment":[{"href":"https:\/\/elliberador.com\/index.php\/wp-json\/wp\/v2\/media?parent=4478"}],"wp:term":[{"taxonomy":"category","embeddable":true,"href":"https:\/\/elliberador.com\/index.php\/wp-json\/wp\/v2\/categories?post=4478"},{"taxonomy":"post_tag","embeddable":true,"href":"https:\/\/elliberador.com\/index.php\/wp-json\/wp\/v2\/tags?post=4478"}],"curies":[{"name":"wp","href":"https:\/\/api.w.org\/{rel}","templated":true}]}}