{"id":4481,"date":"2025-11-13T08:59:27","date_gmt":"2025-11-13T11:59:27","guid":{"rendered":"https:\/\/elliberador.com\/?p=4481"},"modified":"2025-11-13T08:59:29","modified_gmt":"2025-11-13T11:59:29","slug":"la-derogacion-del-decreto-2417-93-liberacion-educativa-nacional-y-la-resistencia-de-santa-fe","status":"publish","type":"post","link":"https:\/\/elliberador.com\/index.php\/2025\/11\/13\/la-derogacion-del-decreto-2417-93-liberacion-educativa-nacional-y-la-resistencia-de-santa-fe\/","title":{"rendered":"La derogaci\u00f3n del Decreto 2417\/93: liberaci\u00f3n educativa nacional y la resistencia de Santa Fe"},"content":{"rendered":"\n<p>Despu\u00e9s de m\u00e1s de treinta a\u00f1os, el Gobierno nacional derog\u00f3 el <strong>Decreto 2417\/93<\/strong>, una norma que regulaba los <strong>aranceles, cuotas y matr\u00edculas de los colegios privados sin subsidio<\/strong>, oblig\u00e1ndolos a fijar anticipadamente sus valores sin conocer el contexto econ\u00f3mico. La medida se presenta como un paso hacia la <em>desregulaci\u00f3n educativa<\/em>, mayor <em>libertad institucional<\/em> y <em>previsibilidad para las familias<\/em>.<br>Pero en <strong>Santa Fe<\/strong>, la gesti\u00f3n provincial encabezada por <strong>Pullaro<\/strong> decidi\u00f3 no adherir a la desregulaci\u00f3n, y su postura merece un an\u00e1lisis espec\u00edfico.<\/p>\n\n\n\n<hr class=\"wp-block-separator has-alpha-channel-opacity\"\/>\n\n\n\n<h3 class=\"wp-block-heading\"><strong>\u00bfQu\u00e9 implicaba el decreto y qu\u00e9 cambia con su derogaci\u00f3n?<\/strong><\/h3>\n\n\n\n<ul class=\"wp-block-list\">\n<li>Bajo el Decreto 2417\/93, los colegios privados sin subsidio deb\u00edan <strong>fijar las cuotas del siguiente a\u00f1o con meses de anticipaci\u00f3n<\/strong>, sin conocer la evoluci\u00f3n de la econom\u00eda o la inflaci\u00f3n.<br>\u279c Resultado: cuotas m\u00e1s elevadas y familias pagando de m\u00e1s.<\/li>\n\n\n\n<li>Con la derogaci\u00f3n, los colegios podr\u00e1n <strong>actualizar las cuotas de forma gradual y transparente<\/strong>, las familias ganan previsibilidad y se elimina una <em>\u201ctraba estatista\u201d<\/em> que distorsionaba el sistema.<\/li>\n\n\n\n<li>Sin embargo, la medida depende de la <strong>adhesi\u00f3n de cada jurisdicci\u00f3n<\/strong> para que tenga efecto local.<\/li>\n<\/ul>\n\n\n\n<hr class=\"wp-block-separator has-alpha-channel-opacity\"\/>\n\n\n\n<h3 class=\"wp-block-heading\"><strong>La postura de Pullaro y por qu\u00e9 Santa Fe se queda atr\u00e1s<\/strong><\/h3>\n\n\n\n<p><strong>1. Mantener la regulaci\u00f3n provincial vigente.<\/strong><br>En Santa Fe, la derogaci\u00f3n nacional <strong>no cambia nada<\/strong>: el sistema de regulaci\u00f3n provincial de cuotas sigue vigente. La directora provincial de Educaci\u00f3n de Gesti\u00f3n Privada explic\u00f3 que <em>\u201cla norma nacional no tiene impacto en Santa Fe porque las escuelas pasaron a la \u00f3rbita provincial en 1995\u201d<\/em>. En la pr\u00e1ctica, los aranceles contin\u00faan regulados con <strong>topes seg\u00fan el porcentaje de subsidio<\/strong>. Pullaro opta as\u00ed por mantener el <strong>control estatal<\/strong> sobre los colegios privados y sus precios.<\/p>\n\n\n\n<p><strong>2. Enfoque en inversi\u00f3n p\u00fablica.<\/strong><br>Pullaro ha priorizado una fuerte inversi\u00f3n en <strong>infraestructura educativa p\u00fablica<\/strong>: programas como <em>Mil Aulas<\/em> o <em>Abre Escuelas<\/em>, y obras \u201csin limitaci\u00f3n presupuestaria\u201d. Aunque esto puede considerarse positivo, evidencia un <strong>sesgo estatista<\/strong>: su \u00e9nfasis est\u00e1 en la gesti\u00f3n p\u00fablica y no en la liberalizaci\u00f3n del sistema privado.<\/p>\n\n\n\n<p><strong>3. Defensa del esquema regulatorio.<\/strong><br>El gobierno provincial sostiene que el Estado debe imponer <em>\u201cpautas que eviten decisiones arbitrarias\u201d<\/em> en los aranceles privados. Esta posici\u00f3n refleja una <strong>reticencia ante la liberalizaci\u00f3n completa<\/strong>, y una defensa del <strong>rol regulador del Estado<\/strong>.<\/p>\n\n\n\n<p><strong>4. Contraste con la desregulaci\u00f3n nacional.<\/strong><br>Mientras la Naci\u00f3n impulsa <em>\u201cmenos regulaciones, menos costos y m\u00e1s libertad\u201d<\/em>, Santa Fe insiste en <em>\u201cmantenemos topes y control estatal\u201d<\/em>.<br>\u279c Una <strong>tensi\u00f3n clara<\/strong>: Naci\u00f3n liberaliza; Santa Fe regula.<\/p>\n\n\n\n<p>Para las familias santafesinas, esto significa que <strong>no habr\u00e1 cambios<\/strong>: las cuotas seguir\u00e1n sujetas al marco regulatorio provincial. Los colegios sin subsidio no podr\u00e1n <strong>ajustar libremente<\/strong> ante inflaci\u00f3n o costos crecientes, lo que limita su competitividad.<\/p>\n\n\n\n<hr class=\"wp-block-separator has-alpha-channel-opacity\"\/>\n\n\n\n<h3 class=\"wp-block-heading\"><strong>Cr\u00edtica y reflexi\u00f3n<\/strong><\/h3>\n\n\n\n<p>Desde una mirada <strong>libertaria<\/strong>, surgen preguntas inevitables:<\/p>\n\n\n\n<ul class=\"wp-block-list\">\n<li>\u00bfPor qu\u00e9 mantener regulaciones sobre cuotas privadas si la Naci\u00f3n las libera?<\/li>\n\n\n\n<li>\u00bfNo se genera una <strong>desventaja competitiva<\/strong> para los colegios santafesinos?<\/li>\n\n\n\n<li>\u00bfEs compatible la inversi\u00f3n p\u00fablica con la liberalizaci\u00f3n privada?<\/li>\n\n\n\n<li>\u00bfQu\u00e9 mensaje se da a las familias que buscan <em>libertad educativa<\/em> si el Estado provincial mantiene controles mientras el pa\u00eds avanza hacia la desregulaci\u00f3n?<\/li>\n<\/ul>\n\n\n\n<hr class=\"wp-block-separator has-alpha-channel-opacity\"\/>\n\n\n\n<p>En definitiva, la <strong>derogaci\u00f3n del Decreto 2417\/93<\/strong> representa una oportunidad para liberar a la educaci\u00f3n privada de un esquema r\u00edgido y estatista. Pero <strong>Santa Fe decide quedarse al margen<\/strong>, conservando regulaciones, topes y control estatal.<br>Mientras la Naci\u00f3n avanza hacia <em>\u201cmenos regulaciones, menos costos y m\u00e1s libertad\u201d<\/em>, <strong>Pullaro elige \u201cm\u00e1s control, m\u00e1s topes y m\u00e1s Estado\u201d<\/strong>.<br>As\u00ed, la provincia vuelve a quedar rezagada en el proceso de modernizaci\u00f3n educativa, reafirmando una postura <strong>contraria al cambio liberal<\/strong> que impulsa el Gobierno nacional.<\/p>\n\n\n\n<figure class=\"wp-block-image size-large\"><img fetchpriority=\"high\" decoding=\"async\" width=\"1024\" height=\"576\" src=\"https:\/\/elliberador.com\/wp-content\/uploads\/2025\/11\/Subsidios-a-escuelas-privadas-1024x576.png\" alt=\"\" class=\"wp-image-4483\" srcset=\"https:\/\/elliberador.com\/wp-content\/uploads\/2025\/11\/Subsidios-a-escuelas-privadas-1024x576.png 1024w, https:\/\/elliberador.com\/wp-content\/uploads\/2025\/11\/Subsidios-a-escuelas-privadas-300x169.png 300w, https:\/\/elliberador.com\/wp-content\/uploads\/2025\/11\/Subsidios-a-escuelas-privadas-768x432.png 768w, https:\/\/elliberador.com\/wp-content\/uploads\/2025\/11\/Subsidios-a-escuelas-privadas.png 1280w\" sizes=\"(max-width: 1024px) 100vw, 1024px\" \/><\/figure>\n","protected":false},"excerpt":{"rendered":"<p>Mientras el Gobierno nacional avanza en la desregulaci\u00f3n del sistema educativo, la gesti\u00f3n de Maximiliano Pullaro mantiene el control estatal sobre los aranceles de los colegios privados. Santa Fe vuelve a quedar rezagada frente al cambio liberal que impulsa la Naci\u00f3n.<\/p>\n","protected":false},"author":2,"featured_media":4482,"comment_status":"open","ping_status":"open","sticky":false,"template":"","format":"standard","meta":{"_acf_changed":false,"advanced_seo_description":"","jetpack_seo_html_title":"","jetpack_seo_noindex":false,"_jetpack_memberships_contains_paid_content":false,"footnotes":""},"categories":[4],"tags":[20,245,47,128,56],"class_list":["post-4481","post","type-post","status-publish","format-standard","has-post-thumbnail","hentry","category-politica","tag-destacados","tag-educacion","tag-la-libertad-avanza","tag-liberalismo","tag-milei"],"acf":[],"jetpack_featured_media_url":"https:\/\/elliberador.com\/wp-content\/uploads\/2025\/11\/Pullaro-Milei.jpg","jetpack_sharing_enabled":true,"_links":{"self":[{"href":"https:\/\/elliberador.com\/index.php\/wp-json\/wp\/v2\/posts\/4481","targetHints":{"allow":["GET"]}}],"collection":[{"href":"https:\/\/elliberador.com\/index.php\/wp-json\/wp\/v2\/posts"}],"about":[{"href":"https:\/\/elliberador.com\/index.php\/wp-json\/wp\/v2\/types\/post"}],"author":[{"embeddable":true,"href":"https:\/\/elliberador.com\/index.php\/wp-json\/wp\/v2\/users\/2"}],"replies":[{"embeddable":true,"href":"https:\/\/elliberador.com\/index.php\/wp-json\/wp\/v2\/comments?post=4481"}],"version-history":[{"count":1,"href":"https:\/\/elliberador.com\/index.php\/wp-json\/wp\/v2\/posts\/4481\/revisions"}],"predecessor-version":[{"id":4484,"href":"https:\/\/elliberador.com\/index.php\/wp-json\/wp\/v2\/posts\/4481\/revisions\/4484"}],"wp:featuredmedia":[{"embeddable":true,"href":"https:\/\/elliberador.com\/index.php\/wp-json\/wp\/v2\/media\/4482"}],"wp:attachment":[{"href":"https:\/\/elliberador.com\/index.php\/wp-json\/wp\/v2\/media?parent=4481"}],"wp:term":[{"taxonomy":"category","embeddable":true,"href":"https:\/\/elliberador.com\/index.php\/wp-json\/wp\/v2\/categories?post=4481"},{"taxonomy":"post_tag","embeddable":true,"href":"https:\/\/elliberador.com\/index.php\/wp-json\/wp\/v2\/tags?post=4481"}],"curies":[{"name":"wp","href":"https:\/\/api.w.org\/{rel}","templated":true}]}}