{"id":4514,"date":"2025-11-15T12:48:19","date_gmt":"2025-11-15T15:48:19","guid":{"rendered":"https:\/\/elliberador.com\/?p=4514"},"modified":"2025-11-15T12:48:21","modified_gmt":"2025-11-15T15:48:21","slug":"la-pobreza-cayo-17-puntos-segun-unicef-un-dato-que-incomoda-a-la-izquierda-internacional-y-derrumba-su-relato-estatista","status":"publish","type":"post","link":"https:\/\/elliberador.com\/index.php\/2025\/11\/15\/la-pobreza-cayo-17-puntos-segun-unicef-un-dato-que-incomoda-a-la-izquierda-internacional-y-derrumba-su-relato-estatista\/","title":{"rendered":"La pobreza cay\u00f3 17 puntos seg\u00fan UNICEF: un dato que incomoda a la izquierda internacional y derrumba su relato estatista"},"content":{"rendered":"\n<p>El nuevo informe de <strong>UNICEF Argentina<\/strong> revel\u00f3 una ca\u00edda dr\u00e1stica en los niveles de pobreza infantil y por hogar: <strong>los hogares m\u00e1s vulnerables pasaron del 48% al 31% en apenas un a\u00f1o<\/strong>, lo que implica una reducci\u00f3n de <strong>17 puntos<\/strong> desde el inicio del gobierno de Javier Milei.<br>(<a href=\"https:\/\/www.unicef.org\/argentina\/comunicados-prensa\/3-de-cada-10-hogares-con-ninias-y-ninios-aun-no-alcanzan-cubrir-sus-gastos-en\">Fuente: UNICEF \u2013 Comunicado oficial<\/a>)<\/p>\n\n\n\n<p>El dato es relevante no solo por su magnitud, sino por <strong>qui\u00e9n lo dice<\/strong>: un organismo global con una agenda hist\u00f3ricamente asociada al progresismo internacional.<br>Y justamente por eso, <strong>el temblor pol\u00edtico que gener\u00f3 fue inmediato<\/strong>.<\/p>\n\n\n\n<h2 class=\"wp-block-heading\">UNICEF: un organismo con una mirada social-identitaria habitualmente cercana a la izquierda<\/h2>\n\n\n\n<p>Aunque UNICEF se define como una organizaci\u00f3n dedicada a la protecci\u00f3n de la infancia, su l\u00ednea de campa\u00f1as apunta claramente a tem\u00e1ticas abordadas tradicionalmente por la izquierda:<\/p>\n\n\n\n<ul class=\"wp-block-list\">\n<li>La campa\u00f1a <strong>#AlHaterNiCabida<\/strong>, junto con Telef\u00e9, busca \u201cfrenar los discursos de odio\u201d y visibilizar a grupos como LGBT+ y adolescentes v\u00edctimas de \u201chater\u201d en redes sociales. <a href=\"https:\/\/www.unicef.org\/argentina\/al-hater-ni-cabida?utm_source=chatgpt.com\" target=\"_blank\" rel=\"noreferrer noopener\">UNICEF<\/a><\/li>\n\n\n\n<li>Otra iniciativa, <strong>#LoSientoHater<\/strong>, indica que \u201cm\u00e1s de 9 de cada 10 adolescentes encuestados han visto ataques de haters en internet\u201d y se\u00f1ala que \u201c1 de cada 2 expres\u00f3 que la comunidad LGBT+ es el grupo m\u00e1s atacado\u201d. <a href=\"https:\/\/www.unicef.org\/argentina\/lo-siento-hater?utm_source=chatgpt.com\" target=\"_blank\" rel=\"noreferrer noopener\">UNICEF<\/a><br>Por lo tanto, es coherente afirmar que UNICEF aborda agendas de derechos humanos, diversidad, protecci\u00f3n infantil y sensibilizaci\u00f3n social que suelen estar m\u00e1s asociadas al progresismo.<br>Esto realza la relevancia del dato: que un organismo con dicho perfil observe una ca\u00edda de la pobreza en el marco de un gobierno liberal-econ\u00f3mico como el de Milei.<\/li>\n<\/ul>\n\n\n\n<h2 class=\"wp-block-heading\"><strong>La izquierda internacional, en estado de shock<\/strong><\/h2>\n\n\n\n<p>La reducci\u00f3n de la pobreza \u2014ratificada por un organismo nada cercano al mile\u00edsmo\u2014 <strong>provoc\u00f3 una reacci\u00f3n urticante en la izquierda global<\/strong>, que esperaba lo contrario:<\/p>\n\n\n\n<ul class=\"wp-block-list\">\n<li>Ven\u00edan pronunciando que \u201cel ajuste iba a aumentar la pobreza\u201d.<\/li>\n\n\n\n<li>Anunciaban un \u201cdesastre social inminente\u201d.<\/li>\n\n\n\n<li>Apostaron abiertamente a que Milei ser\u00eda derrotado en las legislativas.<\/li>\n<\/ul>\n\n\n\n<p>Pero ocurri\u00f3 exactamente lo contrario:<\/p>\n\n\n\n<ul class=\"wp-block-list\">\n<li><strong>La econom\u00eda comenz\u00f3 a recuperarse<\/strong>, con sectores productivos reactiv\u00e1ndose tras a\u00f1os de asfixia fiscal y regulatoria.<\/li>\n\n\n\n<li><strong>El voto legislativo apoy\u00f3 el rumbo<\/strong>, reforzando el mandato reformista.<\/li>\n\n\n\n<li>Y ahora UNICEF certifica una ca\u00edda de pobreza que contradice de manera frontal todo el discurso de que \u201csin Estado no hay derechos\u201d.<\/li>\n<\/ul>\n\n\n\n<hr class=\"wp-block-separator has-alpha-channel-opacity\"\/>\n\n\n\n<h2 class=\"wp-block-heading\"><strong>El relato estatista se derrumba: los n\u00fameros muestran que la libertad funciona<\/strong><\/h2>\n\n\n\n<p>Durante d\u00e9cadas, la izquierda global instal\u00f3 una idea que parec\u00eda incuestionable:<br><strong>solo un Estado grande puede proteger a los vulnerables<\/strong>.<\/p>\n\n\n\n<p>Argentina se convirti\u00f3, sin quererlo, en el laboratorio que demostr\u00f3 lo opuesto.<\/p>\n\n\n\n<p>La evidencia ahora es innegable:<\/p>\n\n\n\n<ul class=\"wp-block-list\">\n<li><strong>Menos Estado \u2192 menos pobreza.<\/strong><\/li>\n\n\n\n<li><strong>M\u00e1s libertad econ\u00f3mica \u2192 m\u00e1s acceso, m\u00e1s empleo y m\u00e1s ingresos reales.<\/strong><\/li>\n\n\n\n<li><strong>Menos regulaciones \u2192 m\u00e1s producci\u00f3n y mejores precios.<\/strong><\/li>\n<\/ul>\n\n\n\n<p>Mientras tanto, el viejo modelo que la izquierda defendi\u00f3 durante 20 a\u00f1os gener\u00f3 exactamente lo contrario:<br><strong>ricos cada vez m\u00e1s ricos dentro del sistema pol\u00edtico<\/strong>,<br>y <strong>una poblaci\u00f3n hundida en la miseria<\/strong>.<\/p>\n\n\n\n<p>Eso es lo que este informe desnuda:<br><strong>lo que empobrec\u00eda a la Argentina era el Estado capturado por pol\u00edticos y sus redes clientelares<\/strong>, no el mercado.<\/p>\n\n\n\n<hr class=\"wp-block-separator has-alpha-channel-opacity\"\/>\n\n\n\n<h2 class=\"wp-block-heading\"><strong>Un resultado que redefine la discusi\u00f3n global<\/strong><\/h2>\n\n\n\n<p>Lo que pasa hoy en Argentina repercute en todo el mundo.<br>Los progresismos internacionales \u2014que siguen viendo al Estado como salvador\u2014 observan con creciente incomodidad c\u00f3mo un pa\u00eds que apost\u00f3 por la libertad <strong>logra mejores resultados sociales que aquellos que defienden el intervencionismo estatal<\/strong>.<\/p>\n\n\n\n<p>Este informe de UNICEF, lejos de ser un dato aislado, se vuelve un s\u00edmbolo:<\/p>\n\n\n\n<p><strong>el modelo liberal-libertario funciona, y la izquierda lo sabe.<\/strong><\/p>\n\n\n\n<p>Y por eso, duele.<\/p>\n","protected":false},"excerpt":{"rendered":"<p>La fuerte ca\u00edda de la pobreza reconocida por UNICEF \u2014un organismo hist\u00f3ricamente alineado con la agenda progresista global\u2014 provoc\u00f3 una verdadera urticaria en la izquierda internacional, que observa con incomodidad c\u00f3mo el modelo liberal de Javier Milei derrumba d\u00e9cadas de discurso estatista. Mientras Argentina reduce la pobreza y consolida su recuperaci\u00f3n econ\u00f3mica, se desploma el relato que demoniz\u00f3 al mercado y protegi\u00f3 a dirigentes que se enriquec\u00edan mientras el pa\u00eds se empobrec\u00eda.<\/p>\n","protected":false},"author":2,"featured_media":4515,"comment_status":"open","ping_status":"open","sticky":false,"template":"","format":"standard","meta":{"_acf_changed":false,"advanced_seo_description":"","jetpack_seo_html_title":"","jetpack_seo_noindex":false,"_jetpack_memberships_contains_paid_content":false,"footnotes":""},"categories":[2],"tags":[20,56,310],"class_list":["post-4514","post","type-post","status-publish","format-standard","has-post-thumbnail","hentry","category-economia","tag-destacados","tag-milei","tag-pobreza"],"acf":[],"jetpack_featured_media_url":"https:\/\/elliberador.com\/wp-content\/uploads\/2025\/11\/KOA7BM47UFA7DKEBQTERDG6EOQ.avif","jetpack_sharing_enabled":true,"_links":{"self":[{"href":"https:\/\/elliberador.com\/index.php\/wp-json\/wp\/v2\/posts\/4514","targetHints":{"allow":["GET"]}}],"collection":[{"href":"https:\/\/elliberador.com\/index.php\/wp-json\/wp\/v2\/posts"}],"about":[{"href":"https:\/\/elliberador.com\/index.php\/wp-json\/wp\/v2\/types\/post"}],"author":[{"embeddable":true,"href":"https:\/\/elliberador.com\/index.php\/wp-json\/wp\/v2\/users\/2"}],"replies":[{"embeddable":true,"href":"https:\/\/elliberador.com\/index.php\/wp-json\/wp\/v2\/comments?post=4514"}],"version-history":[{"count":1,"href":"https:\/\/elliberador.com\/index.php\/wp-json\/wp\/v2\/posts\/4514\/revisions"}],"predecessor-version":[{"id":4516,"href":"https:\/\/elliberador.com\/index.php\/wp-json\/wp\/v2\/posts\/4514\/revisions\/4516"}],"wp:featuredmedia":[{"embeddable":true,"href":"https:\/\/elliberador.com\/index.php\/wp-json\/wp\/v2\/media\/4515"}],"wp:attachment":[{"href":"https:\/\/elliberador.com\/index.php\/wp-json\/wp\/v2\/media?parent=4514"}],"wp:term":[{"taxonomy":"category","embeddable":true,"href":"https:\/\/elliberador.com\/index.php\/wp-json\/wp\/v2\/categories?post=4514"},{"taxonomy":"post_tag","embeddable":true,"href":"https:\/\/elliberador.com\/index.php\/wp-json\/wp\/v2\/tags?post=4514"}],"curies":[{"name":"wp","href":"https:\/\/api.w.org\/{rel}","templated":true}]}}