{"id":4532,"date":"2025-11-18T13:33:48","date_gmt":"2025-11-18T16:33:48","guid":{"rendered":"https:\/\/elliberador.com\/?p=4532"},"modified":"2025-11-18T13:33:51","modified_gmt":"2025-11-18T16:33:51","slug":"interna-peronista-la-campora-rompe-con-kicillof","status":"publish","type":"post","link":"https:\/\/elliberador.com\/index.php\/2025\/11\/18\/interna-peronista-la-campora-rompe-con-kicillof\/","title":{"rendered":"Interna peronista: La C\u00e1mpora rompe con Kicillof"},"content":{"rendered":"\n<h3 class=\"wp-block-heading\">Un acto universitario convertido en mensaje interno<\/h3>\n\n\n\n<p>Axel Kicillof eligi\u00f3 un escenario simb\u00f3lico para encender la interna peronista: el Aula Magna de la Universidad Nacional de Quilmes (UNQ), en Bernal, en un acto organizado por la Juventud Universitaria Peronista (JUP) por el D\u00eda de la Militancia.<\/p>\n\n\n\n<p>Rodeado por su ministro de Gobierno Carlos Bianco y referentes del oficialismo bonaerense, el gobernador combin\u00f3 defensa de la universidad p\u00fablica con una arenga pol\u00edtica que, en el tramo final, dej\u00f3 de apuntar al presidente Javier Milei para empezar a apuntar hacia adentro del propio peronismo.<\/p>\n\n\n\n<p>Kicillof reclam\u00f3 que el peronismo \u201cle hable de frente\u201d a la sociedad, la entusiasme y la haga participar, y lanz\u00f3 su frase de la noche: esto no se resuelve con una l\u00ednea de pensamiento que baje desde \u201cninguna esfera\u201d, sino con discusi\u00f3n y construcci\u00f3n \u201cdemocr\u00e1tica y participativa\u201d en el conjunto de la militancia.<\/p>\n\n\n\n<p>El mensaje no fue neutro. Lleg\u00f3 despu\u00e9s de la derrota electoral de octubre, con miras a 2027 y en pleno reacomodamiento de un peronismo bonaerense que sigue siendo la principal estructura territorial del espacio, pero que hoy convive con un presidente libertario en Naci\u00f3n y con su figura hist\u00f3rica \u2013Cristina Kirchner\u2013 cumpliendo prisi\u00f3n domiciliaria en Constituci\u00f3n.<\/p>\n\n\n\n<p>Mientras las nuevas autoridades de la JUP asum\u00edan su rol, Kicillof volvi\u00f3 a presentarse como el garante de la \u201cuniversidad p\u00fablica, gratuita y de calidad\u201d frente al ajuste educativo del gobierno nacional, insistiendo en que no hay desarrollo ni justicia social sin el sistema universitario que el libertarismo cuestiona.<\/p>\n\n\n\n<hr class=\"wp-block-separator has-alpha-channel-opacity\"\/>\n\n\n\n<h3 class=\"wp-block-heading\">Ausencia de Mayra y pelea por la caja bonaerense<\/h3>\n\n\n\n<p>La otra noticia de la noche fue qui\u00e9n <strong>no<\/strong> estuvo: Mayra Mendoza. La intendenta camporista de Quilmes, una de las dirigentes m\u00e1s cercanas a Cristina Kirchner, decidi\u00f3 no asistir al acto pese a que el evento se realiz\u00f3 en su propio distrito.<\/p>\n\n\n\n<p>En los d\u00edas previos, Mendoza hab\u00eda criticado con dureza el proyecto de Presupuesto 2026 enviado por Kicillof, denunciando la falta de fondos para las obras hidr\u00e1ulicas sobre los arroyos San Francisco\u2013Las Piedras, claves para evitar inundaciones en la zona. Desde su entorno aclararon que la jefa comunal entra en \u201cmodo opositora responsable\u201d: no se alinea ciegamente con el gobernador y marca que la Provincia debe \u201chacer lo que corresponde para los vecinos\u201d.<\/p>\n\n\n\n<p>La discusi\u00f3n no es solo t\u00e9cnica. Detr\u00e1s del reclamo por obras aparece la pelea cl\u00e1sica del peronismo bonaerense: <strong>qui\u00e9n maneja la caja y qui\u00e9n fija las prioridades<\/strong>. El presupuesto de la Provincia, presionado por la ca\u00edda de transferencias nacionales y la inflaci\u00f3n, se convirti\u00f3 en el nuevo campo de batalla entre el dispositivo de Kicillof y los intendentes y espacios ligados a La C\u00e1mpora.<\/p>\n\n\n\n<p>Mientras el gobernador sostiene que la administraci\u00f3n provincial debe actuar como \u201cescudo\u201d frente al ajuste del presidente Milei \u2013y reclama deudas millonarias de la Naci\u00f3n\u2013, los jefes comunales se\u00f1alan que ese rol de escudo no puede financiarse recortando obras locales ni concentrando poder de decisi\u00f3n en La Plata.<\/p>\n\n\n\n<hr class=\"wp-block-separator has-alpha-channel-opacity\"\/>\n\n\n\n<h3 class=\"wp-block-heading\">Del verticalismo K al \u201cMovimiento Derecho al Futuro\u201d<\/h3>\n\n\n\n<p>La frase sobre el \u201cpensamiento que no puede bajar de ninguna esfera\u201d fue le\u00edda en todos los despachos peronistas como un tiro por elevaci\u00f3n al viejo esquema de conducci\u00f3n de Cristina Kirchner: l\u00edder indiscutida, lista \u00fanica y definiciones tomadas en su c\u00edrculo m\u00e1s \u00edntimo.<\/p>\n\n\n\n<p>No es casualidad que el mensaje llegue justo cuando la ex presidente, desde su departamento en San Jos\u00e9 1111 bajo r\u00e9gimen de prisi\u00f3n domiciliaria, se muestra recibiendo a un grupo de economistas que le entregaron un documento de m\u00e1s de 400 p\u00e1ginas con un \u201cplan de desarrollo productivo y federal para el siglo XXI\u201d.<\/p>\n\n\n\n<p>Mientras Kicillof pide que las ideas no bajen \u201cde ninguna esfera\u201d, Cristina vuelve a instalar la imagen de la conducci\u00f3n que dise\u00f1a la hoja de ruta macroecon\u00f3mica del peronismo desde arriba, para que despu\u00e9s el partido \u201cla discuta\u201d. La foto es el contraste perfecto:<\/p>\n\n\n\n<ul class=\"wp-block-list\">\n<li><strong>Axel<\/strong> en un aula con j\u00f3venes militantes, hablando de participaci\u00f3n y de \u201cpatear la mesa\u201d si hace falta.<\/li>\n\n\n\n<li><strong>Cristina<\/strong> rodeada de t\u00e9cnicos y cuadros del PJ, organizando comisiones de trabajo y proponiendo un programa econ\u00f3mico cerrado para que el Consejo del partido lo trate.<\/li>\n<\/ul>\n\n\n\n<p>En ese contexto, cobra m\u00e1s sentido pol\u00edtico el armado que el gobernador viene consolidando desde febrero: el <strong>Movimiento Derecho al Futuro (MDF)<\/strong>, su propio sello dentro del peronismo bonaerense, con intendentes, legisladores y sindicatos que intentan posicionarlo como opci\u00f3n para 2027 y como alternativa al kirchnerismo tradicional.<\/p>\n\n\n\n<p>El discurso en Quilmes puede leerse como el cap\u00edtulo universitario de ese proyecto: Kicillof intenta mostrar que su liderazgo no se apoya solo en la estructura estatal y en la caja provincial, sino tambi\u00e9n en una militancia juvenil que lo reconoce como referente frente a un \u201cviejo peronismo\u201d ligado a Cristina y a La C\u00e1mpora.<\/p>\n\n\n\n<hr class=\"wp-block-separator has-alpha-channel-opacity\"\/>\n\n\n\n<h3 class=\"wp-block-heading\">Una interna de aparatos, lejos del bolsillo bonaerense<\/h3>\n\n\n\n<p>Desde una mirada liberal\u2013libertaria, la escena deja varias conclusiones inc\u00f3modas para el propio peronismo:<\/p>\n\n\n\n<ul class=\"wp-block-list\">\n<li>Mientras el <strong>presidente Javier Milei<\/strong> recorta transferencias, discute acuerdos internacionales y pelea por ordenar un Estado quebrado, el oficialismo bonaerense responde m\u00e1s con actos, marchas y nuevos sellos pol\u00edticos que con un ajuste serio de su propio gasto.<\/li>\n\n\n\n<li>La discusi\u00f3n entre Kicillof, Mendoza, Cristina y los intendentes gira alrededor de <strong>qui\u00e9n decide c\u00f3mo se reparten los recursos p\u00fablicos<\/strong>, no de c\u00f3mo aliviar la presi\u00f3n impositiva o bajar el peso del Estado sobre la econom\u00eda real de la provincia.<\/li>\n\n\n\n<li>El reclamo por la universidad p\u00fablica, la obra hidr\u00e1ulica o el \u201cmodelo de desarrollo federal\u201d se da sin que nadie cuestione el sistema que los financia: m\u00e1s deuda, m\u00e1s presi\u00f3n fiscal y m\u00e1s dependencia de una coparticipaci\u00f3n que ya no alcanza.<\/li>\n<\/ul>\n\n\n\n<p>Kicillof intenta presentarse como la renovaci\u00f3n democr\u00e1tica del peronismo bonaerense frente al verticalismo kirchnerista. Pero, en los hechos, la disputa es entre aparatos pol\u00edticos que se sostienen con los mismos impuestos que pagan los bonaerenses que no llegan a fin de mes.<\/p>\n\n\n\n<p>El gobernador habla de \u201cconstrucci\u00f3n desde abajo\u201d, pero al mismo tiempo arma su propio movimiento, negocia presupuestos millonarios, preserva una estructura estatal gigantesca y reclama m\u00e1s recursos nacionales mientras evita cualquier gesto de reducci\u00f3n real del Estado que conduce. Cristina, desde su prisi\u00f3n domiciliaria, sigue proponiendo grandes planes econ\u00f3micos redactados por tecn\u00f3cratas peronistas, como si al pa\u00eds le faltaran planes y le sobraran libertades econ\u00f3micas.<\/p>\n\n\n\n<p>La interna peronista en la provincia de Buenos Aires, vista desde afuera, parece m\u00e1s una lucha por qui\u00e9n administra la misma l\u00f3gica estatista que una verdadera discusi\u00f3n sobre c\u00f3mo sacar a la provincia del ahogo fiscal, la inseguridad y la decadencia de sus servicios p\u00fablicos. El mensaje de Kicillof contra el \u201cpensamiento que baja de ninguna esfera\u201d puede sonar rebelde en el Aula Magna, pero para el contribuyente bonaerense de a pie sigue siendo, por ahora, una discusi\u00f3n entre jefes pol\u00edticos que se reparten el Estado, no que lo achican.<\/p>\n","protected":false},"excerpt":{"rendered":"<p>El gobernador aprovech\u00f3 un acto universitario por el D\u00eda de la Militancia para enviar un mensaje directo a la interna del PJ: cuestion\u00f3 los liderazgos que \u201cbajan l\u00ednea desde arriba\u201d, mientras Cristina Kirchner, desde su departamento en Constituci\u00f3n y en prisi\u00f3n domiciliaria, sigue dise\u00f1ando el \u201cpensamiento\u201d del partido con documentos t\u00e9cnicos de 400 p\u00e1ginas. La ausente de la jornada fue la camporista Mayra Mendoza, en modo \u201copositora responsable\u201d.<\/p>\n","protected":false},"author":2,"featured_media":4533,"comment_status":"open","ping_status":"open","sticky":false,"template":"","format":"standard","meta":{"_acf_changed":false,"advanced_seo_description":"","jetpack_seo_html_title":"","jetpack_seo_noindex":false,"_jetpack_memberships_contains_paid_content":false,"footnotes":""},"categories":[4],"tags":[69,20],"class_list":["post-4532","post","type-post","status-publish","format-standard","has-post-thumbnail","hentry","category-politica","tag-cfk","tag-destacados"],"acf":[],"jetpack_featured_media_url":"https:\/\/elliberador.com\/wp-content\/uploads\/2025\/11\/jx0X5POYs_1256x620__1-1.jpg","jetpack_sharing_enabled":true,"_links":{"self":[{"href":"https:\/\/elliberador.com\/index.php\/wp-json\/wp\/v2\/posts\/4532","targetHints":{"allow":["GET"]}}],"collection":[{"href":"https:\/\/elliberador.com\/index.php\/wp-json\/wp\/v2\/posts"}],"about":[{"href":"https:\/\/elliberador.com\/index.php\/wp-json\/wp\/v2\/types\/post"}],"author":[{"embeddable":true,"href":"https:\/\/elliberador.com\/index.php\/wp-json\/wp\/v2\/users\/2"}],"replies":[{"embeddable":true,"href":"https:\/\/elliberador.com\/index.php\/wp-json\/wp\/v2\/comments?post=4532"}],"version-history":[{"count":1,"href":"https:\/\/elliberador.com\/index.php\/wp-json\/wp\/v2\/posts\/4532\/revisions"}],"predecessor-version":[{"id":4534,"href":"https:\/\/elliberador.com\/index.php\/wp-json\/wp\/v2\/posts\/4532\/revisions\/4534"}],"wp:featuredmedia":[{"embeddable":true,"href":"https:\/\/elliberador.com\/index.php\/wp-json\/wp\/v2\/media\/4533"}],"wp:attachment":[{"href":"https:\/\/elliberador.com\/index.php\/wp-json\/wp\/v2\/media?parent=4532"}],"wp:term":[{"taxonomy":"category","embeddable":true,"href":"https:\/\/elliberador.com\/index.php\/wp-json\/wp\/v2\/categories?post=4532"},{"taxonomy":"post_tag","embeddable":true,"href":"https:\/\/elliberador.com\/index.php\/wp-json\/wp\/v2\/tags?post=4532"}],"curies":[{"name":"wp","href":"https:\/\/api.w.org\/{rel}","templated":true}]}}