{"id":4543,"date":"2025-11-18T15:37:34","date_gmt":"2025-11-18T18:37:34","guid":{"rendered":"https:\/\/elliberador.com\/?p=4543"},"modified":"2025-11-18T15:37:36","modified_gmt":"2025-11-18T18:37:36","slug":"caso-andis-la-caja-que-no-era-caja-cronica-de-un-escandalo-que-no-fue-y-de-los-que-quieren-que-sea","status":"publish","type":"post","link":"https:\/\/elliberador.com\/index.php\/2025\/11\/18\/caso-andis-la-caja-que-no-era-caja-cronica-de-un-escandalo-que-no-fue-y-de-los-que-quieren-que-sea\/","title":{"rendered":"CASO ANDIS: La Caja que No Era Caja: Cr\u00f3nica de un Esc\u00e1ndalo que No Fue (y de los que quieren que sea)"},"content":{"rendered":"\n<h2 class=\"wp-block-heading\"><strong><em>El humo, los t\u00edtulos f\u00e1ciles y la ansiedad por encontrar culpables arriba<\/em><\/strong><\/h2>\n\n\n\n<p>Cada tanto, la maquinaria de fake news local se enciende con el entusiasmo de quien huele sangre. El caso ANDIS fue uno de esos momentos: audios filtrados, porcentajes repetidos como mantra (\u00bf3%? \u00bf8%? depende del influencer de turno) y el nombre de <strong>Karina Milei<\/strong> circulando sin el menor contraste. El objetivo era claro: instalar que desde lo m\u00e1s alto del poder se comandaba una estructura de retornos. Un golpe certero, si fuera verdad. Pero no lo es.<\/p>\n\n\n\n<p>Para separar el ruido de los hechos conviene un repaso. Seg\u00fan fuentes judiciales y reconstrucciones publicadas por <strong>\u201cEl Liberador\u201d<\/strong>, la causa se inicia a partir de audios atribuidos a Diego Spagnuolo, exdirector de ANDIS, quien denuncia un supuesto desfalco. La oposici\u00f3n y algunos medios militantes transformaron esos audios en prueba irrefutable de que Karina Milei ped\u00eda coimas. Pero cuando la Justicia empez\u00f3 a trabajar, el relato se desinfl\u00f3 como globo pinchado.<\/p>\n\n\n\n<p>Los investigadores determinaron que los audios no alcanzan para imputar a nadie del entorno presidencial, que no hay flujos de dinero vinculados al Ejecutivo y que no se verific\u00f3 ninguna orden directa para direccionar licitaciones. Lo que s\u00ed apareci\u00f3 \u2014y en cantidades industriales\u2014 es otra cosa.<\/p>\n\n\n\n<hr class=\"wp-block-separator has-alpha-channel-opacity\"\/>\n\n\n\n<h2 class=\"wp-block-heading\"><strong><em>\u00bfQu\u00e9 s\u00ed encontr\u00f3 la Justicia?<\/em><\/strong><\/h2>\n\n\n\n<p>El nudo de la causa gira en torno a <strong>contratos sospechosos de proveedores privados<\/strong> y maniobras realizadas por intermediarios que operaban en el ecosistema de la salud desde antes del actual gobierno. El patr\u00f3n es siempre el mismo: licitaciones acotadas, precios inflados y un circuito de pagos que beneficiaba a un pu\u00f1ado de droguer\u00edas.<\/p>\n\n\n\n<p>Seg\u00fan documentaci\u00f3n citada por \u201cEl Liberador\u201d, entre diciembre de 2023 y octubre de 2025 cuatro empresas concentraron montos por m\u00e1s de <strong>$48.000 millones<\/strong> en contratos de medicamentos de alto costo. La fiscal\u00eda sospecha que esa estructura generaba sobreprecios que luego se convert\u00edan en retornos internos\u2026 pero no hacia arriba, como vend\u00edan los titulares clickbait, sino hacia operadores espec\u00edficos, algunos bien conocidos en el rubro.<\/p>\n\n\n\n<p>Todo esto pas\u00f3 <strong>por debajo de la l\u00ednea pol\u00edtica<\/strong>, una pr\u00e1ctica heredada que el nuevo gobierno a\u00fan estaba desactivando cuando estall\u00f3 la investigaci\u00f3n. Pero claro: para quienes necesitan un esc\u00e1ndalo \u00e9pico, eso no vende.<\/p>\n\n\n\n<hr class=\"wp-block-separator has-alpha-channel-opacity\"\/>\n\n\n\n<h1 class=\"wp-block-heading\"><strong>El cap\u00edtulo Calvete: dinero, allanamientos y silencio roto<\/strong><\/h1>\n\n\n\n<h2 class=\"wp-block-heading\"><strong><em>Ornella Calvete: cuando la pol\u00edtica paga los platos rotos ajenos<\/em><\/strong><\/h2>\n\n\n\n<p>La renuncia de <strong>Ornella Calvete<\/strong>, funcionaria del \u00e1rea de Desarrollo Regional, fue presentada por algunos portales como una confirmaci\u00f3n de la \u201cred Milei\u2013Calvete\u201d. Nada m\u00e1s lejos. La joven aparec\u00eda mencionada en el expediente por un hallazgo puntual: durante un allanamiento, la Justicia encontr\u00f3 <strong>una suma cercana a USD 700.000<\/strong> en su domicilio. Ese hecho la dej\u00f3, inevitablemente, en el centro de la escena.<\/p>\n\n\n\n<p>Pero aqu\u00ed el detalle importante: el origen del dinero se vincula <strong>a movimientos comerciales del entorno de su padre<\/strong>, no a ninguna orden estatal, ni a la operaci\u00f3n de la ANDIS, ni a circuitos de financiamiento pol\u00edtico. Seg\u00fan fuentes cercanas a la investigaci\u00f3n citadas por \u201cEl Liberador\u201d, su renuncia se explicaba por un criterio de responsabilidad institucional, no por una imputaci\u00f3n directa. Hasta el d\u00eda de hoy, no se comprob\u00f3 que Ornella haya participado en maniobras dentro de la agencia.<\/p>\n\n\n\n<h2 class=\"wp-block-heading\"><strong><em>Miguel \u00c1ngel Calvete: la pieza que s\u00ed aparece en el rompecabezas<\/em><\/strong><\/h2>\n\n\n\n<p>Su padre, <strong>Miguel \u00c1ngel Calvete<\/strong>, s\u00ed figura como engranaje relevante. Operador hist\u00f3rico del mundo de las droguer\u00edas, aparece en chats, cuadernos manuscritos y conversaciones vinculados a la operatoria en torno a proveedores de la ANDIS. En estos materiales \u2014seg\u00fan fuentes del expediente revisadas por \u201cEl Liberador\u201d\u2014 se lo observa recomendando c\u00f3mo \u201cjustificar\u201d sumas en efectivo y describiendo un \u201coperativo limpieza\u201d ante el avance judicial.<\/p>\n\n\n\n<p>Aqu\u00ed est\u00e1 la clave: <strong>el financiamiento y las maniobras investigadas pertenecen al sector privado<\/strong>, a su red hist\u00f3rica y a su modo de operar aprovechando estructuras d\u00e9biles del Estado. Nada de eso apunta al Ejecutivo actual. Nada de eso sostiene la ficci\u00f3n de que Karina Milei ped\u00eda retornos del 3% o del 8%.<\/p>\n\n\n\n<p>El mito se derrumba donde siempre: en los papeles.<\/p>\n\n\n\n<hr class=\"wp-block-separator has-alpha-channel-opacity\"\/>\n\n\n\n<h2 class=\"wp-block-heading\"><strong><em>La tentaci\u00f3n de fabricar culpables<\/em><\/strong><\/h2>\n\n\n\n<p>La causa ANDIS se volvi\u00f3 terreno f\u00e9rtil para quienes necesitan contaminar pol\u00edticamente cualquier hecho, aun sin pruebas. Seg\u00fan fuentes de \u201cEl Liberador\u201d, ning\u00fan tramo del expediente vincula una instrucci\u00f3n presidencial o una orden de Karina Milei para recaudar dinero ilegal. Y si existiera, la oposici\u00f3n ya habr\u00eda pedido juicio pol\u00edtico en cadena nacional.<\/p>\n\n\n\n<p>Pero lo real es bastante menos cinematogr\u00e1fico: operadores viejos del sistema, negocios enquistados en el rubro de insumos m\u00e9dicos y un Estado que arrastra d\u00e9cadas de irregularidades que el gobierno actual empez\u00f3 a transparentar. La causa no es un arma contra Milei; es, en todo caso, confirmaci\u00f3n de por qu\u00e9 la transformaci\u00f3n del Estado es urgente.<\/p>\n\n\n\n<hr class=\"wp-block-separator has-alpha-channel-opacity\"\/>\n\n\n\n<h2 class=\"wp-block-heading\"><strong><em>Batalla cultural: llamar las cosas por su nombre<\/em><\/strong><\/h2>\n\n\n\n<p>Este episodio es otro recordatorio de la pelea que estamos dando: <strong>desarmar el sentido com\u00fan t\u00f3xico que quiere instalar que todo lo que toca un gobierno liberal\u2013libertario es autom\u00e1ticamente corrupci\u00f3n<\/strong>. La estrategia es vieja: \u201csi no pod\u00e9s vencer las ideas, ensuci\u00e1 a quienes las defienden\u201d.<\/p>\n\n\n\n<p>Lo que la causa ANDIS est\u00e1 demostrando es exactamente lo contrario de lo que se quiso instalar:<\/p>\n\n\n\n<ul class=\"wp-block-list\">\n<li>El gobierno actu\u00f3 r\u00e1pido.<\/li>\n\n\n\n<li>Se desplaz\u00f3 a los involucrados.<\/li>\n\n\n\n<li>Hubo total colaboraci\u00f3n con la Justicia.<\/li>\n\n\n\n<li>No hubo protecci\u00f3n pol\u00edtica.<\/li>\n<\/ul>\n\n\n\n<p>Eso no lo van a decir quienes necesitan mantener la novela del \u201c8%\u201d. Por suerte, los hechos no se negocian.<\/p>\n\n\n\n<p>La batalla cultural sigue. Este caso, lejos de ser una mancha para el gobierno, es una oportunidad para seguir limpiando estructuras que estaban podridas mucho antes de diciembre de 2023. Y para recordar algo simple: <strong>la verdad tarda, pero llega<\/strong>. Y cuando llega, incomoda a los que viven de vender humo.<\/p>\n","protected":false},"excerpt":{"rendered":"<p>Mientras algunos agitadores digitales insisten con la f\u00e1bula del \u201c8%\u201d y el supuesto financiamiento espurio desde la ANDIS, la causa judicial muestra otra pel\u00edcula. No es el Estado ni la c\u00fapula del gobierno quienes aparecen vinculados a retornos, sino un entramado privado\u2013paraestatal que se mov\u00eda en los bordes. Este art\u00edculo repasa los hechos, las pruebas reales y por qu\u00e9 esta opereta es otro cap\u00edtulo de la batalla cultural contra un gobierno que incomoda.<\/p>\n","protected":false},"author":2,"featured_media":4545,"comment_status":"open","ping_status":"open","sticky":false,"template":"","format":"standard","meta":{"_acf_changed":false,"advanced_seo_description":"La causa ANDIS desarma el mito del \u201c8%\u201d: no hubo retornos al gobierno, sino maniobras privadas heredadas. Hechos, pruebas y la batalla cultural detr\u00e1s.","jetpack_seo_html_title":"Caso ANDIS: qu\u00e9 revel\u00f3 realmente la investigaci\u00f3n y por qu\u00e9 cay\u00f3 el mito del \u201c8%\"","jetpack_seo_noindex":false,"_jetpack_memberships_contains_paid_content":false,"footnotes":""},"categories":[59],"tags":[331,137,342,337,51,20,333,335,338,340,334,336,56,341,339,332],"class_list":["post-4543","post","type-post","status-publish","format-standard","has-post-thumbnail","hentry","category-justicia","tag-andis","tag-batalla-cultural","tag-calvete","tag-causa-judicial","tag-corrupcion","tag-destacados","tag-discapacidad","tag-escandalo-8","tag-fake-news","tag-investigacion","tag-justicia","tag-karina-milei","tag-milei","tag-proveedores-de-salud","tag-retornos","tag-spagnuolo"],"acf":[],"jetpack_featured_media_url":"https:\/\/elliberador.com\/wp-content\/uploads\/2025\/11\/Ornella-Calvete.avif","jetpack_sharing_enabled":true,"_links":{"self":[{"href":"https:\/\/elliberador.com\/index.php\/wp-json\/wp\/v2\/posts\/4543","targetHints":{"allow":["GET"]}}],"collection":[{"href":"https:\/\/elliberador.com\/index.php\/wp-json\/wp\/v2\/posts"}],"about":[{"href":"https:\/\/elliberador.com\/index.php\/wp-json\/wp\/v2\/types\/post"}],"author":[{"embeddable":true,"href":"https:\/\/elliberador.com\/index.php\/wp-json\/wp\/v2\/users\/2"}],"replies":[{"embeddable":true,"href":"https:\/\/elliberador.com\/index.php\/wp-json\/wp\/v2\/comments?post=4543"}],"version-history":[{"count":2,"href":"https:\/\/elliberador.com\/index.php\/wp-json\/wp\/v2\/posts\/4543\/revisions"}],"predecessor-version":[{"id":4546,"href":"https:\/\/elliberador.com\/index.php\/wp-json\/wp\/v2\/posts\/4543\/revisions\/4546"}],"wp:featuredmedia":[{"embeddable":true,"href":"https:\/\/elliberador.com\/index.php\/wp-json\/wp\/v2\/media\/4545"}],"wp:attachment":[{"href":"https:\/\/elliberador.com\/index.php\/wp-json\/wp\/v2\/media?parent=4543"}],"wp:term":[{"taxonomy":"category","embeddable":true,"href":"https:\/\/elliberador.com\/index.php\/wp-json\/wp\/v2\/categories?post=4543"},{"taxonomy":"post_tag","embeddable":true,"href":"https:\/\/elliberador.com\/index.php\/wp-json\/wp\/v2\/tags?post=4543"}],"curies":[{"name":"wp","href":"https:\/\/api.w.org\/{rel}","templated":true}]}}