{"id":4552,"date":"2025-11-18T20:12:56","date_gmt":"2025-11-18T23:12:56","guid":{"rendered":"https:\/\/elliberador.com\/?p=4552"},"modified":"2025-11-18T20:12:58","modified_gmt":"2025-11-18T23:12:58","slug":"los-mayoristas-confirman-el-rumbo-la-inflacion-se-desploma-y-argentina-cambia-de-regimen-economico","status":"publish","type":"post","link":"https:\/\/elliberador.com\/index.php\/2025\/11\/18\/los-mayoristas-confirman-el-rumbo-la-inflacion-se-desploma-y-argentina-cambia-de-regimen-economico\/","title":{"rendered":"Los mayoristas confirman el rumbo: la inflaci\u00f3n se desploma y Argentina cambia de r\u00e9gimen econ\u00f3mico"},"content":{"rendered":"\n<h2 class=\"wp-block-heading\"><strong><em>El quiebre que necesitaba la econom\u00eda<\/em><\/strong><\/h2>\n\n\n\n<div class=\"wp-block-columns is-layout-flex wp-container-core-columns-is-layout-28f84493 wp-block-columns-is-layout-flex\">\n<div class=\"wp-block-column is-layout-flow wp-block-column-is-layout-flow\">\n<figure class=\"wp-block-image size-large\"><img fetchpriority=\"high\" decoding=\"async\" width=\"1024\" height=\"614\" src=\"https:\/\/elliberador.com\/wp-content\/uploads\/2025\/11\/grafica1-1024x614.png\" alt=\"\" class=\"wp-image-4553\" srcset=\"https:\/\/elliberador.com\/wp-content\/uploads\/2025\/11\/grafica1-1024x614.png 1024w, https:\/\/elliberador.com\/wp-content\/uploads\/2025\/11\/grafica1-300x180.png 300w, https:\/\/elliberador.com\/wp-content\/uploads\/2025\/11\/grafica1-768x461.png 768w, https:\/\/elliberador.com\/wp-content\/uploads\/2025\/11\/grafica1-1536x922.png 1536w, https:\/\/elliberador.com\/wp-content\/uploads\/2025\/11\/grafica1-2048x1229.png 2048w\" sizes=\"(max-width: 1024px) 100vw, 1024px\" \/><\/figure>\n<\/div>\n\n\n\n<div class=\"wp-block-column is-layout-flow wp-block-column-is-layout-flow\">\n<figure class=\"wp-block-image size-large\"><img decoding=\"async\" width=\"1024\" height=\"614\" src=\"https:\/\/elliberador.com\/wp-content\/uploads\/2025\/11\/grafica2-1024x614.png\" alt=\"\" class=\"wp-image-4554\" srcset=\"https:\/\/elliberador.com\/wp-content\/uploads\/2025\/11\/grafica2-1024x614.png 1024w, https:\/\/elliberador.com\/wp-content\/uploads\/2025\/11\/grafica2-300x180.png 300w, https:\/\/elliberador.com\/wp-content\/uploads\/2025\/11\/grafica2-768x461.png 768w, https:\/\/elliberador.com\/wp-content\/uploads\/2025\/11\/grafica2-1536x922.png 1536w, https:\/\/elliberador.com\/wp-content\/uploads\/2025\/11\/grafica2-2048x1229.png 2048w\" sizes=\"(max-width: 1024px) 100vw, 1024px\" \/><\/figure>\n<\/div>\n<\/div>\n\n\n\n<p>Hay datos que no requieren interpretaci\u00f3n; simplemente rompen la inercia. El informe de <strong>INDEC<\/strong> sobre los precios mayoristas de octubre es uno de esos. Despu\u00e9s del 3,7% de septiembre \u2014claramente visible en el gr\u00e1fico que compartiste del mes anterior\u2014 el mercado esperaba calma, pero no un derrumbe. Sin embargo, el <strong>IPIM cay\u00f3 a 1,1%<\/strong>, marcando una desaceleraci\u00f3n brutal en un mes t\u00edpicamente sensible como octubre, atravesado por ruido electoral.<\/p>\n\n\n\n<p>Esa ca\u00edda no es un fen\u00f3meno aislado: es el s\u00edntoma de un cambio de r\u00e9gimen. La economista <strong>Yayi Morales<\/strong> lo sintetiza con una claridad quir\u00fargica:<\/p>\n\n\n\n<blockquote class=\"wp-block-quote is-layout-flow wp-block-quote-is-layout-flow\">\n<p><em>\u201cDe 3,7% a 1,1% no hay magia; hay expectativas ancladas. Si los precios base de la econom\u00eda corren al 1%, la minorista va a tener que acompa\u00f1ar. Es tendencia, no accidente.\u201d<\/em><\/p>\n<\/blockquote>\n\n\n\n<p>Para una econom\u00eda acostumbrada a shock tras shock, ver los precios mayoristas alinearse al 1% mensual no es s\u00f3lo una buena noticia: es un mensaje.<br>Un mensaje para empresarios, consumidores y operadores: <strong>el plan econ\u00f3mico est\u00e1 funcionando y el mercado lo est\u00e1 validando<\/strong>.<\/p>\n\n\n\n<hr class=\"wp-block-separator has-alpha-channel-opacity\"\/>\n\n\n\n<h2 class=\"wp-block-heading\"><strong><em>Importados a la baja: un pa\u00eds que empieza a competir<\/em><\/strong><\/h2>\n\n\n\n<div class=\"wp-block-columns is-layout-flex wp-container-core-columns-is-layout-28f84493 wp-block-columns-is-layout-flex\">\n<div class=\"wp-block-column is-layout-flow wp-block-column-is-layout-flow\">\n<figure class=\"wp-block-image size-large\"><img decoding=\"async\" width=\"1024\" height=\"614\" src=\"https:\/\/elliberador.com\/wp-content\/uploads\/2025\/11\/grafica3-1024x614.png\" alt=\"\" class=\"wp-image-4555\" srcset=\"https:\/\/elliberador.com\/wp-content\/uploads\/2025\/11\/grafica3-1024x614.png 1024w, https:\/\/elliberador.com\/wp-content\/uploads\/2025\/11\/grafica3-300x180.png 300w, https:\/\/elliberador.com\/wp-content\/uploads\/2025\/11\/grafica3-768x461.png 768w, https:\/\/elliberador.com\/wp-content\/uploads\/2025\/11\/grafica3-1536x922.png 1536w, https:\/\/elliberador.com\/wp-content\/uploads\/2025\/11\/grafica3-2048x1229.png 2048w\" sizes=\"(max-width: 1024px) 100vw, 1024px\" \/><\/figure>\n<\/div>\n\n\n\n<div class=\"wp-block-column is-layout-flow wp-block-column-is-layout-flow\">\n<figure class=\"wp-block-image size-large\"><img loading=\"lazy\" decoding=\"async\" width=\"1024\" height=\"614\" src=\"https:\/\/elliberador.com\/wp-content\/uploads\/2025\/11\/grafica4-1024x614.png\" alt=\"\" class=\"wp-image-4556\" srcset=\"https:\/\/elliberador.com\/wp-content\/uploads\/2025\/11\/grafica4-1024x614.png 1024w, https:\/\/elliberador.com\/wp-content\/uploads\/2025\/11\/grafica4-300x180.png 300w, https:\/\/elliberador.com\/wp-content\/uploads\/2025\/11\/grafica4-768x461.png 768w, https:\/\/elliberador.com\/wp-content\/uploads\/2025\/11\/grafica4-1536x922.png 1536w, https:\/\/elliberador.com\/wp-content\/uploads\/2025\/11\/grafica4-2048x1229.png 2048w\" sizes=\"(max-width: 1024px) 100vw, 1024px\" \/><\/figure>\n<\/div>\n<\/div>\n\n\n\n<p>El coraz\u00f3n del informe est\u00e1 en el comportamiento de los importados. Mientras los productos nacionales avanzaron <strong>1,3%<\/strong>, los importados <strong>cayeron \u20131,4%<\/strong>, algo que el propio INDEC detalla claramente en su tabla comparativa entre segmentos.<\/p>\n\n\n\n<p>Morales remarc\u00f3 este punto:<\/p>\n\n\n\n<blockquote class=\"wp-block-quote is-layout-flow wp-block-quote-is-layout-flow\">\n<p><em>\u201cNo hay outliers, no hay cambios abruptos. Es un ajuste l\u00f3gico de precios despu\u00e9s del exceso de septiembre, que hab\u00eda sido demasiado alto para un mercado ya en transici\u00f3n.\u201d<\/em><\/p>\n<\/blockquote>\n\n\n\n<p>Lo notable es que la baja no surge de controles ni de regulaciones artificiales. Surge del mercado. Surge de la competencia. Surge de un comercio exterior que empieza a funcionar sin el cors\u00e9 del proteccionismo.<\/p>\n\n\n\n<p>Es exactamente lo que promet\u00eda la agenda liberal-libertaria: <strong>ordenar la econom\u00eda no a fuerza de decreto, sino a fuerza de incentivos<\/strong>.<br>Y ahora aparece en la estad\u00edstica oficial del INDEC.<\/p>\n\n\n\n<hr class=\"wp-block-separator has-alpha-channel-opacity\"\/>\n\n\n\n<h2 class=\"wp-block-heading\"><strong><em>Una macro que empieza a ordenarse de abajo hacia arriba<\/em><\/strong><\/h2>\n\n\n\n<figure class=\"wp-block-image size-large\"><img loading=\"lazy\" decoding=\"async\" width=\"1024\" height=\"614\" src=\"https:\/\/elliberador.com\/wp-content\/uploads\/2025\/11\/grafica5-1024x614.png\" alt=\"\" class=\"wp-image-4557\" srcset=\"https:\/\/elliberador.com\/wp-content\/uploads\/2025\/11\/grafica5-1024x614.png 1024w, https:\/\/elliberador.com\/wp-content\/uploads\/2025\/11\/grafica5-300x180.png 300w, https:\/\/elliberador.com\/wp-content\/uploads\/2025\/11\/grafica5-768x461.png 768w, https:\/\/elliberador.com\/wp-content\/uploads\/2025\/11\/grafica5-1536x922.png 1536w, https:\/\/elliberador.com\/wp-content\/uploads\/2025\/11\/grafica5-2048x1229.png 2048w\" sizes=\"(max-width: 1024px) 100vw, 1024px\" \/><\/figure>\n\n\n\n<p>La ca\u00edda de los mayoristas no es un episodio; es un anticipo. El IPIM es la antesala de los precios al consumidor, y cuando el mayorista pisa el freno, la minorista termina adapt\u00e1ndose. Es el mecanismo m\u00e1s b\u00e1sico y s\u00f3lido de cualquier econom\u00eda de mercado.<\/p>\n\n\n\n<p>El gobierno lo sabe. Por eso celebr\u00f3 inmediatamente el dato. Pero esta vez no se trata del festejo pol\u00edtico: se trata de la evidencia. Y de algo m\u00e1s profundo: <strong>la narrativa est\u00e1 cambiando<\/strong>.<\/p>\n\n\n\n<p>Argentina ven\u00eda de d\u00e9cadas donde los precios eran un animal indomesticable. Hoy, en cambio, el dato de INDEC muestra un mercado que corrige, un sector privado que empieza a moverse por expectativas racionales y una macro que deja atr\u00e1s el r\u00e9gimen inflacionario cr\u00f3nico.<\/p>\n\n\n\n<p>Morales lo dijo sin rodeos:<\/p>\n\n\n\n<p><em>\u201cEste dato se alinea con un escenario donde la inflaci\u00f3n va a continuar desacelerando. Es lo que ocurre cuando la pol\u00edtica econ\u00f3mica deja de estorbar y empieza a ordenar.\u201d<\/em><\/p>\n\n\n\n<p>Y ah\u00ed est\u00e1 el punto: <strong>no es magia; es mercado<\/strong>.<\/p>\n\n\n\n<p>\u2014 Ecus<br><em>La libertad no se mendiga, se ejerce<\/em><\/p>\n","protected":false},"excerpt":{"rendered":"<p>El IPIM marc\u00f3 1,1% en octubre, desplom\u00e1ndose desde el 3,7% de septiembre, seg\u00fan INDEC. Es la se\u00f1al m\u00e1s clara de que la econom\u00eda se est\u00e1 reordenando: los importados cayeron \u20131,4%, los nacionales avanzaron s\u00f3lo 1,3% y el mercado empieza a operar sin el viejo reflejo inflacionario. La economista Yayi Morales aporta un an\u00e1lisis decisivo.<\/p>\n","protected":false},"author":2,"featured_media":4558,"comment_status":"open","ping_status":"open","sticky":false,"template":"","format":"standard","meta":{"_acf_changed":false,"advanced_seo_description":"La inflaci\u00f3n mayorista cay\u00f3 a 1,1% en octubre y los importados bajaron -1,4%. Un dato que marca un giro en la econom\u00eda y anticipa menor inflaci\u00f3n futura","jetpack_seo_html_title":"Inflaci\u00f3n mayorista cae a 1,1%: se\u00f1al clave del nuevo orden econ\u00f3mico","jetpack_seo_noindex":false,"_jetpack_memberships_contains_paid_content":false,"footnotes":""},"categories":[2],"tags":[20,345],"class_list":["post-4552","post","type-post","status-publish","format-standard","has-post-thumbnail","hentry","category-economia","tag-destacados","tag-yayi-morales"],"acf":[],"jetpack_featured_media_url":"https:\/\/elliberador.com\/wp-content\/uploads\/2025\/11\/este-martes-se-publico-la-inflacion-mayorista-del-NFNMRP27CVDBNFPL6CDVYVWM7M.avif","jetpack_sharing_enabled":true,"_links":{"self":[{"href":"https:\/\/elliberador.com\/index.php\/wp-json\/wp\/v2\/posts\/4552","targetHints":{"allow":["GET"]}}],"collection":[{"href":"https:\/\/elliberador.com\/index.php\/wp-json\/wp\/v2\/posts"}],"about":[{"href":"https:\/\/elliberador.com\/index.php\/wp-json\/wp\/v2\/types\/post"}],"author":[{"embeddable":true,"href":"https:\/\/elliberador.com\/index.php\/wp-json\/wp\/v2\/users\/2"}],"replies":[{"embeddable":true,"href":"https:\/\/elliberador.com\/index.php\/wp-json\/wp\/v2\/comments?post=4552"}],"version-history":[{"count":3,"href":"https:\/\/elliberador.com\/index.php\/wp-json\/wp\/v2\/posts\/4552\/revisions"}],"predecessor-version":[{"id":4561,"href":"https:\/\/elliberador.com\/index.php\/wp-json\/wp\/v2\/posts\/4552\/revisions\/4561"}],"wp:featuredmedia":[{"embeddable":true,"href":"https:\/\/elliberador.com\/index.php\/wp-json\/wp\/v2\/media\/4558"}],"wp:attachment":[{"href":"https:\/\/elliberador.com\/index.php\/wp-json\/wp\/v2\/media?parent=4552"}],"wp:term":[{"taxonomy":"category","embeddable":true,"href":"https:\/\/elliberador.com\/index.php\/wp-json\/wp\/v2\/categories?post=4552"},{"taxonomy":"post_tag","embeddable":true,"href":"https:\/\/elliberador.com\/index.php\/wp-json\/wp\/v2\/tags?post=4552"}],"curies":[{"name":"wp","href":"https:\/\/api.w.org\/{rel}","templated":true}]}}