{"id":4562,"date":"2025-11-19T09:18:28","date_gmt":"2025-11-19T12:18:28","guid":{"rendered":"https:\/\/elliberador.com\/?p=4562"},"modified":"2025-11-19T09:24:40","modified_gmt":"2025-11-19T12:24:40","slug":"ordenan-decomisarle-20-propiedades-a-cristina-kirchner-la-justicia-avanza-sobre-el-imperio-k-en-causa-vialidad","status":"publish","type":"post","link":"https:\/\/elliberador.com\/index.php\/2025\/11\/19\/ordenan-decomisarle-20-propiedades-a-cristina-kirchner-la-justicia-avanza-sobre-el-imperio-k-en-causa-vialidad\/","title":{"rendered":"Ordenan decomisarle 20 propiedades a Cristina Kirchner y a sus hijos por la causa Vialidad"},"content":{"rendered":"\n<p>La Justicia argentina dio un paso hist\u00f3rico en el <strong>Caso Vialidad<\/strong>, la causa que prob\u00f3 el desfalco gigantesco de fondos p\u00fablicos durante los gobiernos kirchneristas. El <strong>Tribunal Oral Federal 2 (TOF 2)<\/strong> orden\u00f3 el <strong>decomiso y ejecuci\u00f3n de 20 propiedades<\/strong> pertenecientes a <strong>Cristina Fern\u00e1ndez de Kirchner<\/strong> y a sus hijos, M\u00e1ximo y Florencia, como parte del resarcimiento econ\u00f3mico por la corrupci\u00f3n que oper\u00f3 entre 2003 y 2015.<br>El monto total que deben devolver los condenados asciende a <strong>$685.000 millones<\/strong>, una cifra que grafica, con brutal claridad, la dimensi\u00f3n del saqueo.<\/p>\n\n\n\n<p>La resoluci\u00f3n llega despu\u00e9s de que la <strong>C\u00e1mara Federal de Casaci\u00f3n Penal<\/strong> rechazara los \u00faltimos intentos de la expresidenta por frenar la ejecuci\u00f3n. Cristina hab\u00eda presentado objeciones, pedidos de nulidad, cuestionamientos al monto calculado y hasta planteos para mudar la causa al fuero civil. Todo le fue rechazado. La maniobra dilatoria termin\u00f3: ahora empieza la devoluci\u00f3n.<\/p>\n\n\n\n<hr class=\"wp-block-separator has-alpha-channel-opacity\"\/>\n\n\n\n<h2 class=\"wp-block-heading\"><strong>Empieza el desmantelamiento del patrimonio construido con corrupci\u00f3n<\/strong><\/h2>\n\n\n\n<p>El TOF 2 \u2014integrado por los jueces Jorge Gorini, Rodrigo Gim\u00e9nez Uriburu y Andr\u00e9s Basso\u2014 orden\u00f3 avanzar con el primer paquete de bienes decomisables:<\/p>\n\n\n\n<ul class=\"wp-block-list\">\n<li><strong>1 propiedad directamente a nombre de Cristina Kirchner<\/strong>,<\/li>\n\n\n\n<li><strong>19 propiedades heredadas \u201ca t\u00edtulo gratuito\u201d por M\u00e1ximo y Florencia<\/strong>,<br>todas adquiridas o beneficiadas durante los a\u00f1os en que funcion\u00f3 el entramado B\u00e1ez-Kirchner.<\/li>\n<\/ul>\n\n\n\n<p>Estas propiedades incluyen:<\/p>\n\n\n\n<ul class=\"wp-block-list\">\n<li><strong>El hotel Los Sauces Casa Patag\u00f3nica<\/strong>, s\u00edmbolo del circuito de lavado;<\/li>\n\n\n\n<li><strong>Complejo de departamentos en R\u00edo Gallegos<\/strong>, construido por L\u00e1zaro B\u00e1ez;<\/li>\n\n\n\n<li>Terrenos, inmuebles y lotes en El Calafate y R\u00edo Gallegos;<\/li>\n\n\n\n<li>Propiedades cuya adquisici\u00f3n coincide con los a\u00f1os en los que B\u00e1ez \u2014el \u201czar de la obra p\u00fablica\u201d\u2014 recib\u00eda m\u00e1s de 50 licitaciones direccionadas.<\/li>\n<\/ul>\n\n\n\n<p>Todo el conjunto pasa ahora bajo \u00f3rbita de la <strong>Corte Suprema de Justicia<\/strong>, que gestionar\u00e1 la liquidaci\u00f3n.<\/p>\n\n\n\n<figure class=\"wp-block-image size-full\"><img fetchpriority=\"high\" decoding=\"async\" width=\"780\" height=\"439\" src=\"https:\/\/elliberador.com\/wp-content\/uploads\/2025\/11\/coronavirus-los-sauces-el-hotel-boutique-TA3Z5NSQONGMBICPHJXEDKGXIY.jpg\" alt=\"\" class=\"wp-image-4564\" srcset=\"https:\/\/elliberador.com\/wp-content\/uploads\/2025\/11\/coronavirus-los-sauces-el-hotel-boutique-TA3Z5NSQONGMBICPHJXEDKGXIY.jpg 780w, https:\/\/elliberador.com\/wp-content\/uploads\/2025\/11\/coronavirus-los-sauces-el-hotel-boutique-TA3Z5NSQONGMBICPHJXEDKGXIY-300x169.jpg 300w, https:\/\/elliberador.com\/wp-content\/uploads\/2025\/11\/coronavirus-los-sauces-el-hotel-boutique-TA3Z5NSQONGMBICPHJXEDKGXIY-768x432.jpg 768w\" sizes=\"(max-width: 780px) 100vw, 780px\" \/><figcaption class=\"wp-element-caption\">Hotel Los Sauces (Calafate)<\/figcaption><\/figure>\n\n\n\n<hr class=\"wp-block-separator has-alpha-channel-opacity\"\/>\n\n\n\n<h2 class=\"wp-block-heading\"><strong>La asociaci\u00f3n il\u00edcita pol\u00edtico-empresarial qued\u00f3 demostrada<\/strong><\/h2>\n\n\n\n<p>El fallo reafirma lo que ya qued\u00f3 firme: <strong>Cristina Kirchner y L\u00e1zaro B\u00e1ez se beneficiaron mutuamente del esquema delictivo.<\/strong><\/p>\n\n\n\n<p>La sentencia es expl\u00edcita:<\/p>\n\n\n\n<ul class=\"wp-block-list\">\n<li>Hubo <strong>competencia aparente<\/strong>,<\/li>\n\n\n\n<li><strong>cartelizaci\u00f3n de la obra p\u00fablica<\/strong>,<\/li>\n\n\n\n<li><strong>sobreprecios<\/strong>,<\/li>\n\n\n\n<li><strong>anticipos irregulares<\/strong>,<\/li>\n\n\n\n<li><strong>aprobaciones ama\u00f1adas<\/strong>,<br>todo dirigido a enriquecer a B\u00e1ez y, a trav\u00e9s de sus sociedades, <strong>retroalimentar los negocios privados de la familia Kirchner<\/strong>.<\/li>\n<\/ul>\n\n\n\n<p>Los peritos confirmaron que el patrimonio de B\u00e1ez \u201ccreci\u00f3 de forma exponencial\u201d entre 2002 y 2014.<br>Pero tambi\u00e9n qued\u00f3 probado que <strong>los Kirchner se beneficiaron directa e indirectamente<\/strong>: inmuebles cedidos, alquileres cruzados, fideicomisos, hoteles que se nutr\u00edan de obra p\u00fablica, sociedades compartidas y negocios simulados.<\/p>\n\n\n\n<p>No se trat\u00f3 de un funcionario aislado. Fue un sistema: <strong>la obra p\u00fablica se convirti\u00f3 en una caja pol\u00edtica y privada del kirchnerismo<\/strong>.<\/p>\n\n\n\n<hr class=\"wp-block-separator has-alpha-channel-opacity\"\/>\n\n\n\n<h2 class=\"wp-block-heading\"><strong>Las propiedades a ejecutar: un mapa del saqueo<\/strong><\/h2>\n\n\n\n<p>Entre las propiedades que Cristina, M\u00e1ximo y Florencia deber\u00e1n entregar, figuran:<\/p>\n\n\n\n<p>\u2714 Hotel Los Sauces Casa Patag\u00f3nica<br>\u2714 Complejo Mitre 535, R\u00edo Gallegos<br>\u2714 Inmuebles en calle 25 de Mayo<br>\u2714 Terrenos sobre Av. Presidente N\u00e9stor Kirchner<br>\u2714 M\u00e1s de una docena de lotes en El Calafate, adquiridos entre 2006 y 2010<br>\u2714 Propiedades intercambiadas con B\u00e1ez a trav\u00e9s de fideicomisos irregulares<\/p>\n\n\n\n<p>Cada propiedad tiene una caracter\u00edstica com\u00fan: <strong>todas fueron obtenidas durante los a\u00f1os en que oper\u00f3 la asociaci\u00f3n il\u00edcita entre el gobierno nacional y el holding de B\u00e1ez<\/strong>.<\/p>\n\n\n\n<figure class=\"wp-block-image size-large\"><img decoding=\"async\" width=\"1024\" height=\"608\" src=\"https:\/\/elliberador.com\/wp-content\/uploads\/2025\/11\/Captura-de-pantalla-2025-11-19-085358-1024x608.png\" alt=\"\" class=\"wp-image-4565\" srcset=\"https:\/\/elliberador.com\/wp-content\/uploads\/2025\/11\/Captura-de-pantalla-2025-11-19-085358-1024x608.png 1024w, https:\/\/elliberador.com\/wp-content\/uploads\/2025\/11\/Captura-de-pantalla-2025-11-19-085358-300x178.png 300w, https:\/\/elliberador.com\/wp-content\/uploads\/2025\/11\/Captura-de-pantalla-2025-11-19-085358-768x456.png 768w, https:\/\/elliberador.com\/wp-content\/uploads\/2025\/11\/Captura-de-pantalla-2025-11-19-085358.png 1082w\" sizes=\"(max-width: 1024px) 100vw, 1024px\" \/><figcaption class=\"wp-element-caption\">Casa personal de Cristina Fern\u00e1ndez de Kirchner<\/figcaption><\/figure>\n\n\n\n<hr class=\"wp-block-separator has-alpha-channel-opacity\"\/>\n\n\n\n<h2 class=\"wp-block-heading\"><strong>La ca\u00edda de Cristina: de perseguida \u201cpol\u00edtica\u201d a condenada por corrupci\u00f3n<\/strong><\/h2>\n\n\n\n<p>El \u00faltimo recurso de Cristina era pol\u00edtico: presentarse como v\u00edctima.<br>Pero la Justicia respondi\u00f3 con contundencia:<\/p>\n\n\n\n<ul class=\"wp-block-list\">\n<li>la condena est\u00e1 firme,<\/li>\n\n\n\n<li>la maniobra fue probada,<\/li>\n\n\n\n<li>los bienes fueron adquiridos con fondos il\u00edcitos,<\/li>\n\n\n\n<li>los terceros (sus hijos) solo recibieron donaciones surgidas del delito.<\/li>\n<\/ul>\n\n\n\n<p>La expresidenta est\u00e1:<\/p>\n\n\n\n<ul class=\"wp-block-list\">\n<li><strong>presa<\/strong>,<\/li>\n\n\n\n<li><strong>condenada por administraci\u00f3n fraudulenta<\/strong>,<\/li>\n\n\n\n<li><strong>inhabilitada de por vida<\/strong>,<\/li>\n\n\n\n<li>y ahora <strong>pierde parte del patrimonio que acumul\u00f3 durante la era de corrupci\u00f3n de la obra p\u00fablica<\/strong>.<\/li>\n<\/ul>\n\n\n\n<p>Es el mayor rev\u00e9s judicial de su carrera.<\/p>\n\n\n\n<hr class=\"wp-block-separator has-alpha-channel-opacity\"\/>\n\n\n\n<h2 class=\"wp-block-heading\"><strong>Una se\u00f1al institucional: la Justicia empieza a recuperar lo robado<\/strong><\/h2>\n\n\n\n<p>El decomiso no es solamente un castigo econ\u00f3mico. Es una <strong>reparaci\u00f3n a la sociedad<\/strong>:<br>la devoluci\u00f3n de lo robado.<\/p>\n\n\n\n<p>El TOF 2 lo dej\u00f3 claro:<\/p>\n\n\n\n<ul class=\"wp-block-list\">\n<li>El decomiso busca impedir que el delito genere beneficios.<\/li>\n\n\n\n<li>Busca neutralizar el da\u00f1o social.<\/li>\n\n\n\n<li>Es una obligaci\u00f3n internacional de la Argentina seg\u00fan la Convenci\u00f3n contra la Corrupci\u00f3n.<\/li>\n<\/ul>\n\n\n\n<p>Durante d\u00e9cadas, el relato kirchnerista romantiz\u00f3 a sus l\u00edderes mientras saqueaban al pa\u00eds. Con esta decisi\u00f3n, la Justicia env\u00eda un mensaje contundente: <strong>los bienes robados vuelven al Estado.<\/strong><\/p>\n\n\n\n<hr class=\"wp-block-separator has-alpha-channel-opacity\"\/>\n\n\n\n<h2 class=\"wp-block-heading\"><strong>Editorial: El final simb\u00f3lico del feudo K<\/strong><\/h2>\n\n\n\n<p>Lo que sucede hoy no es solo una resoluci\u00f3n judicial:<br>es el <strong>fin del mito<\/strong>.<\/p>\n\n\n\n<p>El kirchnerismo construy\u00f3 un imperio econ\u00f3mico mientras hablaba de \u201clos humildes\u201d,<br>levant\u00f3 hoteles mientras la Patagonia se empobrec\u00eda,<br>acumul\u00f3 departamentos mientras gobernaba con discurso social.<\/p>\n\n\n\n<p>Hoy ese imperio comienza a desmoronarse en tribunales.<br>Y lo que queda expuesto es el legado real:<br>\u2714 un pa\u00eds endeudado,<br>\u2714 una infraestructura destruida,<br>\u2714 una d\u00e9cada de corrupci\u00f3n sistem\u00e1tica,<br>\u2714 y una familia que se enriqueci\u00f3 mientras millones ca\u00edan en la pobreza.<\/p>\n\n\n\n<p>El decomiso es solo el comienzo.<br>La Argentina, por fin, empieza a recuperar lo que el kirchnerismo le rob\u00f3.<\/p>\n\n\n\n<p><\/p>\n\n\n\n<h1 class=\"wp-block-heading\">Lista Completa de los 20 inmuebles a decomisar<\/h1>\n\n\n\n<p>\u2714 1 propiedad <strong>directamente a nombre de Cristina Kirchner<\/strong><br>\u2714 19 propiedades <strong>cedidas a M\u00e1ximo y Florencia Kirchner<\/strong><br>\u2714 incluyendo ubicaci\u00f3n, matr\u00edcula y a\u00f1o de adquisici\u00f3n.<\/p>\n\n\n\n<h2 class=\"wp-block-heading\"><strong>A) Propiedad a nombre de Cristina Fern\u00e1ndez de Kirchner<\/strong> (1)<\/h2>\n\n\n\n<h3 class=\"wp-block-heading\"><strong>1. Matr\u00edcula 5289 \u2013 Lago Argentino<\/strong><\/h3>\n\n\n\n<ul class=\"wp-block-list\">\n<li>Ubicaci\u00f3n: Av. 17 de Octubre 822, El Calafate, Santa Cruz<\/li>\n\n\n\n<li>Superficie: 6.001,64 m\u00b2<\/li>\n\n\n\n<li>Adquisici\u00f3n: 2007<\/li>\n<\/ul>\n\n\n\n<hr class=\"wp-block-separator has-alpha-channel-opacity\"\/>\n\n\n\n<h2 class=\"wp-block-heading\"><strong>B) Propiedades a nombre de M\u00e1ximo y Florencia Kirchner<\/strong> (19)<\/h2>\n\n\n\n<p>(cedidas por Cristina; consideradas \u201ca t\u00edtulo gratuito\u201d, por lo que son decomisables)<\/p>\n\n\n\n<h3 class=\"wp-block-heading\"><strong>Complejo Mitre 535 \u2013 R\u00edo Gallegos (G\u00fcer Aike)<\/strong><\/h3>\n\n\n\n<p><strong>Adquiridas por N\u00e9stor Kirchner entre el 10\/4\/2007 y 2010<\/strong><br>Construido por L\u00e1zaro B\u00e1ez v\u00eda fideicomiso<\/p>\n\n\n\n<ol start=\"2\" class=\"wp-block-list\">\n<li><strong>Matr\u00edcula 3817-01<\/strong> \u2013 Mitre 535 (Depto I) \u2013 A\u00f1o 2007<\/li>\n\n\n\n<li><strong>Matr\u00edcula 3817-02<\/strong> \u2013 Mitre 535 (Depto I) \u2013 A\u00f1o 2007<\/li>\n\n\n\n<li><strong>Matr\u00edcula 3817-03<\/strong> \u2013 Mitre 535 (Depto I) \u2013 A\u00f1o 2007<\/li>\n\n\n\n<li><strong>Matr\u00edcula 3817-04<\/strong> \u2013 Mitre 535 (Depto I) \u2013 A\u00f1o 2007<\/li>\n\n\n\n<li><strong>Matr\u00edcula 3817-05<\/strong> \u2013 Mitre 535 (Depto I) \u2013 A\u00f1o 2007<\/li>\n\n\n\n<li><strong>Matr\u00edcula 3817-06<\/strong> \u2013 Mitre 535 (Depto I) \u2013 A\u00f1o 2007<\/li>\n\n\n\n<li><strong>Matr\u00edcula 3817-07<\/strong> \u2013 Mitre 535 (Depto I) \u2013 A\u00f1o 2007<\/li>\n\n\n\n<li><strong>Matr\u00edcula 3817-08<\/strong> \u2013 Mitre 535 (Depto I) \u2013 A\u00f1o 2007<\/li>\n\n\n\n<li><strong>Matr\u00edcula 3817-09<\/strong> \u2013 Mitre 535 (Depto I) \u2013 A\u00f1o 2007<\/li>\n\n\n\n<li><strong>Matr\u00edcula 3817-10<\/strong> \u2013 Mitre 535 (Depto I) \u2013 A\u00f1o 2007<\/li>\n<\/ol>\n\n\n\n<hr class=\"wp-block-separator has-alpha-channel-opacity\"\/>\n\n\n\n<h3 class=\"wp-block-heading\"><strong>Otras propiedades en R\u00edo Gallegos (G\u00fcer Aike)<\/strong><\/h3>\n\n\n\n<ol start=\"12\" class=\"wp-block-list\">\n<li><strong>Matr\u00edcula 4220<\/strong><\/li>\n<\/ol>\n\n\n\n<ul class=\"wp-block-list\">\n<li>Ubicaci\u00f3n: 25 de Mayo 255<\/li>\n\n\n\n<li>Adquisici\u00f3n: 2010<\/li>\n<\/ul>\n\n\n\n<ol start=\"13\" class=\"wp-block-list\">\n<li><strong>Matr\u00edcula 14261<\/strong><\/li>\n<\/ol>\n\n\n\n<ul class=\"wp-block-list\">\n<li>Ubicaci\u00f3n: Av. Presidente N\u00e9stor Kirchner 490<\/li>\n\n\n\n<li>Adquisici\u00f3n: 2006<\/li>\n<\/ul>\n\n\n\n<hr class=\"wp-block-separator has-alpha-channel-opacity\"\/>\n\n\n\n<h3 class=\"wp-block-heading\"><strong>Propiedades en El Calafate (Lago Argentino)<\/strong><\/h3>\n\n\n\n<p><strong>Incluyen terrenos y sectores donde se emplaza el hotel Los Sauces<\/strong><\/p>\n\n\n\n<ol start=\"14\" class=\"wp-block-list\">\n<li><strong>Matr\u00edcula 3627<\/strong> \u2013 Lago Argentino \u2013 Adquirido 2008<\/li>\n\n\n\n<li><strong>Matr\u00edcula 5282<\/strong> \u2013 Lago Argentino \u2013 Adquirido 2007<\/li>\n\n\n\n<li><strong>Matr\u00edcula 3044<\/strong> \u2013 Lago Argentino \u2013 Adquirido 2002<\/li>\n<\/ol>\n\n\n\n<ul class=\"wp-block-list\">\n<li>\ud83d\udc49 Aqu\u00ed se construy\u00f3 <strong>Hotel Los Sauces Casa Patag\u00f3nica<\/strong> (desde 2007)<\/li>\n<\/ul>\n\n\n\n<ol start=\"17\" class=\"wp-block-list\">\n<li><strong>Matr\u00edcula 4391<\/strong> \u2013 Lago Argentino \u2013 Adquirido 2007<\/li>\n<\/ol>\n\n\n\n<ul class=\"wp-block-list\">\n<li>\ud83d\udc49 Parte del complejo Los Sauces<\/li>\n<\/ul>\n\n\n\n<ol start=\"18\" class=\"wp-block-list\">\n<li><strong>Matr\u00edcula 5288<\/strong> \u2013 Lago Argentino \u2013 Adquirido 2007<\/li>\n<\/ol>\n\n\n\n<ul class=\"wp-block-list\">\n<li>\ud83d\udc49 Parte del complejo Los Sauces<\/li>\n<\/ul>\n\n\n\n<ol start=\"19\" class=\"wp-block-list\">\n<li><strong>Matr\u00edcula 5076<\/strong> \u2013 Lago Argentino<\/li>\n<\/ol>\n\n\n\n<ul class=\"wp-block-list\">\n<li>Superficie: 44.106 m\u00b2<\/li>\n\n\n\n<li>Adquirido: 2007<\/li>\n<\/ul>\n\n\n\n<ol start=\"20\" class=\"wp-block-list\">\n<li><strong>Matr\u00edcula 5285<\/strong> \u2013 Lago Argentino<\/li>\n<\/ol>\n\n\n\n<ul class=\"wp-block-list\">\n<li>Superficie: 87.046 m\u00b2<\/li>\n\n\n\n<li>Adquirido: 2007<\/li>\n<\/ul>\n\n\n\n<hr class=\"wp-block-separator has-alpha-channel-opacity\"\/>\n\n\n\n<h1 class=\"wp-block-heading\">\ud83d\udccc <strong>Resumen simple<\/strong><\/h1>\n\n\n\n<ul class=\"wp-block-list\">\n<li><strong>1 propiedad a nombre de Cristina<\/strong> (El Calafate, 6.000 m\u00b2)<\/li>\n\n\n\n<li><strong>10 departamentos<\/strong> del complejo Mitre 535<\/li>\n\n\n\n<li><strong>1 propiedad en 25 de Mayo 255<\/strong><\/li>\n\n\n\n<li><strong>1 en Av. N\u00e9stor Kirchner 490<\/strong><\/li>\n\n\n\n<li><strong>7 propiedades en El Calafate<\/strong>, incluyendo <strong>Hotel Los Sauces<\/strong> y terrenos aleda\u00f1os<\/li>\n<\/ul>\n","protected":false},"excerpt":{"rendered":"<p>El Tribunal Oral Federal 2 orden\u00f3 ejecutar bienes de Cristina Kirchner, L\u00e1zaro B\u00e1ez, Jos\u00e9 L\u00f3pez y otros condenados para cubrir $685.000 millones robados al Estado. Tras a\u00f1os de maniobras, apelaciones y estrategias dilatorias, la exmandataria pierde parte del patrimonio acumulado durante el per\u00edodo de mayor corrupci\u00f3n de la historia argentina.<\/p>\n","protected":false},"author":2,"featured_media":4563,"comment_status":"open","ping_status":"open","sticky":false,"template":"","format":"standard","meta":{"_acf_changed":false,"advanced_seo_description":"","jetpack_seo_html_title":"","jetpack_seo_noindex":false,"_jetpack_memberships_contains_paid_content":false,"footnotes":""},"categories":[59],"tags":[356,69,51,20,246],"class_list":["post-4562","post","type-post","status-publish","format-standard","has-post-thumbnail","hentry","category-justicia","tag-causa-vialidad","tag-cfk","tag-corrupcion","tag-destacados","tag-kirchnerismo"],"acf":[],"jetpack_featured_media_url":"https:\/\/elliberador.com\/wp-content\/uploads\/2025\/11\/el-calafate-santa-cruz-archivo-vista-del-hotel-ET2NAH6PVNH2VMIXPFXICHPT64.avif","jetpack_sharing_enabled":true,"_links":{"self":[{"href":"https:\/\/elliberador.com\/index.php\/wp-json\/wp\/v2\/posts\/4562","targetHints":{"allow":["GET"]}}],"collection":[{"href":"https:\/\/elliberador.com\/index.php\/wp-json\/wp\/v2\/posts"}],"about":[{"href":"https:\/\/elliberador.com\/index.php\/wp-json\/wp\/v2\/types\/post"}],"author":[{"embeddable":true,"href":"https:\/\/elliberador.com\/index.php\/wp-json\/wp\/v2\/users\/2"}],"replies":[{"embeddable":true,"href":"https:\/\/elliberador.com\/index.php\/wp-json\/wp\/v2\/comments?post=4562"}],"version-history":[{"count":3,"href":"https:\/\/elliberador.com\/index.php\/wp-json\/wp\/v2\/posts\/4562\/revisions"}],"predecessor-version":[{"id":4569,"href":"https:\/\/elliberador.com\/index.php\/wp-json\/wp\/v2\/posts\/4562\/revisions\/4569"}],"wp:featuredmedia":[{"embeddable":true,"href":"https:\/\/elliberador.com\/index.php\/wp-json\/wp\/v2\/media\/4563"}],"wp:attachment":[{"href":"https:\/\/elliberador.com\/index.php\/wp-json\/wp\/v2\/media?parent=4562"}],"wp:term":[{"taxonomy":"category","embeddable":true,"href":"https:\/\/elliberador.com\/index.php\/wp-json\/wp\/v2\/categories?post=4562"},{"taxonomy":"post_tag","embeddable":true,"href":"https:\/\/elliberador.com\/index.php\/wp-json\/wp\/v2\/tags?post=4562"}],"curies":[{"name":"wp","href":"https:\/\/api.w.org\/{rel}","templated":true}]}}