{"id":4615,"date":"2025-11-22T12:53:05","date_gmt":"2025-11-22T15:53:05","guid":{"rendered":"https:\/\/elliberador.com\/?p=4615"},"modified":"2025-11-22T14:03:04","modified_gmt":"2025-11-22T17:03:04","slug":"el-don-de-la-oportunidad-rafaela-rompe-calles-y-veredas-en-zona-comercial-en-el-mes-de-mayor-venta-del-ano","status":"publish","type":"post","link":"https:\/\/elliberador.com\/index.php\/2025\/11\/22\/el-don-de-la-oportunidad-rafaela-rompe-calles-y-veredas-en-zona-comercial-en-el-mes-de-mayor-venta-del-ano\/","title":{"rendered":"El don de la oportunidad: Rafaela rompe calles y veredas en zona comercial en el mes de mayor venta del a\u00f1o"},"content":{"rendered":"\n<p>Las personas productivas hacen del <strong>don de la oportunidad<\/strong> un verdadero culto, ya que es fundamental para la <em>eficiencia, eficacia y resultados<\/em> de su actividad.<\/p>\n\n\n\n<p>El agricultor sabe perfectamente <strong>cu\u00e1ndo<\/strong> debe sembrar determinado grano.<br>El ganadero entiende mejor que cualquiera <strong>el momento adecuado<\/strong> de inseminar, alimentar y vacunar a sus animales.<br>El tambero conoce a la perfecci\u00f3n c\u00f3mo tratar a las vacas lecheras en <em>tiempo, comida y descanso<\/em> para lograr mayor producci\u00f3n.<\/p>\n\n\n\n<p>Lo mismo ocurre con el <strong>horticultor, el forestador, el citricultor<\/strong>, el criador de diferentes especies y todos aquellos que generan producci\u00f3n biol\u00f3gica: son plenamente conscientes del <em>momento oportuno<\/em> de cada acci\u00f3n.<\/p>\n\n\n\n<p>El industrial tambi\u00e9n es un maestro en el tema: el manejo de insumos, su combinaci\u00f3n hasta llegar al producto terminado, la log\u00edstica general y la administraci\u00f3n del personal hacen del <strong>don de la oportunidad<\/strong> un atributo invaluable.<\/p>\n\n\n\n<p>Lo mismo sucede con el <strong>prestador de servicios<\/strong> y el <strong>comerciante<\/strong>, demostrando que la competencia y la colaboraci\u00f3n voluntaria dentro del sistema productivo se enfocan siempre \u2014aunque muchas veces de manera intuitiva\u2014 en el <em>factor oportunidad<\/em>.<\/p>\n\n\n\n<p>Incluso en las <strong>relaciones familiares y de amistad<\/strong>, el don de la oportunidad es muy valorado.<\/p>\n\n\n\n<figure class=\"wp-block-video\"><video height=\"478\" style=\"aspect-ratio: 848 \/ 478;\" width=\"848\" controls src=\"https:\/\/elliberador.com\/wp-content\/uploads\/2025\/11\/Rafaela-calles-rotas.mp4\"><\/video><figcaption class=\"wp-element-caption\">Captura de como perjudica el tr\u00e1nsito de la zona m\u00e1s comercial de Rafaela en el mes de mayor actividad econ\u00f3mica<\/figcaption><\/figure>\n\n\n\n<hr class=\"wp-block-separator has-alpha-channel-opacity\"\/>\n\n\n\n<p>Sin embargo, hay un sector donde este valor parece estar <strong>atrofiado<\/strong>:<br>\ud83d\udc49 <em>la pol\u00edtica y la administraci\u00f3n p\u00fablica<\/em>.<\/p>\n\n\n\n<p>Pocas veces se ha visto una disociaci\u00f3n tan grande entre <strong>actividad y oportunidad<\/strong> como en manos de funcionarios y empleados estatales.<\/p>\n\n\n\n<hr class=\"wp-block-separator has-alpha-channel-opacity\"\/>\n\n\n\n<h3 class=\"wp-block-heading\">\ud83e\uddf1\ud83d\udea7 Rafaela: el ejemplo perfecto del <em>desacierto estatal<\/em><\/h3>\n\n\n\n<p>En Rafaela, comenzaron las obras de <strong>cambio de veredas en pleno centro<\/strong>. La escena fue reveladora:<\/p>\n\n\n\n<ul class=\"wp-block-list\">\n<li>uno maneja la m\u00e1quina,<\/li>\n\n\n\n<li>uno mueve los ladrillos,<\/li>\n\n\n\n<li>el resto mira,<\/li>\n\n\n\n<li>y m\u00e1s lejos, dos empleados con los brazos cruzados.<\/li>\n<\/ul>\n\n\n\n<p>Se trata de <strong>cinco cuadras por ambos lados<\/strong>, con veredas anchas.<br>El resultado es inevitable: una obra lenta, pesada, cara\u2026 y sobre todo:<\/p>\n\n\n\n<p>\u2757 <em>realizada en diciembre<\/em>, el mes m\u00e1s importante para los comerciantes, cuando esperan vender <strong>m\u00e1s que en todo el a\u00f1o<\/strong>.<\/p>\n\n\n\n<hr class=\"wp-block-separator has-alpha-channel-opacity\"\/>\n\n\n\n<h3 class=\"wp-block-heading\">\ud83d\udca3 <em>El don de la oportunidad en valores absolutamente negativos<\/em><\/h3>\n\n\n\n<p>Mientras el sector privado entiende que el <em>momento adecuado<\/em> determina \u00e9xito o fracaso, el Estado rafaelino elige:<\/p>\n\n\n\n<ul class=\"wp-block-list\">\n<li>intervenir cuando m\u00e1s perjudica,<\/li>\n\n\n\n<li>entorpecer la actividad comercial,<\/li>\n\n\n\n<li>encarecer costos,<\/li>\n\n\n\n<li>y generar p\u00e9rdidas en quienes sostienen con su esfuerzo la econom\u00eda local.<\/li>\n<\/ul>\n\n\n\n<p>Una vez m\u00e1s, el sector que <strong>no produce, pero gasta<\/strong>, demuestra que vive ajeno a la realidad de quienes s\u00ed generan valor.<\/p>\n\n\n\n<p>El resultado es claro:<\/p>\n\n\n\n<blockquote class=\"wp-block-quote is-layout-flow wp-block-quote-is-layout-flow\">\n<p><strong>el Estado obra tarde, mal y caro<\/strong>, y quienes pagan las consecuencias son siempre los mismos: los comerciantes y los trabajadores productivos.<\/p>\n<\/blockquote>\n\n\n\n<hr class=\"wp-block-separator has-alpha-channel-opacity\"\/>\n","protected":false},"excerpt":{"rendered":"<p>En pleno diciembre, el mes clave para los comercios de Rafaela, el municipio decidi\u00f3 romper y reconstruir las veredas del centro, paralizando la actividad y demostrando una vez m\u00e1s el despilfarro y la falta total de oportunidad del Estado, que interviene cuando m\u00e1s perjudica a quienes producen y sostienen la econom\u00eda local.<\/p>\n","protected":false},"author":2,"featured_media":4616,"comment_status":"open","ping_status":"open","sticky":false,"template":"","format":"standard","meta":{"_acf_changed":false,"advanced_seo_description":"","jetpack_seo_html_title":"","jetpack_seo_noindex":false,"_jetpack_memberships_contains_paid_content":false,"footnotes":""},"categories":[38],"tags":[20],"class_list":["post-4615","post","type-post","status-publish","format-standard","has-post-thumbnail","hentry","category-regionales","tag-destacados"],"acf":[],"jetpack_featured_media_url":"https:\/\/elliberador.com\/wp-content\/uploads\/2025\/11\/Rafaela-calles.jpg","jetpack_sharing_enabled":true,"_links":{"self":[{"href":"https:\/\/elliberador.com\/index.php\/wp-json\/wp\/v2\/posts\/4615","targetHints":{"allow":["GET"]}}],"collection":[{"href":"https:\/\/elliberador.com\/index.php\/wp-json\/wp\/v2\/posts"}],"about":[{"href":"https:\/\/elliberador.com\/index.php\/wp-json\/wp\/v2\/types\/post"}],"author":[{"embeddable":true,"href":"https:\/\/elliberador.com\/index.php\/wp-json\/wp\/v2\/users\/2"}],"replies":[{"embeddable":true,"href":"https:\/\/elliberador.com\/index.php\/wp-json\/wp\/v2\/comments?post=4615"}],"version-history":[{"count":2,"href":"https:\/\/elliberador.com\/index.php\/wp-json\/wp\/v2\/posts\/4615\/revisions"}],"predecessor-version":[{"id":4619,"href":"https:\/\/elliberador.com\/index.php\/wp-json\/wp\/v2\/posts\/4615\/revisions\/4619"}],"wp:featuredmedia":[{"embeddable":true,"href":"https:\/\/elliberador.com\/index.php\/wp-json\/wp\/v2\/media\/4616"}],"wp:attachment":[{"href":"https:\/\/elliberador.com\/index.php\/wp-json\/wp\/v2\/media?parent=4615"}],"wp:term":[{"taxonomy":"category","embeddable":true,"href":"https:\/\/elliberador.com\/index.php\/wp-json\/wp\/v2\/categories?post=4615"},{"taxonomy":"post_tag","embeddable":true,"href":"https:\/\/elliberador.com\/index.php\/wp-json\/wp\/v2\/tags?post=4615"}],"curies":[{"name":"wp","href":"https:\/\/api.w.org\/{rel}","templated":true}]}}