{"id":4626,"date":"2025-11-23T17:03:54","date_gmt":"2025-11-23T20:03:54","guid":{"rendered":"https:\/\/elliberador.com\/?p=4626"},"modified":"2025-11-23T17:04:06","modified_gmt":"2025-11-23T20:04:06","slug":"allanan-al-financista-del-chiqui-tapia-por-una-causa-de-lavado-de-dinero","status":"publish","type":"post","link":"https:\/\/elliberador.com\/index.php\/2025\/11\/23\/allanan-al-financista-del-chiqui-tapia-por-una-causa-de-lavado-de-dinero\/","title":{"rendered":"Allanan al financista del Chiqui Tapia por una causa de lavado de dinero"},"content":{"rendered":"\n<h3 class=\"wp-block-heading\">Un allanamiento que golpea al entorno financiero de la AFA<\/h3>\n\n\n\n<p>La causa por corrupci\u00f3n en la <strong>Agencia Nacional de Discapacidad (ANDIS)<\/strong> sum\u00f3 un cap\u00edtulo explosivo para el mundo del f\u00fatbol: la Justicia federal orden\u00f3 <strong>allanarle la sede central a Sur Finanzas<\/strong>, la empresa de un financista conocido en el ambiente por su cercan\u00eda al presidente de la AFA, <strong>Claudio \u201cChiqui\u201d Tapia<\/strong>.<\/p>\n\n\n\n<p>El procedimiento se realiz\u00f3 en la casa matriz de la firma, con agentes de la Polic\u00eda Federal, en busca de documentaci\u00f3n contable, registros digitales y soporte de las operaciones realizadas a trav\u00e9s de la plataforma <strong>Sur Finanzas PSP<\/strong> (ex Neblockchain), sospechada de haber sido utilizada para canalizar fondos provenientes de maniobras irregulares ligadas a contratos y pagos de ANDIS.<\/p>\n\n\n\n<p>Aunque el financista no aparece todav\u00eda como imputado central en el expediente, el mensaje es claro: <strong>la estructura financiera de uno de los hombres de confianza de Tapia est\u00e1 bajo la lupa<\/strong> por su eventual rol en el circuito del dinero vinculado a la corrupci\u00f3n en el organismo p\u00fablico.<\/p>\n\n\n\n<hr class=\"wp-block-separator has-alpha-channel-opacity\"\/>\n\n\n\n<h3 class=\"wp-block-heading\">UIF y Procelac: una investigaci\u00f3n de Milei sobre maniobras del gobierno Fern\u00e1ndez\u2013Fern\u00e1ndez<\/h3>\n\n\n\n<p>El allanamiento no surge de la nada. Se apoya en una causa de <strong>presunto lavado de activos<\/strong> impulsada por dos organismos clave del Estado nacional:<\/p>\n\n\n\n<ul class=\"wp-block-list\">\n<li>la <strong>Unidad de Informaci\u00f3n Financiera (UIF)<\/strong><\/li>\n\n\n\n<li>y la <strong>Procuradur\u00eda de Criminalidad Econ\u00f3mica y Lavado de Activos (Procelac)<\/strong>.<\/li>\n<\/ul>\n\n\n\n<p>Ambos elaboraron informes de inteligencia financiera durante el gobierno de <strong>Javier Milei<\/strong>, detectando movimientos millonarios que <strong>no se corresponden con la actividad econ\u00f3mica declarada<\/strong> de determinadas firmas privadas.<\/p>\n\n\n\n<p>En el centro de esa red aparece una constructora creada en 2022, que en menos de un a\u00f1o habr\u00eda movido <strong>miles de millones de pesos<\/strong>, derivados luego hacia:<\/p>\n\n\n\n<ul class=\"wp-block-list\">\n<li>casas de cambio,<\/li>\n\n\n\n<li>empresas nuevas sin trayectoria,<\/li>\n\n\n\n<li>sociedades vinculadas al mundo del f\u00fatbol y del agro,<\/li>\n\n\n\n<li>y estructuras financieras relacionadas con Sur Finanzas.<\/li>\n<\/ul>\n\n\n\n<p>Los organismos especializados en lavado detectaron que\u00a0<strong>esa firma recibi\u00f3 m\u00e1s de $6000 millones\u00a0<\/strong>en sus cuentas bancarias entre septiembre de 2022 y julio de 2023. Es una cifra que no guarda relaci\u00f3n con su actividad ni su nivel de facturaci\u00f3n. La constructora deriv\u00f3 dinero hacia distintas compa\u00f1\u00edas, entre ellas una casa de cambio que fue adquirida por Vallejo en 2020: \u201cCentro de Inversiones Concordia\u201d.<\/p>\n\n\n\n<hr class=\"wp-block-separator has-alpha-channel-opacity\"\/>\n\n\n\n<h3 class=\"wp-block-heading\">La \u201cbilletera del f\u00fatbol\u201d bajo la lupa<\/h3>\n\n\n\n<p>El financista allanado no es un desconocido para el pa\u00eds futbolero. En poco tiempo, su marca se consolid\u00f3 como:<\/p>\n\n\n\n<ul class=\"wp-block-list\">\n<li><strong>sponsor de la Liga Profesional<\/strong>,<\/li>\n\n\n\n<li>presencia en transmisiones de televisi\u00f3n,<\/li>\n\n\n\n<li>acuerdos comerciales con clubes,<\/li>\n\n\n\n<li>y v\u00ednculo directo con la <strong>AFA<\/strong> en pleno ciclo de gloria de la Selecci\u00f3n argentina.<\/li>\n<\/ul>\n\n\n\n<p>Mientras su imagen crec\u00eda como \u201cbilletera del f\u00fatbol\u201d, los sistemas de control antilavado del propio Estado empezaban a registrar <strong>flujos de dinero incompatibles<\/strong> con la l\u00f3gica de empresas j\u00f3venes o sin actividad proporcional al volumen de fondos que manejaban.<\/p>\n\n\n\n<p>El cruce de informaci\u00f3n entre estas operaciones y los pagos sospechosos que sal\u00edan de ANDIS termin\u00f3 derivando en lo que hoy vemos: <strong>la Justicia entrando al coraz\u00f3n de la estructura financiera de un hombre clave del ecosistema Tapia\u2013AFA<\/strong>.<\/p>\n\n\n\n<figure class=\"wp-block-image size-full\"><img fetchpriority=\"high\" decoding=\"async\" width=\"780\" height=\"446\" src=\"https:\/\/elliberador.com\/wp-content\/uploads\/2025\/11\/claudio-tapia-y-maximiliano-vallejo-dueno-de-sur-QMHFYP6VW5B4FLUSAR5OXMJIWM.avif\" alt=\"\" class=\"wp-image-4628\" srcset=\"https:\/\/elliberador.com\/wp-content\/uploads\/2025\/11\/claudio-tapia-y-maximiliano-vallejo-dueno-de-sur-QMHFYP6VW5B4FLUSAR5OXMJIWM.avif 780w, https:\/\/elliberador.com\/wp-content\/uploads\/2025\/11\/claudio-tapia-y-maximiliano-vallejo-dueno-de-sur-QMHFYP6VW5B4FLUSAR5OXMJIWM-300x172.avif 300w, https:\/\/elliberador.com\/wp-content\/uploads\/2025\/11\/claudio-tapia-y-maximiliano-vallejo-dueno-de-sur-QMHFYP6VW5B4FLUSAR5OXMJIWM-768x439.avif 768w\" sizes=\"(max-width: 780px) 100vw, 780px\" \/><figcaption class=\"wp-element-caption\">Tapia mostrandose muy cercano a Vallejo<\/figcaption><\/figure>\n\n\n\n<hr class=\"wp-block-separator has-alpha-channel-opacity\"\/>\n\n\n\n<h3 class=\"wp-block-heading\">Un entramado que viene, como m\u00ednimo, desde el kirchnerismo<\/h3>\n\n\n\n<p>Aunque los allanamientos y medidas judiciales se producen bajo la gesti\u00f3n de Milei, el mapa temporal de las operaciones investigadas es clar\u00edsimo:<\/p>\n\n\n\n<ul class=\"wp-block-list\">\n<li>la constructora utilizada como veh\u00edculo financiero se crea en <strong>2022<\/strong>,<\/li>\n\n\n\n<li>recibe sumas multimillonarias entre <strong>2022 y 2023<\/strong>,<\/li>\n\n\n\n<li>y esos fondos se dispersan en una red de transferencias durante el \u00faltimo tramo del gobierno de <strong>Alberto Fern\u00e1ndez y Cristina Kirchner<\/strong>.<\/li>\n<\/ul>\n\n\n\n<p>Es decir, lo que hoy se ventila en tribunales es, como m\u00ednimo, <strong>un entramado que naci\u00f3 y creci\u00f3 durante la etapa kirchnerista<\/strong>, apoyado en:<\/p>\n\n\n\n<ul class=\"wp-block-list\">\n<li><strong>organismos estatales hipersubvencionados<\/strong>,<\/li>\n\n\n\n<li><strong>contratos opacos<\/strong>,<\/li>\n\n\n\n<li>y <strong>estructuras privadas cercanas al poder<\/strong> dispuestas a mover y reciclar el dinero.<\/li>\n<\/ul>\n\n\n\n<hr class=\"wp-block-separator has-alpha-channel-opacity\"\/>\n\n\n\n<h3 class=\"wp-block-heading\">Estado gigante, caja f\u00e1cil: el patr\u00f3n que se repite<\/h3>\n\n\n\n<p>El caso deja varias conclusiones inc\u00f3modas:<\/p>\n\n\n\n<ul class=\"wp-block-list\">\n<li>El problema no es un solo gobierno, sino un <strong>modelo de Estado gigante y discrecional<\/strong> que genera oportunidades permanentes para la corrupci\u00f3n.<\/li>\n\n\n\n<li>Siempre que exista un organismo con <strong>miles de millones para repartir<\/strong> (como ANDIS), habr\u00e1 operadores, financistas y empresarios listos para convertirse en intermediarios de esa caja.<\/li>\n\n\n\n<li>Cuando adem\u00e1s se mezcla <strong>pol\u00edtica, negocios y f\u00fatbol<\/strong>, la opacidad aumenta: contratos, sponsoreos, favores y rescates econ\u00f3micos se confunden en un mismo caldo de cultivo.<\/li>\n<\/ul>\n\n\n\n<p>El allanamiento a la financiera ligada al entorno de Tapia no es una an\u00e9cdota: es la prueba de que la <strong>misma l\u00f3gica que atraves\u00f3 la obra p\u00fablica kirchnerista se replica en otros rubros<\/strong>, desde la discapacidad hasta las tribunas de un estadio.<\/p>\n\n\n\n<hr class=\"wp-block-separator has-alpha-channel-opacity\"\/>\n\n\n\n<h3 class=\"wp-block-heading\">\u00bfSe llega hasta el fondo esta vez?<\/h3>\n\n\n\n<p>La gran inc\u00f3gnita es si esta investigaci\u00f3n:<\/p>\n\n\n\n<ul class=\"wp-block-list\">\n<li>quedar\u00e1 en <strong>un par de nombres sacrificados<\/strong> para calmar la indignaci\u00f3n p\u00fablica,<\/li>\n\n\n\n<li>o si se avanzar\u00e1 hasta <strong>desarmar de verdad el sistema<\/strong> que permite que el dinero de los contribuyentes termine blanqueado en financieras, sponsors deportivos y operaciones de pantalla.<\/li>\n<\/ul>\n\n\n\n<p>Por ahora, hay una certeza:<\/p>\n\n\n\n<blockquote class=\"wp-block-quote is-layout-flow wp-block-quote-is-layout-flow\">\n<p><strong>un financista de confianza de \u201cChiqui\u201d Tapia fue allanado en una causa de lavado impulsada por organismos antilavado del propio Estado, por maniobras realizadas durante el gobierno kirchnerista<\/strong>.<\/p>\n<\/blockquote>\n\n\n\n<p>La pelota est\u00e1, por primera vez en mucho tiempo, del lado de la Justicia. Falta saber si esta vez se animar\u00e1 a patear contra el arco del <strong>poder real<\/strong>, y no solo contra los jugadores de reparto.<\/p>\n","protected":false},"excerpt":{"rendered":"<p>a Justicia allan\u00f3 la sede de Sur Finanzas, empresa del financista cercano a Claudio \u201cChiqui\u201d Tapia, en el marco de una causa por presunto lavado de activos investigado por la UIF y la Procelac. La pesquisa apunta a movimientos millonarios realizados entre 2022 y 2023, durante el gobierno kirchnerista de Fern\u00e1ndez\u2013Fern\u00e1ndez, y conecta con el esc\u00e1ndalo de corrupci\u00f3n en la Agencia Nacional de Discapacidad (ANDIS), revelando un entramado que se arrastra, como m\u00ednimo, desde la etapa kirchnerista.<\/p>\n","protected":false},"author":2,"featured_media":4627,"comment_status":"open","ping_status":"open","sticky":false,"template":"","format":"standard","meta":{"_acf_changed":false,"advanced_seo_description":"","jetpack_seo_html_title":"","jetpack_seo_noindex":false,"_jetpack_memberships_contains_paid_content":false,"footnotes":""},"categories":[59],"tags":[410,20,406],"class_list":["post-4626","post","type-post","status-publish","format-standard","has-post-thumbnail","hentry","category-justicia","tag-allanamiento","tag-destacados","tag-lavado"],"acf":[],"jetpack_featured_media_url":"https:\/\/elliberador.com\/wp-content\/uploads\/2025\/11\/el-financista-maximiliano-vallejo-y-claudio-FYPQ2GYGQVASFFPGSCS5DODONA.avif","jetpack_sharing_enabled":true,"_links":{"self":[{"href":"https:\/\/elliberador.com\/index.php\/wp-json\/wp\/v2\/posts\/4626","targetHints":{"allow":["GET"]}}],"collection":[{"href":"https:\/\/elliberador.com\/index.php\/wp-json\/wp\/v2\/posts"}],"about":[{"href":"https:\/\/elliberador.com\/index.php\/wp-json\/wp\/v2\/types\/post"}],"author":[{"embeddable":true,"href":"https:\/\/elliberador.com\/index.php\/wp-json\/wp\/v2\/users\/2"}],"replies":[{"embeddable":true,"href":"https:\/\/elliberador.com\/index.php\/wp-json\/wp\/v2\/comments?post=4626"}],"version-history":[{"count":1,"href":"https:\/\/elliberador.com\/index.php\/wp-json\/wp\/v2\/posts\/4626\/revisions"}],"predecessor-version":[{"id":4629,"href":"https:\/\/elliberador.com\/index.php\/wp-json\/wp\/v2\/posts\/4626\/revisions\/4629"}],"wp:featuredmedia":[{"embeddable":true,"href":"https:\/\/elliberador.com\/index.php\/wp-json\/wp\/v2\/media\/4627"}],"wp:attachment":[{"href":"https:\/\/elliberador.com\/index.php\/wp-json\/wp\/v2\/media?parent=4626"}],"wp:term":[{"taxonomy":"category","embeddable":true,"href":"https:\/\/elliberador.com\/index.php\/wp-json\/wp\/v2\/categories?post=4626"},{"taxonomy":"post_tag","embeddable":true,"href":"https:\/\/elliberador.com\/index.php\/wp-json\/wp\/v2\/tags?post=4626"}],"curies":[{"name":"wp","href":"https:\/\/api.w.org\/{rel}","templated":true}]}}