{"id":4703,"date":"2025-11-25T23:01:41","date_gmt":"2025-11-26T02:01:41","guid":{"rendered":"https:\/\/elliberador.com\/?p=4703"},"modified":"2025-11-25T23:01:43","modified_gmt":"2025-11-26T02:01:43","slug":"argentina-baja-los-homicidios-un-135-y-consolida-la-tasa-mas-baja-de-sudamerica","status":"publish","type":"post","link":"https:\/\/elliberador.com\/index.php\/2025\/11\/25\/argentina-baja-los-homicidios-un-135-y-consolida-la-tasa-mas-baja-de-sudamerica\/","title":{"rendered":"Argentina baja los homicidios un 13,5% y consolida la tasa m\u00e1s baja de Sudam\u00e9rica"},"content":{"rendered":"\n<p>La ministra Patricia Bullrich present\u00f3 los \u00faltimos datos criminales y confirm\u00f3 que <strong>los homicidios en la Argentina no solo vienen bajando, sino que ya se redujeron 13,5% en el per\u00edodo medido contra el a\u00f1o anterior<\/strong>. No se trata de una promesa a futuro ni de una proyecci\u00f3n optimista: son cifras cerradas que surgen de los informes oficiales del SNIC y que el propio Gobierno defini\u00f3 como un \u201ccambio hist\u00f3rico\u201d en materia de seguridad.<\/p>\n\n\n\n<p>En 2024, la tasa nacional se ubic\u00f3 en <strong>3,8 homicidios cada 100.000 habitantes<\/strong>, frente a los 4,4 de 2023: una baja del <strong>13,6%<\/strong> que ya fue reconocida por el Ministerio y por an\u00e1lisis independientes. Sobre esa base, los datos de 2025 muestran que <strong>entre enero y agosto los homicidios se redujeron un 13,5% en todo el pa\u00eds en comparaci\u00f3n con el mismo per\u00edodo del a\u00f1o anterior<\/strong>, gracias al despliegue del <strong>Plan Territorial de Reducci\u00f3n de Homicidios y Violencias Relacionadas (Plan 90-10)<\/strong>.<\/p>\n\n\n\n<hr class=\"wp-block-separator has-alpha-channel-opacity\"\/>\n\n\n\n<h3 class=\"wp-block-heading\">Del \u201cministerio militante\u201d al Estado que cumple su funci\u00f3n b\u00e1sica<\/h3>\n\n\n\n<p>La propia Bullrich lo dijo al presentar las cifras: <strong>no hac\u00edan falta m\u00e1s estructuras pol\u00edticas, sino decisi\u00f3n para ir contra el crimen<\/strong>. Mientras entre 2020 y 2023 se multiplicaron organismos y ministerios ideologizados que empeoraron la violencia y las estad\u00edsticas, hoy el foco est\u00e1 puesto en lo que el Estado s\u00ed debe hacer: seguridad, orden p\u00fablico y control del territorio.<\/p>\n\n\n\n<p>Los n\u00fameros de Santa Fe y, sobre todo, de Rosario \u2014epicentro del narcotr\u00e1fico\u2014 explican buena parte de la mejora nacional: con el<strong> Plan Bandera<\/strong> y la presencia de fuerzas federales, la provincia registr\u00f3 una ca\u00edda de m\u00e1s del 50% en homicidios y Rosario tuvo el nivel m\u00e1s bajo en casi dos d\u00e9cadas.<\/p>\n\n\n\n<p>El mensaje es claro:<\/p>\n\n\n\n<blockquote class=\"wp-block-quote is-layout-flow wp-block-quote-is-layout-flow\">\n<p>cuando el Estado deja de financiar militancia y se concentra en proteger la vida y la propiedad, los delitos m\u00e1s graves <strong>bajan en serio<\/strong>.<\/p>\n<\/blockquote>\n\n\n\n<hr class=\"wp-block-separator has-alpha-channel-opacity\"\/>\n\n\n\n<h3 class=\"wp-block-heading\">Lo que muestran los datos y lo que todav\u00eda falta<\/h3>\n\n\n\n<p>Que la tasa de homicidios haya ca\u00eddo 13,5% ya es un hecho medido, no un deseo. Argentina tiene hoy:<\/p>\n\n\n\n<ul class=\"wp-block-list\">\n<li><strong>Menos homicidios que hace dos a\u00f1os<\/strong>,<\/li>\n\n\n\n<li><strong>la tasa m\u00e1s baja de Sudam\u00e9rica<\/strong>, seg\u00fan el propio Ministerio de Seguridad,<\/li>\n\n\n\n<li>y una tendencia que, por primera vez en mucho tiempo, se sostiene en el tiempo en lugar de empeorar.<\/li>\n<\/ul>\n\n\n\n<p>Queda por delante ordenar el resto del mapa delictivo (robos, delitos econ\u00f3micos, crimen juvenil), pero los datos duros ya marcan un giro: <strong>la curva de asesinatos va para abajo<\/strong>, y eso no se explica por slogans, sino por una decisi\u00f3n pol\u00edtica concreta de poner la seguridad \u2014y no el aparato partidario\u2014 en el centro de la acci\u00f3n estatal.<\/p>\n","protected":false},"excerpt":{"rendered":"<p>Seg\u00fan el Ministerio de Seguridad que conduce Patricia Bullrich, la tasa de homicidios en la Argentina ya cay\u00f3 13,5% respecto del mismo per\u00edodo del a\u00f1o anterior, consolidando un descenso que empez\u00f3 en 2024 y que hoy ubica al pa\u00eds con la tasa m\u00e1s baja de Sudam\u00e9rica, de acuerdo a las estad\u00edsticas oficiales del Sistema Nacional de Informaci\u00f3n Criminal (SNIC).<\/p>\n","protected":false},"author":2,"featured_media":4704,"comment_status":"open","ping_status":"open","sticky":false,"template":"","format":"standard","meta":{"_acf_changed":false,"advanced_seo_description":"","jetpack_seo_html_title":"","jetpack_seo_noindex":false,"_jetpack_memberships_contains_paid_content":false,"footnotes":""},"categories":[36],"tags":[20,432,56],"class_list":["post-4703","post","type-post","status-publish","format-standard","has-post-thumbnail","hentry","category-seguridad","tag-destacados","tag-homicidios","tag-milei"],"acf":[],"jetpack_featured_media_url":"https:\/\/elliberador.com\/wp-content\/uploads\/2025\/11\/file_20250522093024.jpg","jetpack_sharing_enabled":true,"_links":{"self":[{"href":"https:\/\/elliberador.com\/index.php\/wp-json\/wp\/v2\/posts\/4703","targetHints":{"allow":["GET"]}}],"collection":[{"href":"https:\/\/elliberador.com\/index.php\/wp-json\/wp\/v2\/posts"}],"about":[{"href":"https:\/\/elliberador.com\/index.php\/wp-json\/wp\/v2\/types\/post"}],"author":[{"embeddable":true,"href":"https:\/\/elliberador.com\/index.php\/wp-json\/wp\/v2\/users\/2"}],"replies":[{"embeddable":true,"href":"https:\/\/elliberador.com\/index.php\/wp-json\/wp\/v2\/comments?post=4703"}],"version-history":[{"count":1,"href":"https:\/\/elliberador.com\/index.php\/wp-json\/wp\/v2\/posts\/4703\/revisions"}],"predecessor-version":[{"id":4705,"href":"https:\/\/elliberador.com\/index.php\/wp-json\/wp\/v2\/posts\/4703\/revisions\/4705"}],"wp:featuredmedia":[{"embeddable":true,"href":"https:\/\/elliberador.com\/index.php\/wp-json\/wp\/v2\/media\/4704"}],"wp:attachment":[{"href":"https:\/\/elliberador.com\/index.php\/wp-json\/wp\/v2\/media?parent=4703"}],"wp:term":[{"taxonomy":"category","embeddable":true,"href":"https:\/\/elliberador.com\/index.php\/wp-json\/wp\/v2\/categories?post=4703"},{"taxonomy":"post_tag","embeddable":true,"href":"https:\/\/elliberador.com\/index.php\/wp-json\/wp\/v2\/tags?post=4703"}],"curies":[{"name":"wp","href":"https:\/\/api.w.org\/{rel}","templated":true}]}}