{"id":4712,"date":"2025-11-25T23:40:37","date_gmt":"2025-11-26T02:40:37","guid":{"rendered":"https:\/\/elliberador.com\/?p=4712"},"modified":"2025-11-26T00:03:58","modified_gmt":"2025-11-26T03:03:58","slug":"la-economia-dejo-de-gatear-ahora-acelera-y-algunos-todavia-buscan-el-freno","status":"publish","type":"post","link":"https:\/\/elliberador.com\/index.php\/2025\/11\/25\/la-economia-dejo-de-gatear-ahora-acelera-y-algunos-todavia-buscan-el-freno\/","title":{"rendered":"La econom\u00eda dej\u00f3 de gatear: ahora acelera, y algunos todav\u00eda buscan el freno"},"content":{"rendered":"\n<figure class=\"wp-block-image size-large is-resized\"><img fetchpriority=\"high\" decoding=\"async\" width=\"1024\" height=\"561\" src=\"https:\/\/elliberador.com\/wp-content\/uploads\/2025\/11\/Indec01-3-1024x561.png\" alt=\"\" class=\"wp-image-4729\" style=\"width:590px;height:auto\" srcset=\"https:\/\/elliberador.com\/wp-content\/uploads\/2025\/11\/Indec01-3-1024x561.png 1024w, https:\/\/elliberador.com\/wp-content\/uploads\/2025\/11\/Indec01-3-300x164.png 300w, https:\/\/elliberador.com\/wp-content\/uploads\/2025\/11\/Indec01-3-768x421.png 768w, https:\/\/elliberador.com\/wp-content\/uploads\/2025\/11\/Indec01-3-1536x841.png 1536w, https:\/\/elliberador.com\/wp-content\/uploads\/2025\/11\/Indec01-3.png 1800w\" sizes=\"(max-width: 1024px) 100vw, 1024px\" \/><\/figure>\n\n\n\n<h2 class=\"wp-block-heading\"><strong><em>Un septiembre que marca tendencia<\/em><\/strong><\/h2>\n\n\n\n<div class=\"wp-block-columns is-layout-flex wp-container-core-columns-is-layout-28f84493 wp-block-columns-is-layout-flex\">\n<div class=\"wp-block-column is-layout-flow wp-block-column-is-layout-flow\">\n<figure class=\"wp-block-image size-full\"><img decoding=\"async\" width=\"644\" height=\"657\" src=\"https:\/\/elliberador.com\/wp-content\/uploads\/2025\/11\/indec-03.png\" alt=\"\" class=\"wp-image-4721\" srcset=\"https:\/\/elliberador.com\/wp-content\/uploads\/2025\/11\/indec-03.png 644w, https:\/\/elliberador.com\/wp-content\/uploads\/2025\/11\/indec-03-294x300.png 294w, https:\/\/elliberador.com\/wp-content\/uploads\/2025\/11\/indec-03-70x70.png 70w\" sizes=\"(max-width: 644px) 100vw, 644px\" \/><\/figure>\n<\/div>\n\n\n\n<div class=\"wp-block-column is-layout-flow wp-block-column-is-layout-flow\">\n<p>El primer gr\u00e1fico del informe del INDEC es claro como un cachetazo: <strong>la econom\u00eda creci\u00f3 5% interanual<\/strong>, un n\u00famero que en Argentina hace tiempo no aparec\u00eda sin asteriscos ni relatos alternativos. Adem\u00e1s, la serie desestacionalizada subi\u00f3 <strong>0,5% mensual<\/strong>, y la tendencia-ciclo marc\u00f3 <strong>0,1%<\/strong>, una se\u00f1al de crecimiento sostenido, no un rebote caprichoso.<\/p>\n\n\n\n<p>Ac\u00e1 no hay magia. Lo que se ve es el efecto acumulado de orden fiscal, sinceramiento de precios relativos y mejora en expectativas. Cuando se sacan los obst\u00e1culos, la actividad se empieza a mover sola. El gr\u00e1fico, con sus l\u00edneas convergiendo hacia arriba, dice justamente eso: no es un salto aislado, es una pendiente.<\/p>\n<\/div>\n<\/div>\n\n\n\n<hr class=\"wp-block-separator has-alpha-channel-opacity\"\/>\n\n\n\n<h2 class=\"wp-block-heading\"><strong><em>Tres a\u00f1os de curvas y contracurvas: ahora la direcci\u00f3n cambia<\/em><\/strong><\/h2>\n\n\n\n<p>El segundo gr\u00e1fico pone el crecimiento reciente en contexto: desde 2022, la serie original ven\u00eda zigzagueando como si manejara sin GPS. Ca\u00eddas fuertes, recuperaciones parciales, estancamiento. Pero en la segunda mitad de 2025 aparece un quiebre: <strong>la l\u00ednea azul empieza a subir con consistencia<\/strong>, y lo m\u00e1s interesante es que <strong>la tendencia-ciclo \u2014la amarilla\u2014 acompa\u00f1a<\/strong>.<\/p>\n\n\n\n<p>Ese cruce visual vale m\u00e1s que cualquier editorial econ\u00f3mica:<br><strong>la volatilidad cede, la tendencia se alinea y la econom\u00eda se estabiliza mientras empieza a crecer.<\/strong><\/p>\n\n\n\n<p>Esto es exactamente lo que un pa\u00eds necesita despu\u00e9s de a\u00f1os de parches. La estabilizaci\u00f3n primero; el crecimiento sostenido despu\u00e9s. Y, por una vez, parece que las condiciones est\u00e1n dadas.<\/p>\n\n\n\n<hr class=\"wp-block-separator has-alpha-channel-opacity\"\/>\n\n\n\n<h2 class=\"wp-block-heading\"><strong><em>Los sectores que empujan: menos \u00e9pica, m\u00e1s productividad<\/em><\/strong><\/h2>\n\n\n\n<figure class=\"wp-block-gallery has-nested-images columns-default is-cropped wp-block-gallery-1 is-layout-flex wp-block-gallery-is-layout-flex\">\n<figure class=\"wp-block-image size-full\"><img decoding=\"async\" width=\"1800\" height=\"1677\" data-id=\"4726\" src=\"https:\/\/elliberador.com\/wp-content\/uploads\/2025\/11\/Indec02-2.png\" alt=\"\" class=\"wp-image-4726\" srcset=\"https:\/\/elliberador.com\/wp-content\/uploads\/2025\/11\/Indec02-2.png 1800w, https:\/\/elliberador.com\/wp-content\/uploads\/2025\/11\/Indec02-2-300x280.png 300w\" sizes=\"(max-width: 1800px) 100vw, 1800px\" \/><\/figure>\n<\/figure>\n\n\n\n<p>El tercer gr\u00e1fico pone nombre y apellido a los motores del crecimiento. Y ojo: no son sectores subsidiados ni artificialmente inflados. Son los que producen valor real.<\/p>\n\n\n\n<p>Los campeones del mes:<\/p>\n\n\n\n<ul class=\"wp-block-list\">\n<li><strong>Pesca (+58,2%)<\/strong>: un salto extraordinario, impulsado por mayor volumen exportado y mejores precios internacionales.<\/li>\n\n\n\n<li><strong>Intermediaci\u00f3n financiera (+39,7%)<\/strong>: reacci\u00f3n l\u00f3gica cuando el sistema bancario vuelve a respirar sin cepos absurdos.<\/li>\n\n\n\n<li><strong>Industria (+10,5%)<\/strong>, <strong>comercio (+8,1%)<\/strong>, <strong>hoteles y restaurantes (+7%)<\/strong>, <strong>actividades inmobiliarias y empresariales (+5%)<\/strong>: todos sectores que se mueven cuando hay horizonte y menos restricciones.<\/li>\n<\/ul>\n\n\n\n<p>La lectura es simple:<\/p>\n\n\n\n<blockquote class=\"wp-block-quote is-layout-flow wp-block-quote-is-layout-flow\">\n<p><strong>cuando el mercado puede trabajar sin grilletes, la econom\u00eda se ordena sola.<\/strong><\/p>\n<\/blockquote>\n\n\n\n<p>Las \u00fanicas ca\u00eddas relevantes \u2014<strong>industria manufacturera (-1,0%)<\/strong> y <strong>administraci\u00f3n p\u00fablica y defensa; planes de seguridad social (-0,7%)<\/strong>\u2014 son sectores hist\u00f3ricamente r\u00edgidos, poco competitivos, y dependientes del gasto estatal. Que retrocedan mientras el resto crece no es un problema: es una se\u00f1al de reacomodamiento saludable.<\/p>\n\n\n\n<hr class=\"wp-block-separator has-alpha-channel-opacity\"\/>\n\n\n\n<h2 class=\"wp-block-heading\"><strong><em>No frenar el envi\u00f3n<\/em><\/strong><\/h2>\n\n\n\n<p>Los tres gr\u00e1ficos cuentan una misma historia desde \u00e1ngulos distintos:<br><strong>la econom\u00eda argentina entr\u00f3 en fase de recuperaci\u00f3n real.<\/strong><\/p>\n\n\n\n<p>No es \u00e9pica gubernamental ni optimismo voluntarista: son datos duros, consistentes y alineados.<\/p>\n\n\n\n<p>El desaf\u00edo ahora es mantener el rumbo. La tentaci\u00f3n de volver a recetas fracasadas siempre est\u00e1. Pero la realidad es tozuda:<br><strong>el mercado funciona cuando lo dejan funcionar.<\/strong><br>Y estos gr\u00e1ficos \u2014s\u00ed, estos\u2014 son la mejor prueba. Si Argentina quiere seguir avanzando, la decisi\u00f3n es simple: dejar que la econom\u00eda siga haciendo lo que sabe hacer cuando se la libera.<\/p>\n\n\n\n<p>\u2014 Ecus<br><em>La libertad no se mendiga, se ejerce<\/em><\/p>\n","protected":false},"excerpt":{"rendered":"<p>Los \u00faltimos datos del EMAE muestran una econom\u00eda que no solo se estabiliza: empieza a traccionar. Tres gr\u00e1ficos, una misma historia: la actividad volvi\u00f3 a levantarse y los sectores m\u00e1s din\u00e1micos empujan fuerte. El desaf\u00edo ahora es no retroceder por miedo al cambio.<\/p>\n","protected":false},"author":2,"featured_media":4716,"comment_status":"open","ping_status":"open","sticky":false,"template":"","format":"standard","meta":{"_acf_changed":false,"advanced_seo_description":"La actividad econ\u00f3mica argentina creci\u00f3 5% en septiembre 2025 seg\u00fan INDEC, con sectores clave impulsando una recuperaci\u00f3n sostenida.","jetpack_seo_html_title":"La actividad econ\u00f3mica repunta: datos del INDEC muestran crecimiento s\u00f3lido en septiembre 2025","jetpack_seo_noindex":false,"_jetpack_memberships_contains_paid_content":false,"footnotes":""},"categories":[2],"tags":[439,443,351,20,185,440,346,442,441],"class_list":["post-4712","post","type-post","status-publish","format-standard","has-post-thumbnail","hentry","category-economia","tag-actividad-economica","tag-crecimiento-economico-2025","tag-datos-indec","tag-destacados","tag-economia-argentina","tag-emae","tag-indec","tag-recuperacion-economica","tag-sectores-productivos"],"acf":[],"jetpack_featured_media_url":"https:\/\/elliberador.com\/wp-content\/uploads\/2025\/11\/WhatsApp-Image-2025-11-25-at-8.14.38-PM.jpeg","jetpack_sharing_enabled":true,"_links":{"self":[{"href":"https:\/\/elliberador.com\/index.php\/wp-json\/wp\/v2\/posts\/4712","targetHints":{"allow":["GET"]}}],"collection":[{"href":"https:\/\/elliberador.com\/index.php\/wp-json\/wp\/v2\/posts"}],"about":[{"href":"https:\/\/elliberador.com\/index.php\/wp-json\/wp\/v2\/types\/post"}],"author":[{"embeddable":true,"href":"https:\/\/elliberador.com\/index.php\/wp-json\/wp\/v2\/users\/2"}],"replies":[{"embeddable":true,"href":"https:\/\/elliberador.com\/index.php\/wp-json\/wp\/v2\/comments?post=4712"}],"version-history":[{"count":3,"href":"https:\/\/elliberador.com\/index.php\/wp-json\/wp\/v2\/posts\/4712\/revisions"}],"predecessor-version":[{"id":4730,"href":"https:\/\/elliberador.com\/index.php\/wp-json\/wp\/v2\/posts\/4712\/revisions\/4730"}],"wp:featuredmedia":[{"embeddable":true,"href":"https:\/\/elliberador.com\/index.php\/wp-json\/wp\/v2\/media\/4716"}],"wp:attachment":[{"href":"https:\/\/elliberador.com\/index.php\/wp-json\/wp\/v2\/media?parent=4712"}],"wp:term":[{"taxonomy":"category","embeddable":true,"href":"https:\/\/elliberador.com\/index.php\/wp-json\/wp\/v2\/categories?post=4712"},{"taxonomy":"post_tag","embeddable":true,"href":"https:\/\/elliberador.com\/index.php\/wp-json\/wp\/v2\/tags?post=4712"}],"curies":[{"name":"wp","href":"https:\/\/api.w.org\/{rel}","templated":true}]}}