{"id":4778,"date":"2025-11-27T20:08:07","date_gmt":"2025-11-27T23:08:07","guid":{"rendered":"https:\/\/elliberador.com\/?p=4778"},"modified":"2025-11-28T11:51:41","modified_gmt":"2025-11-28T14:51:41","slug":"entrevista-a-silvio-garbolino-el-intendente-electo-que-gano-en-melincue-pese-a-las-operaciones-politicas-de-pullaro","status":"publish","type":"post","link":"https:\/\/elliberador.com\/index.php\/2025\/11\/27\/entrevista-a-silvio-garbolino-el-intendente-electo-que-gano-en-melincue-pese-a-las-operaciones-politicas-de-pullaro\/","title":{"rendered":"Entrevista a Silvio Garbolino: el jefe comunal electo de Melincu\u00e9 en su 248\u00b0 aniversario"},"content":{"rendered":"\n<p>Tras una arriesgada operaci\u00f3n pol\u00edtica impulsada por el gobierno provincial de Maximiliano Pullaro, Silvio Garbolino logr\u00f3 un triunfo hist\u00f3rico en Melincu\u00e9, una localidad del sur santafesino de apenas 2.500 habitantes. Con 699 votos \u2014apenas 17 por encima de su adversaria de Unidos, Yamila Galisso\u2014, el dirigente libertario afirma que la maniobra judicial previa a los comicios busc\u00f3 eliminarlo de la competencia, pero que la comunidad no crey\u00f3 \u201cninguna de esas jugadas oscuras\u201d y volvi\u00f3 a elegirlo como su conductor pol\u00edtico. Garbolino sostiene que la detenci\u00f3n, vinculada a una causa por defraudaci\u00f3n en la mutual Amfac de San Gregorio, fue \u201cinjusta, infundada y claramente programada\u201d para afectar su campa\u00f1a, y remarca que no solo fue liberado, sino tambi\u00e9n legitimado en las urnas.<\/p>\n\n\n\n<h3 class=\"wp-block-heading\">A pocos dias de tu vuelta a la jefatura comunal toca el 248\u00b0 aniversario de Melincu\u00e9. \u00bfQu\u00e9 sensaciones ten\u00e9s?<\/h3>\n\n\n\n<blockquote class=\"wp-block-quote is-layout-flow wp-block-quote-is-layout-flow\">\n<p>\u201cVolver a conducir el destino de nuestro pueblo justo en el marco de sus 248 a\u00f1os es un orgullo enorme. Melincu\u00e9 tiene una historia profunda y una responsabilidad institucional que asumo con compromiso y respeto. Este aniversario nos invita a honrar lo que fuimos y a proyectar con seriedad lo que vamos a construir juntos.\u201d<\/p>\n<\/blockquote>\n\n\n\n<h3 class=\"wp-block-heading\">\u00bfQue caracter\u00edstica especial tiene Melincu\u00e9 en la regi\u00f3n como para que, a\u00fan sin ser ciudad, sea la cabecera de uno de los departamentos mas poblados de la provincia?<\/h3>\n\n\n\n<blockquote class=\"wp-block-quote is-layout-flow wp-block-quote-is-layout-flow\">\n<p> \u201cMelincu\u00e9 tiene una identidad \u00fanica en la regi\u00f3n, es un punto de referencia hist\u00f3rico, administrativo, social y de gran calidez humana por su gente. Su ubicaci\u00f3n estrat\u00e9gica, su tradici\u00f3n institucional y su rol como centro de servicios la convierten naturalmente en cabecera departamental, aun sin tener rango de ciudad.\u201d<\/p>\n<\/blockquote>\n\n\n\n<h3 class=\"wp-block-heading\">\u00bfEs tu cuarta elecci\u00f3n invicto?<\/h3>\n\n\n\n<blockquote class=\"wp-block-quote is-layout-flow wp-block-quote-is-layout-flow\">\n<p>\u201cNo, no es mi cuarta elecci\u00f3n consecutiva sin derrotas. En total ya son ocho instancias \u2014cuatro PASO y cuatro generales\u2014 donde la mayor\u00eda de nuestros vecinos volvi\u00f3 a confiar en mi trabajo y en el de mis equipos! Ese respaldo sostenido no es casualidad es el resultado de gesti\u00f3n, cercan\u00eda y coherencia en cada decisi\u00f3n .<strong>TOTAL 8 VICTORIAS ELECTORALES INVICTO y fui en 2023 el CANDIDATO MAS VOTADO de la HISTORIA DE NUESTRO PUEBLO.<\/strong><\/p>\n<\/blockquote>\n\n\n\n<h3 class=\"wp-block-heading\">\u00bfC\u00f3mo esta tu relaci\u00f3n con tu ex segunda que hoy es la jefe comunal y que deber\u00e1 devolverte la Presidencia? Sobre todo, despu\u00e9s de esas denuncias armadas a d\u00edas de la elecci\u00f3n para da\u00f1ar tu imagen.<\/h3>\n\n\n\n<blockquote class=\"wp-block-quote is-layout-flow wp-block-quote-is-layout-flow\">\n<p>\u201cHoy no existe ning\u00fan tipo de relaci\u00f3n, y eso es fruto de una decisi\u00f3n personal de ella. Ni siquiera ha mantenido un m\u00ednimo de respeto institucional hacia mi persona ni hacia el pueblo. Aquellas denuncias que impuls\u00f3 en su momento, a d\u00edas de la elecci\u00f3n, fueron \u2014desde mi punto de vista\u2014 parte de una estrategia de campa\u00f1a muy sucia y oscura, que busc\u00f3 perjudicar mi imagen y tambi\u00e9n la de mi familia. Ese tipo de pr\u00e1cticas no deber\u00eda tener lugar nunca m\u00e1s en la pol\u00edtica.<br>A d\u00edas de entregar el mandato, sigue sin aceptar el resultado y tampoco prioriza una transici\u00f3n ordenada, transparente y respetuosa. Y eso, m\u00e1s all\u00e1 de las diferencias, es lo m\u00ednimo que merece cualquier comunidad.\u201d<\/p>\n<\/blockquote>\n\n\n\n<p>Pese a haber sido electo nuevamente y acumular ocho triunfos electorales consecutivos entre PASO y generales, Garbolino denuncia que el clima institucional sigue cargado de hostilidad. Afirma que ni siquiera fue invitado a la fiesta oficial del pueblo, un gesto que interpreta como una muestra m\u00e1s del intento de desconocer su legitimidad democr\u00e1tica. Aun as\u00ed, se muestra confiado: asegura que Melincu\u00e9 lo respalda porque valora su trayectoria, su gesti\u00f3n y su coherencia, y reconoce que su pr\u00f3ximo mandato ser\u00e1 un desaf\u00edo mayor, especialmente con un gobierno provincial al que identifica como adversario pol\u00edtico.<\/p>\n","protected":false},"excerpt":{"rendered":"<p>El Liberador accedi\u00f3 en exclusiva al testimonio y la situaci\u00f3n del intendente electo de Melincu\u00e9, Silvio Garbolino, quien gan\u00f3 la elecci\u00f3n por 17 votos apenas una semana despu\u00e9s de haber sido detenido en una causa que en la localidad se\u00f1alan como parte de una operaci\u00f3n pol\u00edtica impulsada desde el gobierno de Maximiliano Pullaro para perjudicarlo electoralmente.<\/p>\n","protected":false},"author":2,"featured_media":4780,"comment_status":"open","ping_status":"open","sticky":false,"template":"","format":"standard","meta":{"_acf_changed":false,"advanced_seo_description":"","jetpack_seo_html_title":"","jetpack_seo_noindex":false,"_jetpack_memberships_contains_paid_content":false,"footnotes":""},"categories":[4],"tags":[20,475,481],"class_list":["post-4778","post","type-post","status-publish","format-standard","has-post-thumbnail","hentry","category-politica","tag-destacados","tag-garbolino","tag-melincue"],"acf":[],"jetpack_featured_media_url":"https:\/\/elliberador.com\/wp-content\/uploads\/2025\/11\/GARBOLINO-MELINCUE.webp","jetpack_sharing_enabled":true,"_links":{"self":[{"href":"https:\/\/elliberador.com\/index.php\/wp-json\/wp\/v2\/posts\/4778","targetHints":{"allow":["GET"]}}],"collection":[{"href":"https:\/\/elliberador.com\/index.php\/wp-json\/wp\/v2\/posts"}],"about":[{"href":"https:\/\/elliberador.com\/index.php\/wp-json\/wp\/v2\/types\/post"}],"author":[{"embeddable":true,"href":"https:\/\/elliberador.com\/index.php\/wp-json\/wp\/v2\/users\/2"}],"replies":[{"embeddable":true,"href":"https:\/\/elliberador.com\/index.php\/wp-json\/wp\/v2\/comments?post=4778"}],"version-history":[{"count":8,"href":"https:\/\/elliberador.com\/index.php\/wp-json\/wp\/v2\/posts\/4778\/revisions"}],"predecessor-version":[{"id":4793,"href":"https:\/\/elliberador.com\/index.php\/wp-json\/wp\/v2\/posts\/4778\/revisions\/4793"}],"wp:featuredmedia":[{"embeddable":true,"href":"https:\/\/elliberador.com\/index.php\/wp-json\/wp\/v2\/media\/4780"}],"wp:attachment":[{"href":"https:\/\/elliberador.com\/index.php\/wp-json\/wp\/v2\/media?parent=4778"}],"wp:term":[{"taxonomy":"category","embeddable":true,"href":"https:\/\/elliberador.com\/index.php\/wp-json\/wp\/v2\/categories?post=4778"},{"taxonomy":"post_tag","embeddable":true,"href":"https:\/\/elliberador.com\/index.php\/wp-json\/wp\/v2\/tags?post=4778"}],"curies":[{"name":"wp","href":"https:\/\/api.w.org\/{rel}","templated":true}]}}