{"id":4807,"date":"2025-12-01T08:15:00","date_gmt":"2025-12-01T11:15:00","guid":{"rendered":"https:\/\/elliberador.com\/?p=4807"},"modified":"2025-11-30T23:19:36","modified_gmt":"2025-12-01T02:19:36","slug":"la-argentina-entre-la-crisis-y-el-cambio-por-que-el-debate-economico-no-puede-olvidar-de-donde-venimos","status":"publish","type":"post","link":"https:\/\/elliberador.com\/index.php\/2025\/12\/01\/la-argentina-entre-la-crisis-y-el-cambio-por-que-el-debate-economico-no-puede-olvidar-de-donde-venimos\/","title":{"rendered":"La Argentina entre la crisis y el cambio: por qu\u00e9 el debate econ\u00f3mico no puede olvidar de d\u00f3nde venimos"},"content":{"rendered":"\n<p>La semana volvi\u00f3 a exponer, con crudeza, la tensi\u00f3n entre la realidad econ\u00f3mica argentina y el inevitable debate pol\u00edtico que atraviesa al pa\u00eds. Informes recientes sobre inflaci\u00f3n, deterioro del poder adquisitivo, tensiones internas en La Libertad Avanza y la ca\u00edda del consumo se combinaron con nuevas discusiones sobre el rumbo de la pol\u00edtica econ\u00f3mica. Pero en medio del ruido, una pregunta se impone: \u00bfpodemos evaluar el presente sin recordar con honestidad el punto de partida?<\/p>\n\n\n\n<p>Porque la batalla cultural que hoy se libra \u2014la discusi\u00f3n sobre el rol del Estado, la responsabilidad fiscal, la transparencia institucional y el valor del m\u00e9rito\u2014 solo tiene sentido si se reconoce que Argentina no lleg\u00f3 hasta aqu\u00ed por accidente. No hubo un meteorito. Hubo decisiones pol\u00edticas, econ\u00f3micas y morales. Y gran parte de ese legado proviene de la gesti\u00f3n de Alberto Fern\u00e1ndez, conducida en los hechos por Cristina Fern\u00e1ndez de Kirchner, \u00faltima expresi\u00f3n de un modelo que agot\u00f3 sus propios recursos y dej\u00f3 al pa\u00eds en una situaci\u00f3n cr\u00edtica.<\/p>\n\n\n\n<p>Esta semana, los informes privados mostraron una inflaci\u00f3n persistente en alimentos, acompa\u00f1ada por subas en servicios, transporte y bienes esenciales. M\u00e1s del 58% de los hogares no logra cubrir la Canasta B\u00e1sica Alimentaria. El consumo cae, los salarios pierden poder adquisitivo y las tensiones de la macroeconom\u00eda siguen marcando el humor social. No es un cuadro menor. Pero tampoco es nuevo: es la consecuencia directa de un ciclo de descontrol fiscal, emisi\u00f3n sin respaldo, subsidios desbordados y corrupci\u00f3n estructural que se sostuvo durante a\u00f1os.<\/p>\n\n\n\n<p>En este contexto, <strong>el resultado de las \u00faltimas elecciones aport\u00f3 una se\u00f1al pol\u00edtica in\u00e9dita y cargada de significado cultural<\/strong>. La Libertad Avanza, un espacio que hace apenas cinco a\u00f1os contaba con un solo diputado \u2014Javier Milei, ingresando al Congreso como un \u201coutsider\u201d al que muchos subestimaron\u2014 logr\u00f3 consolidarse como <strong>primera minor\u00eda en la C\u00e1mara Baja con 92 bancas<\/strong>. Un crecimiento parlamentario que no tiene precedentes recientes y que expresa con claridad un cambio profundo en la sociedad argentina: el hartazgo ante el viejo orden y la decisi\u00f3n de apostar por una dirigencia que desaf\u00eda al status quo. Lo mismo ocurre en el Senado, donde la figura de Patricia Bullrich como potencial presidenta del bloque libertario simboliza un contrapeso decisivo frente a las maniobras hist\u00f3ricas del peronismo y el kirchnerismo. El objetivo es claro: frenar las embestidas del aparato pol\u00edtico que gobern\u00f3 durante dos d\u00e9cadas y aprobar las reformas que una mayor\u00eda silenciosa, los argentinos de bien, considera indispensables para que la Argentina pueda ser grande nuevamente.<\/p>\n\n\n\n<p>Y en este punto es imprescindible recordar el marco judicial que describi\u00f3, con precisi\u00f3n, el funcionamiento del poder pol\u00edtico durante el kirchnerismo. En la causa conocida como los \u201ccuadernos\u201d, los empresarios que declararon ante la Justicia detallaron un esquema sistem\u00e1tico de cobro de coimas desde 2003 hasta 2015. No se trata de una opini\u00f3n, sino de elementos constatados en sede judicial que mostraron con crudeza c\u00f3mo operaba el poder. Ese modelo no solo erosion\u00f3 la credibilidad del Estado: financi\u00f3 el sistema pol\u00edtico que hoy resiste las reformas.<\/p>\n\n\n\n<p>Desde ese suelo quebrado, la administraci\u00f3n actual intenta reordenar variables dejadas a la deriva durante d\u00e9cadas. Puede discutirse el modo, la velocidad o los errores no forzados. Pero lo que no puede ignorarse es que la crisis que hoy enfrentamos no naci\u00f3 con Milei: naci\u00f3 mucho antes, al calor de decisiones que hipotecaron el futuro del pa\u00eds.<\/p>\n\n\n\n<p>Por eso el debate de fondo sigue siendo cultural. \u00bfQueremos volver a un Estado que sostiene privilegios pol\u00edticos a costa de inflaci\u00f3n permanente? \u00bfO queremos avanzar hacia un pa\u00eds donde la transparencia, la competencia y la responsabilidad fiscal sean normas, no excepciones? La verdadera batalla no es solo econ\u00f3mica: es moral, institucional y generacional.<\/p>\n\n\n\n<p>Porque la discusi\u00f3n de esta semana no es solo sobre precios, d\u00f3lar o estad\u00edsticas: es sobre qu\u00e9 pa\u00eds estamos dispuestos a construir. Y para construirlo, la memoria no es un accesorio: es una herramienta.<\/p>\n\n\n\n<p>Ecus<br><em>La libertad no se mendiga, se ejerce.<\/em><\/p>\n","protected":false},"excerpt":{"rendered":"<p>La crisis actual se entiende desde el legado kirchnerista y el avance legislativo de Milei, que busca reformas para iniciar un cambio profundo en Argentina.<\/p>\n","protected":false},"author":2,"featured_media":4808,"comment_status":"open","ping_status":"open","sticky":false,"template":"","format":"standard","meta":{"_acf_changed":false,"advanced_seo_description":"La crisis actual se entiende desde el legado kirchnerista y el avance legislativo de Milei, que busca reformas para iniciar un cambio profundo en Argentina.","jetpack_seo_html_title":"Argentina entre la crisis y el cambio: Milei y el nuevo escenario pol\u00edtico","jetpack_seo_noindex":false,"_jetpack_memberships_contains_paid_content":false,"footnotes":""},"categories":[4],"tags":[96,173,494,20,73,119,246,47,269,126,239],"class_list":["post-4807","post","type-post","status-publish","format-standard","has-post-thumbnail","hentry","category-politica","tag-argentina","tag-congreso","tag-crisis-economica","tag-destacados","tag-inflacion","tag-javier-milei","tag-kirchnerismo","tag-la-libertad-avanza","tag-patricia-bullrich","tag-politica-argentina","tag-reformas"],"acf":[],"jetpack_featured_media_url":"https:\/\/elliberador.com\/wp-content\/uploads\/2025\/11\/Congreso-azul-y-blanco.webp","jetpack_sharing_enabled":true,"_links":{"self":[{"href":"https:\/\/elliberador.com\/index.php\/wp-json\/wp\/v2\/posts\/4807","targetHints":{"allow":["GET"]}}],"collection":[{"href":"https:\/\/elliberador.com\/index.php\/wp-json\/wp\/v2\/posts"}],"about":[{"href":"https:\/\/elliberador.com\/index.php\/wp-json\/wp\/v2\/types\/post"}],"author":[{"embeddable":true,"href":"https:\/\/elliberador.com\/index.php\/wp-json\/wp\/v2\/users\/2"}],"replies":[{"embeddable":true,"href":"https:\/\/elliberador.com\/index.php\/wp-json\/wp\/v2\/comments?post=4807"}],"version-history":[{"count":1,"href":"https:\/\/elliberador.com\/index.php\/wp-json\/wp\/v2\/posts\/4807\/revisions"}],"predecessor-version":[{"id":4809,"href":"https:\/\/elliberador.com\/index.php\/wp-json\/wp\/v2\/posts\/4807\/revisions\/4809"}],"wp:featuredmedia":[{"embeddable":true,"href":"https:\/\/elliberador.com\/index.php\/wp-json\/wp\/v2\/media\/4808"}],"wp:attachment":[{"href":"https:\/\/elliberador.com\/index.php\/wp-json\/wp\/v2\/media?parent=4807"}],"wp:term":[{"taxonomy":"category","embeddable":true,"href":"https:\/\/elliberador.com\/index.php\/wp-json\/wp\/v2\/categories?post=4807"},{"taxonomy":"post_tag","embeddable":true,"href":"https:\/\/elliberador.com\/index.php\/wp-json\/wp\/v2\/tags?post=4807"}],"curies":[{"name":"wp","href":"https:\/\/api.w.org\/{rel}","templated":true}]}}