{"id":4810,"date":"2025-12-01T15:27:47","date_gmt":"2025-12-01T18:27:47","guid":{"rendered":"https:\/\/elliberador.com\/?p=4810"},"modified":"2025-12-01T21:56:28","modified_gmt":"2025-12-02T00:56:28","slug":"concejal-de-lla-en-ciudad-de-santa-fe-expone-aumento-de-impuestos-y-mas-gastos-en-el-presupuesto-2026","status":"publish","type":"post","link":"https:\/\/elliberador.com\/index.php\/2025\/12\/01\/concejal-de-lla-en-ciudad-de-santa-fe-expone-aumento-de-impuestos-y-mas-gastos-en-el-presupuesto-2026\/","title":{"rendered":"Concejal de LLA en ciudad de Santa Fe expone aumento de impuestos y m\u00e1s gastos en el presupuesto 2026"},"content":{"rendered":"\n<p>El concejal electo de <em>La Libertad Avanza<\/em> en la ciudad de Santa Fe, <strong>Pablo Mussio<\/strong>, abri\u00f3 el fuego antes de asumir su banca: en un video difundido en redes, denunci\u00f3 que el <strong>Presupuesto 2026 del intendente Juan Pablo Poletti<\/strong> crece por encima de la inflaci\u00f3n prevista y se financia con <strong>m\u00e1s presi\u00f3n impositiva sobre los vecinos<\/strong>, justo cuando el pa\u00eds intenta, al menos desde el Gobierno nacional, empezar a desarmar la m\u00e1quina de impuestos.<\/p>\n\n\n\n<p>Mientras el discurso oficial municipal habla de una ciudad \u201cque cuida\u201d y de un presupuesto \u201cequilibrado y austero\u201d, la lupa libertaria que comienza a entrar al Concejo ve otra cosa: <strong>un Estado local que se expande silenciosamente y que vuelve a recurrir al bolsillo del contribuyente como \u00fanico salvavidas<\/strong>.<\/p>\n\n\n\n<hr class=\"wp-block-separator has-alpha-channel-opacity\"\/>\n\n\n\n<h3 class=\"wp-block-heading\">Un presupuesto que se dice \u201caustero\u201d, pero que se financia con m\u00e1s carga tributaria<\/h3>\n\n\n\n<p>El <strong>Concejo Municipal de Santa Fe<\/strong> aprob\u00f3 en los \u00faltimos d\u00edas el <strong>Presupuesto y la Ordenanza Tributaria 2026<\/strong>, con una proyecci\u00f3n de gasto cercana a los <strong>$295.881 millones<\/strong> y pautas \u201calineadas\u201d con los supuestos macroecon\u00f3micos nacionales, que hablan de una inflaci\u00f3n del <strong>10,1 % anual<\/strong>.<\/p>\n\n\n\n<p>Hasta ah\u00ed, el relato luce prolijo. Pero el propio debate p\u00fablico alrededor de la Tributaria encendi\u00f3 las alarmas: en redes y medios locales se anticip\u00f3 que <strong>los tributos municipales aumentar\u00edan alrededor de un 25 % en el primer semestre de 2026<\/strong>, es decir, muy por encima de la inflaci\u00f3n que el mismo municipio dice tomar como referencia.<\/p>\n\n\n\n<p>Es precisamente ese desfasaje el que Mussio se\u00f1ala en su video:<\/p>\n\n\n\n<ul class=\"wp-block-list\">\n<li>Si el <strong>gasto p\u00fablico municipal crece por encima de la inflaci\u00f3n esperada<\/strong>,<\/li>\n\n\n\n<li>y los <strong>tributos tambi\u00e9n suben por encima de esa pauta<\/strong>,<br>entonces el resultado inevitable es <strong>mayor presi\u00f3n fiscal real<\/strong> sobre los vecinos, comerciantes y pymes santafesinas.<\/li>\n<\/ul>\n\n\n\n<p>La propia oposici\u00f3n tradicional dentro del Concejo (no libertaria) ya hab\u00eda marcado que se trata de <strong>\u201caumentos desmesurados de las tasas municipales\u201d<\/strong> y que el municipio insiste en comportarse como un <strong>\u201cEstado recaudador\u201d<\/strong> a\u00fan en un contexto de crisis econ\u00f3mica. La diferencia es que, con la llegada de <em>La Libertad Avanza<\/em>, ese cuestionamiento deja de ser s\u00f3lo ret\u00f3rico y pasa a formar parte de una agenda expl\u00edcita de recorte del gasto y de alivio tributario.<\/p>\n\n\n\n<hr class=\"wp-block-separator has-alpha-channel-opacity\"\/>\n\n\n\n<h3 class=\"wp-block-heading\">El modelo Poletti: m\u00e1s Estado local en un pa\u00eds que intenta bajar impuestos<\/h3>\n\n\n\n<p>Mientras el Gobierno nacional avanza \u2013con aciertos y errores\u2013 en una estrategia de <strong>ajuste del Estado y baja gradual de impuestos<\/strong>, en Santa Fe capital el mensaje va en sentido inverso:<\/p>\n\n\n\n<ul class=\"wp-block-list\">\n<li><strong>Se habilita endeudamiento nuevo<\/strong>,<\/li>\n\n\n\n<li>Se consolidan <strong>altos niveles de gasto corriente<\/strong>,<\/li>\n\n\n\n<li>Y se sostiene el reflejo cl\u00e1sico del estatismo: <strong>\u201cfinanciar todo\u201d con m\u00e1s tasas y contribuciones municipales<\/strong>.<\/li>\n<\/ul>\n\n\n\n<p>Detr\u00e1s de los slogans de \u201cmejor iluminaci\u00f3n\u201d, \u201cm\u00e1s limpieza\u201d y \u201cm\u00e1s servicios\u201d, lo que muestra el an\u00e1lisis libertario es un patr\u00f3n conocido:<\/p>\n\n\n\n<blockquote class=\"wp-block-quote is-layout-flow wp-block-quote-is-layout-flow\">\n<p>Un municipio que promete de todo, pero que lo hace <strong>a costa de encarecer la vida en la ciudad<\/strong> para quienes producen, invierten y trabajan.<\/p>\n<\/blockquote>\n\n\n\n<p>Mussio denuncia justamente eso en su video: <strong>no se trata s\u00f3lo de n\u00fameros fr\u00edos<\/strong>, sino del mensaje pol\u00edtico que encierra este Presupuesto 2026. En lugar de aprovechar el contexto para <strong>achicar el Estado local, ordenar prioridades y liberar recursos para el sector privado<\/strong>, la gesti\u00f3n Poletti \u2013heredera del modelo socialista santafesino\u2013 aprovecha la maquinaria tributaria municipal para seguir creciendo.<\/p>\n\n\n\n<figure class=\"wp-block-video\"><video height=\"1920\" style=\"aspect-ratio: 1080 \/ 1920;\" width=\"1080\" controls src=\"https:\/\/elliberador.com\/wp-content\/uploads\/2025\/12\/Presupuestov3-Mussio.mp4\"><\/video><\/figure>\n\n\n\n<hr class=\"wp-block-separator has-alpha-channel-opacity\"\/>\n\n\n\n<h3 class=\"wp-block-heading\">La Libertad Avanza desembarca en el Concejo: fin de la zona de confort<\/h3>\n\n\n\n<p>Hasta ahora, el debate presupuestario en la capital provincial se daba casi exclusivamente entre variantes de la misma l\u00f3gica: radicales, socialistas y peronistas discutiendo matices sobre <strong>c\u00f3mo gastar<\/strong>, pero pocas veces <strong>si corresponde gastar tanto y cobrarle tanto al vecino<\/strong>.<\/p>\n\n\n\n<p>Con la entrada de <strong>Pablo Mussio<\/strong> y su compa\u00f1era <strong>Ana Cantiani<\/strong> del bloque de <em>La Libertad Avanza<\/em> al Concejo, esa comodidad se acaba. El video que hoy circula en redes es, en los hechos, una <strong>carta de presentaci\u00f3n<\/strong>:<\/p>\n\n\n\n<ul class=\"wp-block-list\">\n<li>Control al centavo del gasto,<\/li>\n\n\n\n<li>Denuncia de cualquier aumento tributario que supere la inflaci\u00f3n,<\/li>\n\n\n\n<li>Y exposici\u00f3n p\u00fablica de las <strong>\u201cma\u00f1as de casta\u201d<\/strong> que suelen esconderse detr\u00e1s de planillas y tecnicismos.<\/li>\n<\/ul>\n\n\n\n<p>En su diagn\u00f3stico, Mussio plantea que <strong>el socialismo municipal y sus aliados siguen apostando a \u201cm\u00e1s Estado\u201d justo cuando los contribuyentes ya no aguantan otro ajuste desde arriba<\/strong>. Y que lo hacen, adem\u00e1s, de manera solapada: hablando de \u201cequidad\u201d, \u201ccuidado\u201d y \u201cservicios esenciales\u201d, mientras el ticket final de tasas y contribuciones no para de subir.<\/p>\n\n\n\n<hr class=\"wp-block-separator has-alpha-channel-opacity\"\/>\n\n\n\n<h3 class=\"wp-block-heading\">Lo que est\u00e1 en juego: \u00bfmunicipio m\u00ednimo o municipio recaudador?<\/h3>\n\n\n\n<p>El video de Mussio no es s\u00f3lo una denuncia puntual. Es, en el fondo, la disputa por <strong>dos modelos de ciudad<\/strong>:<\/p>\n\n\n\n<ul class=\"wp-block-list\">\n<li>Un <strong>municipio austero, concentrado en funciones b\u00e1sicas<\/strong>, con impuestos bajos y previsibles, que deje espacio al sector privado para generar riqueza.<\/li>\n\n\n\n<li>O un <strong>municipio recaudador<\/strong>, que promete obras y programas a cambio de seguir exprimiendo a la clase media, a los comerciantes y a las pymes que todav\u00eda sostienen la econom\u00eda santafesina.<\/li>\n<\/ul>\n\n\n\n<p>Que <em>La Libertad Avanza<\/em> haya logrado representaci\u00f3n en el Concejo implica que, por primera vez, esa discusi\u00f3n <strong>va a darse de frente y sin eufemismos<\/strong>. El video de Mussio es apenas el primer aviso:<\/p>\n\n\n\n<blockquote class=\"wp-block-quote is-layout-flow wp-block-quote-is-layout-flow\">\n<p>en Santa Fe capital, la era de los presupuestos \u201cde consenso\u201d que se aprueban sin explicar qui\u00e9n los paga puede estar llegando a su fin.<\/p>\n<\/blockquote>\n","protected":false},"excerpt":{"rendered":"<p>En un video que adelanta el tono que tendr\u00e1 La Libertad Avanza en el Concejo santafesino, el concejal electo Pablo Mussio denuncia que el presupuesto de Poletti crece por encima de la inflaci\u00f3n y se financia con m\u00e1s presi\u00f3n impositiva sobre vecinos y pymes, justo cuando el pa\u00eds hace un esfuerzo por bajar impuestos. Mientras el socialismo apuesta a un Estado municipal cada vez m\u00e1s grande pero solapado, el desembarco libertario promete destapar las ma\u00f1as de casta que se esconden detr\u00e1s de planillas y n\u00fameros fr\u00edos.<\/p>\n","protected":false},"author":2,"featured_media":4812,"comment_status":"open","ping_status":"open","sticky":false,"template":"","format":"standard","meta":{"_acf_changed":false,"advanced_seo_description":"","jetpack_seo_html_title":"","jetpack_seo_noindex":false,"_jetpack_memberships_contains_paid_content":false,"footnotes":""},"categories":[4],"tags":[497,20,56,495,266,66,498],"class_list":["post-4810","post","type-post","status-publish","format-standard","has-post-thumbnail","hentry","category-politica","tag-concejo-deliberante","tag-destacados","tag-milei","tag-pablo-mussio","tag-presupuesto-2026","tag-santa-fe","tag-socialismo"],"acf":[],"jetpack_featured_media_url":"https:\/\/elliberador.com\/wp-content\/uploads\/2025\/12\/Mussio-motosierra-e1764613653547.jpg","jetpack_sharing_enabled":true,"_links":{"self":[{"href":"https:\/\/elliberador.com\/index.php\/wp-json\/wp\/v2\/posts\/4810","targetHints":{"allow":["GET"]}}],"collection":[{"href":"https:\/\/elliberador.com\/index.php\/wp-json\/wp\/v2\/posts"}],"about":[{"href":"https:\/\/elliberador.com\/index.php\/wp-json\/wp\/v2\/types\/post"}],"author":[{"embeddable":true,"href":"https:\/\/elliberador.com\/index.php\/wp-json\/wp\/v2\/users\/2"}],"replies":[{"embeddable":true,"href":"https:\/\/elliberador.com\/index.php\/wp-json\/wp\/v2\/comments?post=4810"}],"version-history":[{"count":1,"href":"https:\/\/elliberador.com\/index.php\/wp-json\/wp\/v2\/posts\/4810\/revisions"}],"predecessor-version":[{"id":4813,"href":"https:\/\/elliberador.com\/index.php\/wp-json\/wp\/v2\/posts\/4810\/revisions\/4813"}],"wp:featuredmedia":[{"embeddable":true,"href":"https:\/\/elliberador.com\/index.php\/wp-json\/wp\/v2\/media\/4812"}],"wp:attachment":[{"href":"https:\/\/elliberador.com\/index.php\/wp-json\/wp\/v2\/media?parent=4810"}],"wp:term":[{"taxonomy":"category","embeddable":true,"href":"https:\/\/elliberador.com\/index.php\/wp-json\/wp\/v2\/categories?post=4810"},{"taxonomy":"post_tag","embeddable":true,"href":"https:\/\/elliberador.com\/index.php\/wp-json\/wp\/v2\/tags?post=4810"}],"curies":[{"name":"wp","href":"https:\/\/api.w.org\/{rel}","templated":true}]}}