{"id":4850,"date":"2025-12-03T07:53:52","date_gmt":"2025-12-03T10:53:52","guid":{"rendered":"https:\/\/elliberador.com\/?p=4850"},"modified":"2025-12-03T08:40:26","modified_gmt":"2025-12-03T11:40:26","slug":"historico-milei-logra-la-primera-minoria-en-el-congreso-y-desplaza-al-peronismo-por-primera-vez-desde-1989","status":"publish","type":"post","link":"https:\/\/elliberador.com\/index.php\/2025\/12\/03\/historico-milei-logra-la-primera-minoria-en-el-congreso-y-desplaza-al-peronismo-por-primera-vez-desde-1989\/","title":{"rendered":"HIST\u00d3RICO: Milei logra la primer minor\u00eda en el congreso y desplaza al peronismo por primera vez desde 1989"},"content":{"rendered":"\n<p>En una jornada que marca un antes y un despu\u00e9s en la pol\u00edtica argentina, La Libertad Avanza (LLA) alcanz\u00f3 este martes la primera minor\u00eda en la C\u00e1mara de Diputados, desplazando al peronismo de un lugar que mantuvo de manera ininterrumpida durante 36 a\u00f1os. El sorpresivo reacomodamiento parlamentario se confirm\u00f3 tras la salida de tres diputados catamarque\u00f1os del bloque Uni\u00f3n por la Patria y la incorporaci\u00f3n del entrerriano Francisco Morchio a las filas libertarias.<\/p>\n\n\n\n<p>La mudanza de los legisladores de Catamarca \u2014producto de la ruptura impulsada por el gobernador Ra\u00fal Jalil\u2014 dej\u00f3 al peronismo con 93 bancas, mientras que la adhesi\u00f3n de Morchio elev\u00f3 a 95 los esca\u00f1os de LLA. Con este movimiento, el oficialismo de Javier Milei consolida un poder legislativo in\u00e9dito desde su irrupci\u00f3n pol\u00edtica.<\/p>\n\n\n\n<p>El nuevo legislador libertario, cercano al gobernador entrerriano Rogelio Frigerio, abandon\u00f3 Encuentro Federal y sell\u00f3 su incorporaci\u00f3n en el tramo final de intensas negociaciones que redefinieron el mapa del Congreso. Su llegada termina de consolidar la ventaja del oficialismo en la antesala del recambio legislativo del 10 de diciembre.<\/p>\n\n\n\n<figure class=\"wp-block-image size-full\"><img fetchpriority=\"high\" decoding=\"async\" width=\"608\" height=\"365\" src=\"https:\/\/elliberador.com\/wp-content\/uploads\/2025\/12\/Captura-de-pantalla-2025-12-03-073314.png\" alt=\"\" class=\"wp-image-4851\" srcset=\"https:\/\/elliberador.com\/wp-content\/uploads\/2025\/12\/Captura-de-pantalla-2025-12-03-073314.png 608w, https:\/\/elliberador.com\/wp-content\/uploads\/2025\/12\/Captura-de-pantalla-2025-12-03-073314-300x180.png 300w\" sizes=\"(max-width: 608px) 100vw, 608px\" \/><\/figure>\n\n\n\n<h2 class=\"wp-block-heading\"><strong>C\u00f3mo era el mapa despu\u00e9s de las elecciones de octubre<\/strong><\/h2>\n\n\n\n<p>Tras las elecciones legislativas de octubre, la composici\u00f3n proyectada para el recambio del 10 de diciembre era:<\/p>\n\n\n\n<ul class=\"wp-block-list\">\n<li><strong>La Libertad Avanza (LLA): 94 en total.<\/strong><br><\/li>\n\n\n\n<li><strong>Uni\u00f3n por la Patria (UxP): 96 diputados.<\/strong><br>El peronismo\/kirchnerismo manten\u00eda as\u00ed la primera minor\u00eda, como desde 1989.<\/li>\n<\/ul>\n\n\n\n<p>Ese escenario inicial dej\u00f3 al oficialismo a solo <strong>dos bancas<\/strong> de igualar al kirchnerismo y a <strong>tres<\/strong> de superarlo.<\/p>\n\n\n\n<h2 class=\"wp-block-heading\"><strong>Qu\u00e9 cambi\u00f3 ahora<\/strong><\/h2>\n\n\n\n<p>En las \u00faltimas 48 horas, dos hechos modificaron por completo la correlaci\u00f3n de fuerzas:<\/p>\n\n\n\n<ol start=\"1\" class=\"wp-block-list\">\n<li><strong>Tres diputados de Catamarca abandonaron UxP<\/strong> para conformar el nuevo bloque <em>Elijo Catamarca<\/em>, tras el quiebre impulsado por el gobernador Ra\u00fal Jalil.\n<ul class=\"wp-block-list\">\n<li><strong>UxP pas\u00f3 de 96 a 93 diputados.<\/strong><\/li>\n<\/ul>\n<\/li>\n\n\n\n<li><strong>El diputado entrerriano Francisco Morchio<\/strong> (proveniente del PRO y del bloque Encuentro Federal de Miguel Pichetto) <strong>se incorpor\u00f3 a LLA<\/strong> tras negociaciones directas con el gobernador Rogelio Frigerio.\n<ul class=\"wp-block-list\">\n<li><strong>LLA pas\u00f3 de 94 a 95 diputados.<\/strong><\/li>\n<\/ul>\n<\/li>\n<\/ol>\n\n\n\n<p>Resultado final del d\u00eda:<\/p>\n\n\n\n<ul class=\"wp-block-list\">\n<li><strong>LLA: 95 diputados (primera minor\u00eda).<\/strong><\/li>\n\n\n\n<li><strong>UxP: 93 diputados.<\/strong><\/li>\n<\/ul>\n\n\n\n<h2 class=\"wp-block-heading\"><strong>Un cambio pol\u00edtico que no tiene precedentes<\/strong><\/h2>\n\n\n\n<p>A apenas cuatro a\u00f1os de haber ingresado al Congreso con solo <strong>dos diputados<\/strong>, Milei consigui\u00f3 transformar por completo el tablero parlamentario y desplazar al peronismo de un espacio que domin\u00f3 desde 1989. Lo que para muchos analistas era impensable en 2021, hoy se materializa como una se\u00f1al clara de una sociedad que, seg\u00fan la lectura libertaria, \u201cest\u00e1 respondiendo al cambio profundo que necesita el pa\u00eds\u201d.<\/p>\n\n\n\n<p>El crecimiento mete\u00f3rico de LLA refleja un proceso pol\u00edtico que Milei convirti\u00f3 en un fen\u00f3meno nacional: de fuerza marginal a primera minor\u00eda en tiempo r\u00e9cord. Para la Casa Rosada, este nuevo escenario abre una oportunidad hist\u00f3rica: a partir del 10 de diciembre, el Presidente contar\u00e1 con la mayor capacidad parlamentaria que haya tenido desde su llegada al poder.<\/p>\n\n\n\n<p>Milei encara as\u00ed la posibilidad de avanzar en lo que considera el n\u00facleo de su mandato: \u201clas reformas estructurales para cambiar de una vez por todas la Argentina\u201d. Con la primera minor\u00eda asegurada, Milei encara desde el 10 de diciembre el escenario m\u00e1s favorable que ha tenido para desplegar su programa de reformas estructurales: desregulaci\u00f3n, modernizaci\u00f3n laboral, reforma fiscal, apertura econ\u00f3mica y reorganizaci\u00f3n del Estado.<\/p>\n\n\n\n<h2 class=\"wp-block-heading\"><strong>Las felicitaciones de Romina Diez<\/strong><\/h2>\n\n\n\n<figure class=\"wp-block-image size-full is-resized\"><img decoding=\"async\" width=\"828\" height=\"992\" src=\"https:\/\/elliberador.com\/wp-content\/uploads\/2025\/12\/IMG_9581.jpg\" alt=\"\" class=\"wp-image-4855\" style=\"aspect-ratio:0.8346815465381187;width:355px;height:auto\" srcset=\"https:\/\/elliberador.com\/wp-content\/uploads\/2025\/12\/IMG_9581.jpg 828w, https:\/\/elliberador.com\/wp-content\/uploads\/2025\/12\/IMG_9581-250x300.jpg 250w, https:\/\/elliberador.com\/wp-content\/uploads\/2025\/12\/IMG_9581-768x920.jpg 768w\" sizes=\"(max-width: 828px) 100vw, 828px\" \/><\/figure>\n\n\n\n<p>La diputada nacional por Santa Fe, <strong>Romina Diez<\/strong>, celebr\u00f3 p\u00fablicamente el avance parlamentario y afirm\u00f3: <\/p>\n\n\n\n<blockquote class=\"wp-block-quote is-layout-flow wp-block-quote-is-layout-flow\">\n<p><em>\u201cAhora s\u00ed vamos con todo por la reconstrucci\u00f3n de la Argentina\u201d<\/em>. <\/p>\n<\/blockquote>\n\n\n\n<p>Considerada una de las figuras m\u00e1s influyentes del oficialismo en el interior y mano derecha de <strong>Karina Milei<\/strong>, Diez acompa\u00f1a a Javier Milei desde hace m\u00e1s de cuatro a\u00f1os y se ha convertido en una de las voces m\u00e1s s\u00f3lidas del proyecto libertario. Su presencia, firme y coherente, es vista dentro del espacio como un motor clave para expandir y consolidar la revoluci\u00f3n de las ideas en todo el pa\u00eds.<\/p>\n\n\n\n<p><\/p>\n","protected":false},"excerpt":{"rendered":"<p>La Libertad Avanza se convirti\u00f3 en la primera minor\u00eda de la C\u00e1mara de Diputados con 95 bancas, superando al peronismo por primera vez desde 1989.<\/p>\n","protected":false},"author":2,"featured_media":4852,"comment_status":"open","ping_status":"open","sticky":false,"template":"","format":"standard","meta":{"_acf_changed":false,"advanced_seo_description":"","jetpack_seo_html_title":"","jetpack_seo_noindex":false,"_jetpack_memberships_contains_paid_content":false,"footnotes":""},"categories":[4],"tags":[20],"class_list":["post-4850","post","type-post","status-publish","format-standard","has-post-thumbnail","hentry","category-politica","tag-destacados"],"acf":[],"jetpack_featured_media_url":"https:\/\/elliberador.com\/wp-content\/uploads\/2025\/12\/20241115175921_milei-jpgwebp.webp","jetpack_sharing_enabled":true,"_links":{"self":[{"href":"https:\/\/elliberador.com\/index.php\/wp-json\/wp\/v2\/posts\/4850","targetHints":{"allow":["GET"]}}],"collection":[{"href":"https:\/\/elliberador.com\/index.php\/wp-json\/wp\/v2\/posts"}],"about":[{"href":"https:\/\/elliberador.com\/index.php\/wp-json\/wp\/v2\/types\/post"}],"author":[{"embeddable":true,"href":"https:\/\/elliberador.com\/index.php\/wp-json\/wp\/v2\/users\/2"}],"replies":[{"embeddable":true,"href":"https:\/\/elliberador.com\/index.php\/wp-json\/wp\/v2\/comments?post=4850"}],"version-history":[{"count":5,"href":"https:\/\/elliberador.com\/index.php\/wp-json\/wp\/v2\/posts\/4850\/revisions"}],"predecessor-version":[{"id":4859,"href":"https:\/\/elliberador.com\/index.php\/wp-json\/wp\/v2\/posts\/4850\/revisions\/4859"}],"wp:featuredmedia":[{"embeddable":true,"href":"https:\/\/elliberador.com\/index.php\/wp-json\/wp\/v2\/media\/4852"}],"wp:attachment":[{"href":"https:\/\/elliberador.com\/index.php\/wp-json\/wp\/v2\/media?parent=4850"}],"wp:term":[{"taxonomy":"category","embeddable":true,"href":"https:\/\/elliberador.com\/index.php\/wp-json\/wp\/v2\/categories?post=4850"},{"taxonomy":"post_tag","embeddable":true,"href":"https:\/\/elliberador.com\/index.php\/wp-json\/wp\/v2\/tags?post=4850"}],"curies":[{"name":"wp","href":"https:\/\/api.w.org\/{rel}","templated":true}]}}