{"id":4877,"date":"2025-12-03T11:56:05","date_gmt":"2025-12-03T14:56:05","guid":{"rendered":"https:\/\/elliberador.com\/?p=4877"},"modified":"2025-12-03T11:56:07","modified_gmt":"2025-12-03T14:56:07","slug":"buscan-frenar-la-asuncion-de-capitanich-en-el-senado-causas-judiciales-clan-sena-y-la-discusion-por-la-honorabilidad","status":"publish","type":"post","link":"https:\/\/elliberador.com\/index.php\/2025\/12\/03\/buscan-frenar-la-asuncion-de-capitanich-en-el-senado-causas-judiciales-clan-sena-y-la-discusion-por-la-honorabilidad\/","title":{"rendered":"Buscan frenar la asunci\u00f3n de Capitanich en el Senado: causas judiciales, clan Sena y la discusi\u00f3n por la \u201chonorabilidad\u201d"},"content":{"rendered":"\n<p>Mientras el kirchnerismo se prepara para sentar otra vez a Jorge Milton Capitanich en una banca del Congreso, La Libertad Avanza y sectores de la oposici\u00f3n empujan en sentido contrario: piden frenar su asunci\u00f3n como senador nacional por Chaco y llevar al l\u00edmite el concepto de \u201cidoneidad moral\u201d que la propia pol\u00edtica dice exigir\u2026 pero casi nunca aplica.<\/p>\n\n\n\n<hr class=\"wp-block-separator has-alpha-channel-opacity\"\/>\n\n\n\n<h3 class=\"wp-block-heading\">La jugada libertaria en la antesala del Senado<\/h3>\n\n\n\n<p>La ofensiva qued\u00f3 plasmada en dos escritos presentados en la Comisi\u00f3n de Asuntos Constitucionales del Senado, minutos antes de que se tratara el \u201cdiploma\u201d de los 24 senadores electos.<\/p>\n\n\n\n<p>Seg\u00fan reconstruy\u00f3 el portal <em>Chaco Ahora<\/em>, fue la propia ministra de Seguridad y futura jefa del bloque libertario, Patricia Bullrich, quien acerc\u00f3 a Mesa de Entradas las impugnaciones contra Jorge Capitanich y el tambi\u00e9n peronista Mart\u00edn Soria.<\/p>\n\n\n\n<p>En el caso del exgobernador chaque\u00f1o, la presentaci\u00f3n fue firmada por Rafael David Serfaty (referente de LLA), que pidi\u00f3 que el Senado no lo deje asumir por:<\/p>\n\n\n\n<ul class=\"wp-block-list\">\n<li><strong>\u201cCausas judiciales abiertas\u201d<\/strong> por fraude a la administraci\u00f3n p\u00fablica, lavado de dinero y enriquecimiento il\u00edcito.<\/li>\n\n\n\n<li><strong>V\u00ednculos pol\u00edticos y financieros con el clan Sena<\/strong>, recientemente condenado por el femicidio de Cecilia Strzyzowski.<\/li>\n<\/ul>\n\n\n\n<p>El argumento central es simple: si el Senado est\u00e1 dispuesto a revisar la \u201ccapacidad moral\u201d de otros senadores electos, como la rionegrina Lorena Villaverde, deber\u00eda aplicar <strong>el mismo est\u00e1ndar<\/strong> para Capitanich.<\/p>\n\n\n\n<hr class=\"wp-block-separator has-alpha-channel-opacity\"\/>\n\n\n\n<h3 class=\"wp-block-heading\">El reloj de \u201cF\u00fatbol para Todos\u201d: veredicto a cinco d\u00edas de que asuma<\/h3>\n\n\n\n<p>El condimento explosivo es el calendario. El Tribunal Oral Federal N.\u00ba 1 de Comodoro Py fij\u00f3 para el <strong>5 de diciembre<\/strong> la lectura del veredicto en el juicio por las irregularidades del programa <strong>\u201cF\u00fatbol para Todos\u201d<\/strong>, donde Capitanich est\u00e1 imputado por violaci\u00f3n de los deberes de funcionario p\u00fablico.<\/p>\n\n\n\n<p>El fiscal Miguel \u00c1ngel Osorio pidi\u00f3 para \u00e9l <strong>8 meses de prisi\u00f3n en suspenso e inhabilitaci\u00f3n especial<\/strong> para ejercer cargos, dentro de una causa que investiga el uso fraudulento de fondos del Estado canalizados a trav\u00e9s de la AFA entre 2009 y 2015.<\/p>\n\n\n\n<p>La sentencia llegar\u00e1 apenas <strong>cinco d\u00edas antes<\/strong> de la fecha prevista para que el chaque\u00f1o jure como senador nacional. Si el tribunal lo condenara con inhabilitaci\u00f3n, el escenario jur\u00eddico y pol\u00edtico podr\u00eda cambiar dr\u00e1sticamente: la C\u00e1mara Alta se ver\u00eda obligada a decidir si lo sostiene igual, si le toma juramento \u201ca riesgo\u201d o si detiene el tr\u00e1mite hasta que el fallo quede firme.<\/p>\n\n\n\n<hr class=\"wp-block-separator has-alpha-channel-opacity\"\/>\n\n\n\n<h3 class=\"wp-block-heading\">La sombra del clan Sena y el femicidio de Cecilia Strzyzowski<\/h3>\n\n\n\n<p>La impugnaci\u00f3n de La Libertad Avanza no se apoya s\u00f3lo en \u201cF\u00fatbol para Todos\u201d. Tambi\u00e9n apunta a la <strong>responsabilidad pol\u00edtica<\/strong> de Capitanich en el entramado de poder que rode\u00f3 al clan Sena.<\/p>\n\n\n\n<p>Emerenciano Sena, Marcela Acu\u00f1a y su hijo C\u00e9sar fueron condenados en noviembre de 2025 por el femicidio de <strong>Cecilia Strzyzowski<\/strong>, caso que sacudi\u00f3 a todo el pa\u00eds y, en particular, al aparato pol\u00edtico del Chaco.<\/p>\n\n\n\n<p>Los Sena no eran simples \u201cdirigentes sociales\u201d: durante a\u00f1os tejieron una alianza estrecha con el gobierno provincial. Seg\u00fan datos oficiales incluidos en la propia causa, el Ejecutivo chaque\u00f1o transfiri\u00f3 <strong>m\u00e1s de 141 millones de pesos<\/strong> a sus organizaciones (como la Fundaci\u00f3n \u201cDoctor Sa\u00fal Acu\u00f1a\u201d) en concepto de obras, planes y programas sociales, hasta el mismo d\u00eda en que quedaron detenidos.<\/p>\n\n\n\n<p>La impugnaci\u00f3n libertaria sostiene que, aun cuando Capitanich no est\u00e9 formalmente imputado en el femicidio, esa red de financiamiento y promoci\u00f3n pol\u00edtica hacia el clan Sena lo deja <strong>comprometido en t\u00e9rminos de honorabilidad y control del uso de fondos p\u00fablicos<\/strong>.<\/p>\n\n\n\n<hr class=\"wp-block-separator has-alpha-channel-opacity\"\/>\n\n\n\n<h3 class=\"wp-block-heading\">\u201cFicha limpia\u201d selectiva: la doble vara en el Senado<\/h3>\n\n\n\n<p>La discusi\u00f3n no se da en el vac\u00edo. La misma reuni\u00f3n de la Comisi\u00f3n de Asuntos Constitucionales ven\u00eda atravesada por la pelea por el diploma de <strong>Lorena Villaverde<\/strong>, senadora electa de La Libertad Avanza por R\u00edo Negro, cuestionada por el PJ local por una causa de drogas en Estados Unidos y sus v\u00ednculos con el empresario Fred Machado, imputado por narcotr\u00e1fico y lavado.<\/p>\n\n\n\n<p>Frente a esa ofensiva, el oficialismo libertario respondi\u00f3 con las impugnaciones a Capitanich y Soria, planteando un interrogante inc\u00f3modo para todo el sistema:<\/p>\n\n\n\n<blockquote class=\"wp-block-quote is-layout-flow wp-block-quote-is-layout-flow\">\n<p>\u00bfLa \u201cficha limpia\u201d se aplica s\u00f3lo a los rivales pol\u00edticos o tambi\u00e9n a los viejos jefes del aparato kirchnerista?<\/p>\n<\/blockquote>\n\n\n\n<p>Incluso senadores habitualmente cercanos al oficialismo tradicional \u2013como Juan Carlos Romero\u2013 admitieron que no se puede exigir que \u201cel que las hace las pague\u201d para un caso y mirar para otro lado con el resto.<\/p>\n\n\n\n<hr class=\"wp-block-separator has-alpha-channel-opacity\"\/>\n\n\n\n<h3 class=\"wp-block-heading\">El dilema de fondo: \u00bfqu\u00e9 es ser \u201cmoralmente id\u00f3neo\u201d para representar a una provincia?<\/h3>\n\n\n\n<p>El reglamento del Senado le da margen a la C\u00e1mara para valorar no s\u00f3lo si un senador electo cumple con los requisitos legales b\u00e1sicos, sino tambi\u00e9n si re\u00fane la <strong>\u201cidoneidad moral y \u00e9tica\u201d<\/strong> que exige el cargo. Esa cl\u00e1usula, que durante d\u00e9cadas fue letra muerta, hoy aparece en boca de todos\u2026 pero con lecturas interesadas.<\/p>\n\n\n\n<p>En el caso Capitanich, confluyen:<\/p>\n\n\n\n<ul class=\"wp-block-list\">\n<li>Un <strong>juicio oral en etapa de veredicto<\/strong> por malversaci\u00f3n de fondos en un programa emblema del kirchnerismo.<\/li>\n\n\n\n<li>La <strong>responsabilidad pol\u00edtica<\/strong> por haber financiado y empoderado a organizaciones que terminaron en el banquillo por uno de los femicidios m\u00e1s atroces de los \u00faltimos a\u00f1os.<\/li>\n\n\n\n<li>Una larga trayectoria de manejo discrecional de recursos p\u00fablicos, denunciada y archivada una y otra vez en los tribunales.<\/li>\n<\/ul>\n\n\n\n<p>El planteo es claro: si el Congreso quiere recuperar credibilidad, no puede seguir consagrando a figuras que concentran causas de corrupci\u00f3n, redes clientelares y v\u00ednculos con estructuras violentas. La banca de un senador <strong>no puede ser un refugio de impunidad, ni un premio de consuelo para gobernadores que dejan tierra arrasada en sus provincias<\/strong>.<\/p>\n\n\n\n<p>Por ahora, la mayor\u00eda del Senado parece dispuesta a convalidar el pliego de Capitanich. Pero la combinaci\u00f3n de un fallo inminente en \u201cF\u00fatbol para Todos\u201d y una sociedad cada vez m\u00e1s sensible a los s\u00edmbolos de la casta hace que su futura asunci\u00f3n est\u00e9 lejos de ser un tr\u00e1mite m\u00e1s.<\/p>\n","protected":false},"excerpt":{"rendered":"<p>Buscan impedir que Jorge Capitanich jure como senador mientras arrastra un inminente veredicto en la causa \u201cF\u00fatbol para Todos\u201d y la sombra pol\u00edtica del clan Sena. Entre denuncias de corrupci\u00f3n, clientelismo y femicidio, vuelve a quedar expuesta la doble vara de un Senado que habla de \u201chonorabilidad\u201d, pero sigue abriendo sus puertas a la casta.<\/p>\n","protected":false},"author":2,"featured_media":4878,"comment_status":"open","ping_status":"open","sticky":false,"template":"","format":"standard","meta":{"_acf_changed":false,"advanced_seo_description":"","jetpack_seo_html_title":"","jetpack_seo_noindex":false,"_jetpack_memberships_contains_paid_content":false,"footnotes":""},"categories":[4],"tags":[318,20,296],"class_list":["post-4877","post","type-post","status-publish","format-standard","has-post-thumbnail","hentry","category-politica","tag-capitanich","tag-destacados","tag-senado"],"acf":[],"jetpack_featured_media_url":"https:\/\/elliberador.com\/wp-content\/uploads\/2025\/12\/caso-sena-capitanichjpg.webp","jetpack_sharing_enabled":true,"_links":{"self":[{"href":"https:\/\/elliberador.com\/index.php\/wp-json\/wp\/v2\/posts\/4877","targetHints":{"allow":["GET"]}}],"collection":[{"href":"https:\/\/elliberador.com\/index.php\/wp-json\/wp\/v2\/posts"}],"about":[{"href":"https:\/\/elliberador.com\/index.php\/wp-json\/wp\/v2\/types\/post"}],"author":[{"embeddable":true,"href":"https:\/\/elliberador.com\/index.php\/wp-json\/wp\/v2\/users\/2"}],"replies":[{"embeddable":true,"href":"https:\/\/elliberador.com\/index.php\/wp-json\/wp\/v2\/comments?post=4877"}],"version-history":[{"count":1,"href":"https:\/\/elliberador.com\/index.php\/wp-json\/wp\/v2\/posts\/4877\/revisions"}],"predecessor-version":[{"id":4879,"href":"https:\/\/elliberador.com\/index.php\/wp-json\/wp\/v2\/posts\/4877\/revisions\/4879"}],"wp:featuredmedia":[{"embeddable":true,"href":"https:\/\/elliberador.com\/index.php\/wp-json\/wp\/v2\/media\/4878"}],"wp:attachment":[{"href":"https:\/\/elliberador.com\/index.php\/wp-json\/wp\/v2\/media?parent=4877"}],"wp:term":[{"taxonomy":"category","embeddable":true,"href":"https:\/\/elliberador.com\/index.php\/wp-json\/wp\/v2\/categories?post=4877"},{"taxonomy":"post_tag","embeddable":true,"href":"https:\/\/elliberador.com\/index.php\/wp-json\/wp\/v2\/tags?post=4877"}],"curies":[{"name":"wp","href":"https:\/\/api.w.org\/{rel}","templated":true}]}}