{"id":4880,"date":"2025-12-03T21:05:02","date_gmt":"2025-12-04T00:05:02","guid":{"rendered":"https:\/\/elliberador.com\/?p=4880"},"modified":"2025-12-03T21:42:54","modified_gmt":"2025-12-04T00:42:54","slug":"al-qaeda-destroza-los-planes-de-putin-en-africa-el-sahel-se-le-escapa-de-las-manos","status":"publish","type":"post","link":"https:\/\/elliberador.com\/index.php\/2025\/12\/03\/al-qaeda-destroza-los-planes-de-putin-en-africa-el-sahel-se-le-escapa-de-las-manos\/","title":{"rendered":"Al-Qaeda destroza los planes de Putin en \u00c1frica: el Sahel se le escapa de las manos"},"content":{"rendered":"\n<h3 class=\"wp-block-heading\">\u00bfD\u00f3nde queda el Sahel y por qu\u00e9 es tan importante?<\/h3>\n\n\n\n<p>El <strong>Sahel<\/strong> es una enorme franja semides\u00e9rtica que corre de oeste a este por debajo del Sahara, desde <strong>Senegal y Mauritania en el Atl\u00e1ntico hasta Sud\u00e1n y Eritrea cerca del mar Rojo<\/strong>. Es decir, un cintur\u00f3n de unos 5.000\u20136.000 kil\u00f3metros de largo que cruza pa\u00edses como <strong>Mali, Burkina Faso, N\u00edger, Chad y parte de Nigeria<\/strong>, entre otros.<\/p>\n\n\n\n<p>Es una zona pobre, con Estados d\u00e9biles, fronteras coloniales mal trazadas y una mezcla explosiva de <strong>golpes de Estado, contrabando, rutas migratorias hacia Europa y grupos jihadistas<\/strong>. Por eso, lo que pase en el Sahel no queda \u201cen \u00c1frica\u201d: se traduce en <strong>presi\u00f3n migratoria sobre Europa, inestabilidad regional y espacio libre para el terrorismo internacional<\/strong>.<\/p>\n\n\n\n<p>En los \u00faltimos a\u00f1os, adem\u00e1s, la regi\u00f3n se volvi\u00f3 un tablero de disputa entre potencias: primero Francia y Estados Unidos; despu\u00e9s, Rusia.<\/p>\n\n\n\n<hr class=\"wp-block-separator has-alpha-channel-opacity\"\/>\n\n\n\n<h3 class=\"wp-block-heading\">El plan de Putin: Wagner, Africa Corps y el \u201cnegocio del caos\u201d<\/h3>\n\n\n\n<p>A partir de 2017, el Kremlin decidi\u00f3 <strong>reconstruir su influencia en \u00c1frica<\/strong> usando una herramienta particular: compa\u00f1\u00edas paramilitares como el <strong>Grupo Wagner<\/strong>, y luego su heredero formal, <strong>Africa Corps<\/strong>, ya bajo control directo del Ministerio de Defensa ruso.<\/p>\n\n\n\n<p>El esquema era simple:<\/p>\n\n\n\n<ul class=\"wp-block-list\">\n<li>Los <strong>golpistas y juntas militares<\/strong> de pa\u00edses como <strong>Mali, Burkina Faso y N\u00edger<\/strong> expulsaban a las tropas francesas y enfriaban v\u00ednculos con Occidente.<\/li>\n\n\n\n<li>A cambio, <strong>abr\u00edan la puerta a los mercenarios rusos<\/strong>, que ofrec\u00edan \u201cseguridad\u201d sin sermones sobre derechos humanos, elecciones libres o instituciones republicanas.<\/li>\n\n\n\n<li>Rusia cobraba en <strong>oro, uranio, diamantes o concesiones mineras<\/strong>, obten\u00eda <strong>bases militares<\/strong>, influencia pol\u00edtica y un <strong>nuevo punto de presi\u00f3n sobre Europa<\/strong> usando el combo perfecto: terrorismo + migraci\u00f3n masiva + recursos estrat\u00e9gicos.<\/li>\n<\/ul>\n\n\n\n<p>Durante un tiempo, pareci\u00f3 un negocio redondo: Mosc\u00fa ganaba poder barato y las juntas militares se blindaban en el poder. Pero el experimento ten\u00eda una bomba de tiempo en el centro del tablero: <strong>Al-Qaeda y otros grupos jihadistas<\/strong>.<\/p>\n\n\n\n<figure class=\"wp-block-image size-large\"><img fetchpriority=\"high\" decoding=\"async\" width=\"1024\" height=\"576\" src=\"https:\/\/elliberador.com\/wp-content\/uploads\/2025\/12\/maxresdefault-2-1024x576.jpg\" alt=\"\" class=\"wp-image-4883\" srcset=\"https:\/\/elliberador.com\/wp-content\/uploads\/2025\/12\/maxresdefault-2-1024x576.jpg 1024w, https:\/\/elliberador.com\/wp-content\/uploads\/2025\/12\/maxresdefault-2-300x169.jpg 300w, https:\/\/elliberador.com\/wp-content\/uploads\/2025\/12\/maxresdefault-2-768x432.jpg 768w, https:\/\/elliberador.com\/wp-content\/uploads\/2025\/12\/maxresdefault-2.jpg 1280w\" sizes=\"(max-width: 1024px) 100vw, 1024px\" \/><\/figure>\n\n\n\n<hr class=\"wp-block-separator has-alpha-channel-opacity\"\/>\n\n\n\n<h3 class=\"wp-block-heading\">El avance jihadista: cuando el \u201cprotector\u201d empeora el incendio<\/h3>\n\n\n\n<p>La narrativa oficial vend\u00eda a Wagner y Africa Corps como la respuesta fuerte al terrorismo. La realidad, documentada por m\u00faltiples informes, fue otra: <strong>los jihadistas no solo no fueron derrotados, sino que se expandieron<\/strong>.<\/p>\n\n\n\n<p>En el Sahel operan principalmente dos grandes constelaciones islamistas:<\/p>\n\n\n\n<ul class=\"wp-block-list\">\n<li><strong>JNIM (Grupo de Apoyo al Islam y a los Musulmanes)<\/strong>, una coalici\u00f3n de grupos vinculados a <strong>Al-Qaeda<\/strong> que se fortaleci\u00f3 sobre todo en <strong>Mali, Burkina Faso y N\u00edger<\/strong>.<\/li>\n\n\n\n<li><strong>Estado Isl\u00e1mico \u2013 Provincia del Sahel (ISSP)<\/strong>, la rama local del ISIS, que compite y a veces coopera con otros grupos para controlar rutas, pueblos y recursos.<\/li>\n<\/ul>\n\n\n\n<p>Mientras los rusos se concentraban en <strong>proteger palacios presidenciales y minas<\/strong>, muchas operaciones \u201cantiterroristas\u201d terminaron en <strong>masacres indiscriminadas de civiles<\/strong>, lo que aliment\u00f3 m\u00e1s odio, m\u00e1s reclutamiento jihadista y mayor legitimidad para Al-Qaeda ante sectores que la empiezan a ver como \u201cresistencia\u201d frente a reg\u00edmenes corruptos y fuerzas extranjeras.<\/p>\n\n\n\n<p>Resultado: el mapa de atentados, ataques y territorios fuera de control se dispar\u00f3 en la \u00faltima d\u00e9cada. Para algunos analistas, <strong>Mali est\u00e1 en riesgo de convertirse en una especie de \u201cAfganist\u00e1n africano\u201d bajo la sombra de Al-Qaeda<\/strong>, con un Estado colapsado, zonas enteras sin gobierno y milicias islamistas como poder real en el terreno.<\/p>\n\n\n\n<figure class=\"wp-block-image size-large\"><img decoding=\"async\" width=\"1024\" height=\"576\" src=\"https:\/\/elliberador.com\/wp-content\/uploads\/2025\/12\/D9KUYJ_WsAEZ9oI-1024x576.webp\" alt=\"\" class=\"wp-image-4882\" srcset=\"https:\/\/elliberador.com\/wp-content\/uploads\/2025\/12\/D9KUYJ_WsAEZ9oI-1024x576.webp 1024w, https:\/\/elliberador.com\/wp-content\/uploads\/2025\/12\/D9KUYJ_WsAEZ9oI-300x169.webp 300w, https:\/\/elliberador.com\/wp-content\/uploads\/2025\/12\/D9KUYJ_WsAEZ9oI-768x432.webp 768w, https:\/\/elliberador.com\/wp-content\/uploads\/2025\/12\/D9KUYJ_WsAEZ9oI.webp 1200w\" sizes=\"(max-width: 1024px) 100vw, 1024px\" \/><\/figure>\n\n\n\n<hr class=\"wp-block-separator has-alpha-channel-opacity\"\/>\n\n\n\n<h3 class=\"wp-block-heading\">Wagner se retira, Africa Corps sangra y Al-Qaeda celebra<\/h3>\n\n\n\n<p>La fragilidad del \u201cmodelo ruso\u201d se hizo evidente cuando <strong>Wagner empez\u00f3 a sufrir fuertes bajas a manos de militantes vinculados a Al-Qaeda<\/strong> y otros grupos islamistas, especialmente en Mali. De hecho, las p\u00e9rdidas contribuyeron a la decisi\u00f3n de <strong>retirar formalmente a Wagner del pa\u00eds<\/strong>, dejando a Africa Corps como reemplazo \u201coficial\u201d para salvar la cara del Kremlin.<\/p>\n\n\n\n<p>Pero el problema de fondo no cambi\u00f3:<\/p>\n\n\n\n<ul class=\"wp-block-list\">\n<li><strong>Los efectivos rusos son pocos<\/strong> para territorios enormes.<\/li>\n\n\n\n<li><strong>La prioridad sigue siendo proteger negocios y \u00e9lites<\/strong>, no reconstruir Estados ni garantizar derechos b\u00e1sicos.<\/li>\n\n\n\n<li>El avance jihadista contin\u00faa, con <strong>m\u00e1s de 11.000 muertos por violencia islamista en un solo a\u00f1o en el Sahel central<\/strong>, seg\u00fan distintos monitoreos.<\/li>\n<\/ul>\n\n\n\n<p>Es decir: <strong>el fuego que Rusia promet\u00eda apagar aliment\u00f3 un incendio mayor<\/strong>. Donde Mosc\u00fa promet\u00eda orden, hoy hay m\u00e1s caos, m\u00e1s terrorismo y Estados a\u00fan m\u00e1s fr\u00e1giles.<\/p>\n\n\n\n<hr class=\"wp-block-separator has-alpha-channel-opacity\"\/>\n\n\n\n<h3 class=\"wp-block-heading\">El tablero que se da vuelta: de Putin \u201cprotector\u201d a Putin \u201cperdedor\u201d<\/h3>\n\n\n\n<p>El proyecto de Putin en el Sahel buscaba tres grandes objetivos:<\/p>\n\n\n\n<ol class=\"wp-block-list\">\n<li><strong>Reemplazar a Occidente como socio de seguridad<\/strong> de los gobiernos locales.<\/li>\n\n\n\n<li><strong>Asegurar recursos estrat\u00e9gicos<\/strong> (oro, uranio, hidrocarburos, tierras raras).<\/li>\n\n\n\n<li><strong>Conseguir una palanca geopol\u00edtica<\/strong>: cuanto m\u00e1s inestable el Sahel, m\u00e1s presi\u00f3n migratoria y de seguridad sobre Europa.<\/li>\n<\/ol>\n\n\n\n<p>Sin embargo, la combinaci\u00f3n de:<\/p>\n\n\n\n<ul class=\"wp-block-list\">\n<li><strong>Golpes de Estado en cadena<\/strong>,<\/li>\n\n\n\n<li><strong>inseguridad fuera de control<\/strong>,<\/li>\n\n\n\n<li><strong>masacres cometidas por fuerzas aliadas a Mosc\u00fa<\/strong>, y<\/li>\n\n\n\n<li>el <strong>avance territorial y pol\u00edtico de grupos vinculados a Al-Qaeda<\/strong>,<\/li>\n<\/ul>\n\n\n\n<p>termin\u00f3 <strong>erosionando la confianza de muchos gobiernos y poblaciones locales en el \u201cmodelo ruso\u201d<\/strong>.<\/p>\n\n\n\n<p>Hoy, varios reg\u00edmenes que coquetearon con Mosc\u00fa <strong>recalibran sus apuestas<\/strong>, vuelven a hablar con Occidente o tratan de diversificar apoyos, mientras <strong>Al-Qaeda y otras franquicias jihadistas llenan los vac\u00edos de poder<\/strong>. En la pr\u00e1ctica, son ellos \u2014y no Rusia\u2014 quienes capitalizan el colapso estatal en vastas zonas del Sahel.<\/p>\n\n\n\n<p>Desde la l\u00f3gica libertaria, no hay \u201cbuen imperio\u201d en este tablero: ni el ruso, ni el franc\u00e9s, ni el estadounidense. Todos han usado la regi\u00f3n como <strong>laboratorio de intervenciones, contratos militares y negocios opacos<\/strong>. Pero hoy, el dato pol\u00edtico es claro:<\/p>\n\n\n\n<blockquote class=\"wp-block-quote is-layout-flow wp-block-quote-is-layout-flow\">\n<p><strong>Al-Qaeda est\u00e1 destrozando sobre el terreno lo que Putin imagin\u00f3 como su gran plataforma africana.<\/strong><br>\u00c1frica, convertida en tablero, le est\u00e1 devolviendo la jugada al Kremlin con la peor combinaci\u00f3n: p\u00e9rdida de influencia, alto costo militar y un polvor\u00edn jihadista cada vez m\u00e1s dif\u00edcil de contener.<\/p>\n<\/blockquote>\n","protected":false},"excerpt":{"rendered":"<p>Mientras el Kremlin intentaba convertir al Sahel en su gran tablero geopol\u00edtico contra Occidente, la regi\u00f3n se le desmorona: golpes de Estado, terrorismo jihadista y el avance de Al-Qaeda amenazan con transformar esa franja de \u00c1frica en \u201cla Afganist\u00e1n\u201d de Putin.<\/p>\n","protected":false},"author":2,"featured_media":4885,"comment_status":"open","ping_status":"open","sticky":false,"template":"","format":"standard","meta":{"_acf_changed":false,"advanced_seo_description":"","jetpack_seo_html_title":"","jetpack_seo_noindex":false,"_jetpack_memberships_contains_paid_content":false,"footnotes":""},"categories":[10],"tags":[524,20],"class_list":["post-4880","post","type-post","status-publish","format-standard","has-post-thumbnail","hentry","category-internacionales","tag-africa","tag-destacados"],"acf":[],"jetpack_featured_media_url":"https:\/\/elliberador.com\/wp-content\/uploads\/2025\/12\/putin-al-qaeda.webp","jetpack_sharing_enabled":true,"_links":{"self":[{"href":"https:\/\/elliberador.com\/index.php\/wp-json\/wp\/v2\/posts\/4880","targetHints":{"allow":["GET"]}}],"collection":[{"href":"https:\/\/elliberador.com\/index.php\/wp-json\/wp\/v2\/posts"}],"about":[{"href":"https:\/\/elliberador.com\/index.php\/wp-json\/wp\/v2\/types\/post"}],"author":[{"embeddable":true,"href":"https:\/\/elliberador.com\/index.php\/wp-json\/wp\/v2\/users\/2"}],"replies":[{"embeddable":true,"href":"https:\/\/elliberador.com\/index.php\/wp-json\/wp\/v2\/comments?post=4880"}],"version-history":[{"count":1,"href":"https:\/\/elliberador.com\/index.php\/wp-json\/wp\/v2\/posts\/4880\/revisions"}],"predecessor-version":[{"id":4884,"href":"https:\/\/elliberador.com\/index.php\/wp-json\/wp\/v2\/posts\/4880\/revisions\/4884"}],"wp:featuredmedia":[{"embeddable":true,"href":"https:\/\/elliberador.com\/index.php\/wp-json\/wp\/v2\/media\/4885"}],"wp:attachment":[{"href":"https:\/\/elliberador.com\/index.php\/wp-json\/wp\/v2\/media?parent=4880"}],"wp:term":[{"taxonomy":"category","embeddable":true,"href":"https:\/\/elliberador.com\/index.php\/wp-json\/wp\/v2\/categories?post=4880"},{"taxonomy":"post_tag","embeddable":true,"href":"https:\/\/elliberador.com\/index.php\/wp-json\/wp\/v2\/tags?post=4880"}],"curies":[{"name":"wp","href":"https:\/\/api.w.org\/{rel}","templated":true}]}}