{"id":4909,"date":"2025-12-05T11:08:08","date_gmt":"2025-12-05T14:08:08","guid":{"rendered":"https:\/\/elliberador.com\/?p=4909"},"modified":"2025-12-05T11:45:37","modified_gmt":"2025-12-05T14:45:37","slug":"los-f-16-ya-estan-en-argentina-un-hito-historico-para-la-defensa-y-la-soberania-nacional","status":"publish","type":"post","link":"https:\/\/elliberador.com\/index.php\/2025\/12\/05\/los-f-16-ya-estan-en-argentina-un-hito-historico-para-la-defensa-y-la-soberania-nacional\/","title":{"rendered":"Los F-16 ya est\u00e1n en Argentina: un hito hist\u00f3rico para la Defensa y la soberan\u00eda nacional"},"content":{"rendered":"\n<p>La llegada de los primeros aviones F-16 de origen dan\u00e9s representa el punto culminante de un proceso pol\u00edtico, militar y diplom\u00e1tico iniciado en 2023. Con la aprobaci\u00f3n del Congreso de los Estados Unidos para la transferencia de armamento y tecnolog\u00eda sensible, se habilit\u00f3 el camino para que Argentina accediera al sistema de combate m\u00e1s probado, confiable y eficiente de la OTAN.<\/p>\n\n\n\n<p>En febrero de 2025, la Fuerza A\u00e9rea present\u00f3 p\u00fablicamente su primer F-16B de instrucci\u00f3n en la VI Brigada A\u00e9rea (Tandil). Era el primer signo visible de un plan mayor: recuperar capacidades, modernizar doctrina, y dar un salto cualitativo tras d\u00e9cadas de obsolescencia. El avi\u00f3n, denominado \u201cN\u00famero 250\u201d, pose\u00eda capacidad operativa plena para entrenamiento, consolidando el inicio formal de la capacitaci\u00f3n local.<\/p>\n\n\n\n<p>El contrato definitivo se firm\u00f3 en abril de 2024 por la compra de 24 unidades F-16 A\/B MLU Block 15, por un valor cercano a USD 300 millones. No solo se adquirieron aeronaves: el paquete incluy\u00f3 simuladores, repuestos, armamento estadounidense aprobado por Washington (misiles AIM-9X \/ AIM-120), log\u00edstica y transferencia de conocimiento operacional.<\/p>\n\n\n\n<p>Desde mediados de 2025, el Ministerio de Defensa, bajo la conducci\u00f3n de Luis Petri, supervis\u00f3 remodelaciones clave en el \u00c1rea Material R\u00edo Cuarto y en Tandil para adecuar instalaciones, hangares, seguridad y abastecimiento. A partir de junio, delegaciones t\u00e9cnicas viajaron a Dinamarca para acompa\u00f1ar la preparaci\u00f3n de los primeros seis ejemplares y planificar el traslado intercontinental hacia Argentina.<\/p>\n\n\n\n<p>La fase log\u00edstica culmin\u00f3 en noviembre: el equipo t\u00e9cnico argentino recibi\u00f3 el lote inicial en Dinamarca, se firm\u00f3 el documento de transferencia y las aeronaves iniciaron el viaje hacia Am\u00e9rica del Sur, con apoyo de un KC-135 de la USAF y reabastecimientos en vuelo. El 5 de diciembre se concret\u00f3 la ceremonia oficial, encabezada por el presidente Javier Milei, el ministro Luis Petri y autoridades de las Fuerzas Armadas.<\/p>\n\n\n\n<p>Los F-16 vuelan hoy sobre Buenos Aires, R\u00edo Cuarto y Tandil. Ya iniciaron pr\u00e1cticas de intercepci\u00f3n y entrenamiento avanzado. La Argentina recupera disuasi\u00f3n real en su espacio a\u00e9reo por primera vez en treinta a\u00f1os.<\/p>\n\n\n\n<p>Este hito no es simb\u00f3lico: es estrat\u00e9gico. La modernizaci\u00f3n de las Fuerzas Armadas se vuelve concreta, la industria nacional participa en soporte y mantenimiento, y el pa\u00eds queda mejor posicionado frente a amenazas regionales.<\/p>\n\n\n\n<p>Los F-16 marcan el regreso a una pol\u00edtica de defensa activa, profesional y aliada a Occidente. Un cambio de \u00e9poca.<\/p>\n\n\n\n<figure class=\"wp-block-image size-large\"><img fetchpriority=\"high\" decoding=\"async\" width=\"1024\" height=\"576\" src=\"https:\/\/elliberador.com\/wp-content\/uploads\/2025\/12\/Info-F-16-5dIC-1024x576.jpg\" alt=\"\" class=\"wp-image-4912\" srcset=\"https:\/\/elliberador.com\/wp-content\/uploads\/2025\/12\/Info-F-16-5dIC-1024x576.jpg 1024w, https:\/\/elliberador.com\/wp-content\/uploads\/2025\/12\/Info-F-16-5dIC-300x169.jpg 300w, https:\/\/elliberador.com\/wp-content\/uploads\/2025\/12\/Info-F-16-5dIC-768x432.jpg 768w, https:\/\/elliberador.com\/wp-content\/uploads\/2025\/12\/Info-F-16-5dIC-1536x864.jpg 1536w, https:\/\/elliberador.com\/wp-content\/uploads\/2025\/12\/Info-F-16-5dIC-2048x1152.jpg 2048w\" sizes=\"(max-width: 1024px) 100vw, 1024px\" \/><\/figure>\n\n\n\n<p>Este s\u00e1bado hacemos historia en el cielo y lo compartimos con todos los argentinos. Celebramos la llegada de los <strong><em>F-16AM\/BM<\/em><\/strong> con un vuelo rasante que ser\u00e1 inolvidable.<\/p>\n\n\n\n<div class=\"wp-block-columns is-layout-flex wp-container-core-columns-is-layout-28f84493 wp-block-columns-is-layout-flex\">\n<div class=\"wp-block-column is-layout-flow wp-block-column-is-layout-flow\">\n<figure class=\"wp-block-image size-full\"><img decoding=\"async\" width=\"736\" height=\"918\" src=\"https:\/\/elliberador.com\/wp-content\/uploads\/2025\/12\/F-16-01-100.jpg\" alt=\"\" class=\"wp-image-4910\" srcset=\"https:\/\/elliberador.com\/wp-content\/uploads\/2025\/12\/F-16-01-100.jpg 736w, https:\/\/elliberador.com\/wp-content\/uploads\/2025\/12\/F-16-01-100-241x300.jpg 241w\" sizes=\"(max-width: 736px) 100vw, 736px\" \/><figcaption class=\"wp-element-caption\"><strong><em>*Correcci\u00f3n: S\u00e1bado 6 de diciembre*<\/em><\/strong><\/figcaption><\/figure>\n<\/div>\n\n\n\n<div class=\"wp-block-column is-layout-flow wp-block-column-is-layout-flow\">\n<figure class=\"wp-block-image size-full\"><img decoding=\"async\" width=\"733\" height=\"917\" src=\"https:\/\/elliberador.com\/wp-content\/uploads\/2025\/12\/F-16-00-100.jpg\" alt=\"\" class=\"wp-image-4911\" srcset=\"https:\/\/elliberador.com\/wp-content\/uploads\/2025\/12\/F-16-00-100.jpg 733w, https:\/\/elliberador.com\/wp-content\/uploads\/2025\/12\/F-16-00-100-240x300.jpg 240w\" sizes=\"(max-width: 733px) 100vw, 733px\" \/><\/figure>\n<\/div>\n<\/div>\n\n\n\n<h2 class=\"wp-block-heading\">As\u00ed ser\u00e1 el recorrido: \u2007<\/h2>\n\n\n\n<div class=\"wp-block-columns is-layout-flex wp-container-core-columns-is-layout-28f84493 wp-block-columns-is-layout-flex\">\n<div class=\"wp-block-column is-layout-flow wp-block-column-is-layout-flow\" style=\"flex-basis:33.33%\">\n<figure class=\"wp-block-image size-large\"><img loading=\"lazy\" decoding=\"async\" width=\"505\" height=\"1024\" src=\"https:\/\/elliberador.com\/wp-content\/uploads\/2025\/12\/petri-1-505x1024.png\" alt=\"\" class=\"wp-image-4915\" srcset=\"https:\/\/elliberador.com\/wp-content\/uploads\/2025\/12\/petri-1-505x1024.png 505w, https:\/\/elliberador.com\/wp-content\/uploads\/2025\/12\/petri-1-148x300.png 148w, https:\/\/elliberador.com\/wp-content\/uploads\/2025\/12\/petri-1.png 647w\" sizes=\"(max-width: 505px) 100vw, 505px\" \/><\/figure>\n<\/div>\n\n\n\n<div class=\"wp-block-column is-layout-flow wp-block-column-is-layout-flow\" style=\"flex-basis:66.66%\">\n<ul class=\"wp-block-list\">\n<li><strong>1.<\/strong>\u2060 \u206007:55 h: Ingreso a la Ciudad de Buenos Aires desde el noroeste, sobre el R\u00edo de la Plata, procedentes del \u00c1rea Material R\u00edo Cuarto. \u2007<\/li>\n\n\n\n<li><strong>2.\u2060 <\/strong>\u206008:00 h: Sobrevuelo de la Casa Rosada, de Este a Oeste, a 2.000 pies de altura.<\/li>\n\n\n\n<li><strong>3.<\/strong>\u2060 \u2060Continuaci\u00f3n por la Avenida de Mayo hasta la altura de Plaza Miserere.<\/li>\n\n\n\n<li><strong>4.<\/strong>\u2060 \u206008:03 h: Viraje hacia el sur para reposicionarse y sobrevuelo de la Avenida 9 de Julio, de Sur a Norte.<\/li>\n\n\n\n<li><strong>5.\u2060<\/strong> \u2060Continuaci\u00f3n hasta el R\u00edo de la Plata.<\/li>\n\n\n\n<li><strong>6.<\/strong>\u2060 \u206008:05 h: Viraje hacia el oeste para reposicionarse y sobrevuelo del Aeroparque Jorge Newbery.<\/li>\n\n\n\n<li><strong>7.\u2060 <\/strong>\u2060Paso sobre Retiro.<\/li>\n\n\n\n<li><strong>8.\u2060 \u2060<\/strong>08:06 h: Paso sobre Puerto Madero y giro de 360\u00b0 con centro en el Ministerio de Defensa.<\/li>\n\n\n\n<li><strong>9.\u2060 <\/strong>\u2060Viraje al Suroeste.<\/li>\n\n\n\n<li><strong>10.\u2060<\/strong> \u206008:10 h: Pasaje de despedida por la Avenida 9 de Julio, nuevamente de Sur a Norte.<\/li>\n\n\n\n<li><strong>11.<\/strong>\u2060 \u2060Viraje al oeste, ascenso y regreso al \u00c1rea Material R\u00edo Cuarto, para la ceremonia de recepci\u00f3n presidida por el Presidente de la Naci\u00f3n y Comandante en Jefe de las Fuerzas Armadas, Javier Milei.<\/li>\n<\/ul>\n\n\n\n<p><em><strong>Informaci\u00f3n extra\u00edda de la cuenta de X de la cuenta del ministerio de defensa de la naci\u00f3n<\/strong><\/em>,<\/p>\n<\/div>\n<\/div>\n\n\n\n<p>Ecus<br><em>La libertad no se mendiga, se ejerce<\/em><\/p>\n","protected":false},"excerpt":{"rendered":"<p>La llegada de los primeros F-16 marca un antes y un despu\u00e9s. Tras m\u00e1s de un a\u00f1o de gesti\u00f3n, acuerdos internacionales y trabajos log\u00edsticos, la Fuerza A\u00e9rea inicia una nueva etapa de capacidades reales de disuasi\u00f3n y control a\u00e9reo. La conducci\u00f3n pol\u00edtica de Luis Petri y el alineamiento estrat\u00e9gico con Occidente reconstruyen una capacidad perdida durante d\u00e9cadas.<\/p>\n","protected":false},"author":2,"featured_media":4919,"comment_status":"open","ping_status":"open","sticky":false,"template":"","format":"standard","meta":{"_acf_changed":false,"advanced_seo_description":"La llegada de los primeros F-16 marca un hito hist\u00f3rico para la Fuerza A\u00e9rea Argentina: disuasi\u00f3n real, modernizaci\u00f3n y alineamiento estrat\u00e9gico con Occidente.","jetpack_seo_html_title":"Argentina recibe los primeros F-16 y recupera capacidad militar","jetpack_seo_noindex":false,"_jetpack_memberships_contains_paid_content":false,"footnotes":""},"categories":[37],"tags":[96,532,533,531,20,535,530,529,534,56,536,538,537],"class_list":["post-4909","post","type-post","status-publish","format-standard","has-post-thumbnail","hentry","category-investigacion","tag-argentina","tag-aviones","tag-capacidades","tag-defensa","tag-destacados","tag-dinamarca","tag-f-16","tag-fuerza-aerea","tag-luis-petri","tag-milei","tag-modernizacion-militar","tag-operaciones-aereas","tag-soberania"],"acf":[],"jetpack_featured_media_url":"https:\/\/elliberador.com\/wp-content\/uploads\/2025\/12\/Lockheed-Martin-F-16-Fighting-Falcon-22.webp","jetpack_sharing_enabled":true,"_links":{"self":[{"href":"https:\/\/elliberador.com\/index.php\/wp-json\/wp\/v2\/posts\/4909","targetHints":{"allow":["GET"]}}],"collection":[{"href":"https:\/\/elliberador.com\/index.php\/wp-json\/wp\/v2\/posts"}],"about":[{"href":"https:\/\/elliberador.com\/index.php\/wp-json\/wp\/v2\/types\/post"}],"author":[{"embeddable":true,"href":"https:\/\/elliberador.com\/index.php\/wp-json\/wp\/v2\/users\/2"}],"replies":[{"embeddable":true,"href":"https:\/\/elliberador.com\/index.php\/wp-json\/wp\/v2\/comments?post=4909"}],"version-history":[{"count":3,"href":"https:\/\/elliberador.com\/index.php\/wp-json\/wp\/v2\/posts\/4909\/revisions"}],"predecessor-version":[{"id":4917,"href":"https:\/\/elliberador.com\/index.php\/wp-json\/wp\/v2\/posts\/4909\/revisions\/4917"}],"wp:featuredmedia":[{"embeddable":true,"href":"https:\/\/elliberador.com\/index.php\/wp-json\/wp\/v2\/media\/4919"}],"wp:attachment":[{"href":"https:\/\/elliberador.com\/index.php\/wp-json\/wp\/v2\/media?parent=4909"}],"wp:term":[{"taxonomy":"category","embeddable":true,"href":"https:\/\/elliberador.com\/index.php\/wp-json\/wp\/v2\/categories?post=4909"},{"taxonomy":"post_tag","embeddable":true,"href":"https:\/\/elliberador.com\/index.php\/wp-json\/wp\/v2\/tags?post=4909"}],"curies":[{"name":"wp","href":"https:\/\/api.w.org\/{rel}","templated":true}]}}