{"id":5031,"date":"2025-12-12T11:44:39","date_gmt":"2025-12-12T14:44:39","guid":{"rendered":"https:\/\/elliberador.com\/?p=5031"},"modified":"2025-12-12T11:44:41","modified_gmt":"2025-12-12T14:44:41","slug":"gobernar-la-inteligencia-artificial-la-autoria-en-crisis-y-la-responsabilidad-que-no-podemos-delegar","status":"publish","type":"post","link":"https:\/\/elliberador.com\/index.php\/2025\/12\/12\/gobernar-la-inteligencia-artificial-la-autoria-en-crisis-y-la-responsabilidad-que-no-podemos-delegar\/","title":{"rendered":"Gobernar la inteligencia artificial: la autor\u00eda en crisis y la responsabilidad que no podemos delegar"},"content":{"rendered":"\n<hr class=\"wp-block-separator has-alpha-channel-opacity\"\/>\n\n\n\n<p>Uno de los argumentos m\u00e1s difundidos en favor del uso en todos los \u00e1mbitos de la inteligencia artificial es su aparente capacidad para <strong>reducir tiempos<\/strong>. El discurso dominante sostiene que la herramienta permite redactar m\u00e1s r\u00e1pido, producir m\u00e1s contenido y resolver tareas complejas en minutos. Sin embargo, esa ecuaci\u00f3n de eficiencia puede ser, en muchos casos, ilusoria. M\u00e1s all\u00e1 de sus capacidades t\u00e9cnicas, la inteligencia artificial ha generado un fen\u00f3meno menos evidente y, a la vez, m\u00e1s revelador: <strong>se ha convertido en un espejo que amplifica virtudes y defectos<\/strong>, que deja al descubierto tendencias humanas que antes pod\u00edan ocultarse bajo prestigios personales o institucionales.<\/p>\n\n\n\n<hr class=\"wp-block-separator has-alpha-channel-opacity\"\/>\n\n\n\n<p>En los \u00faltimos meses, se hicieron p\u00fablicos episodios en los que obras firmadas por figuras de prestigio institucional conten\u00edan <strong>citas inexistentes, referencias falsas y afirmaciones atribuidas a autores que jam\u00e1s las hab\u00edan formulado<\/strong>. En este escenario, resulta f\u00e1cil atribuir la responsabilidad a la IA, ya que esta genera alucinaciones, pero el problema es mucho m\u00e1s profundo. <strong>La tecnolog\u00eda expone cruelmente un modo de producci\u00f3n intelectual que se acostumbr\u00f3 a la delegaci\u00f3n excesiva y a la revisi\u00f3n deficiente<\/strong>, confiando en que la forma puede reemplazar al contenido. La fascinaci\u00f3n contempor\u00e1nea por la IA, mezcla de esperanza, temor, delegaci\u00f3n y fe, pone en evidencia la <strong>falta de integridad del trabajo intelectual humano<\/strong>.<\/p>\n\n\n\n<hr class=\"wp-block-separator has-alpha-channel-opacity\"\/>\n\n\n\n<p>La reciente denuncia p\u00fablica e institucional al presidente del Tribunal Fiscal de la Naci\u00f3n, derivada de un libro con citas inexistentes, <strong>no habla de un error tecnol\u00f3gico<\/strong>; revela la ausencia de mecanismos de control y verificaci\u00f3n por parte de quien debi\u00f3 ejercer ese rol.<\/p>\n\n\n\n<hr class=\"wp-block-separator has-alpha-channel-opacity\"\/>\n\n\n\n<p>La herramienta puede haber intervenido en el proceso, pero el problema, el verdadero problema, es humano: <strong>no se revis\u00f3, no se contrast\u00f3, no se ejerci\u00f3 la responsabilidad intelectual<\/strong> que se presume en cualquier obra. Surge entonces un nuevo tipo de autor, una figura ir\u00f3nica pero reconocible, que encuentra en la IA una creatividad ajena, un ingenio prestado, casi una identidad literaria que no le pertenece. <strong>Son, en cierto sentido, los Salieris de la IA<\/strong>, que dependen del brillo ajeno para suplir la falta de voz propia. No hay m\u00e9rito en la elocuencia si no est\u00e1 sostenida por una intenci\u00f3n consciente, un criterio propio y una comprensi\u00f3n real del contenido que se firma. <em>La IA no gener\u00f3 la mediocridad, simplemente la hizo visible.<\/em><\/p>\n\n\n\n<hr class=\"wp-block-separator has-alpha-channel-opacity\"\/>\n\n\n\n<p>Sin embargo, no todo termina aqu\u00ed: estamos siendo testigos de un fen\u00f3meno cultural m\u00e1s profundo, una <strong>fascinaci\u00f3n casi religiosa<\/strong>, un or\u00e1culo moderno que se invoca no solo en la producci\u00f3n escrita, sino tambi\u00e9n en espacios p\u00fablicos donde algunos parecen ofrecer verdaderos testimonios de fe tecnol\u00f3gica. <strong>Conferencias y presentaciones que celebran, con un entusiasmo casi lit\u00fargico, la velocidad<\/strong> con la que la inteligencia artificial permite hacer en minutos lo que antes llevaba horas. Se repiten como mantras el ahorro de tiempo y la inmediatez, hasta el punto de que solo queda por escuchar un <em>Gloria a la IA<\/em>.<\/p>\n\n\n\n<hr class=\"wp-block-separator has-alpha-channel-opacity\"\/>\n\n\n\n<p>Frente a esta din\u00e1mica, la soluci\u00f3n no es demonizar la inteligencia artificial ni prohibir su uso. Nadie propone renunciar a sus beneficios, que son evidentes. El desaf\u00edo consiste en <strong>gobernarla<\/strong>, es decir, <strong>establecer marcos claros, criterios \u00e9ticos, est\u00e1ndares de verificabilidad y una cultura de responsabilidad autoral<\/strong>. Gobernar la IA implica exigir <strong>control humano significativo<\/strong>, revalorizar el juicio cr\u00edtico, el rigor acad\u00e9mico, la revisi\u00f3n entre pares y la integridad intelectual.<\/p>\n\n\n\n<hr class=\"wp-block-separator has-alpha-channel-opacity\"\/>\n\n\n\n<p>La IA seguir\u00e1 evolucionando, pero el problema central no est\u00e1 en la tecnolog\u00eda, sino <strong>en la responsabilidad de quienes la utilizan<\/strong>. Y ah\u00ed surge la verdadera pregunta de esta \u00e9poca:<br><strong>\u00bfhasta d\u00f3nde estamos dispuestos a renunciar sin perder la dignidad del pensamiento, la integridad de la autor\u00eda y aquello que ninguna inteligencia no biol\u00f3gica puede reemplazar: la humanidad?<\/strong><\/p>\n","protected":false},"excerpt":{"rendered":"<p>La tecnolog\u00eda expone cruelmente un modo de producci\u00f3n intelectual que se acostumbr\u00f3 a la delegaci\u00f3n excesiva y a la revisi\u00f3n deficiente, confiando en que la forma puede reemplazar al contenido<\/p>\n","protected":false},"author":2,"featured_media":5032,"comment_status":"open","ping_status":"open","sticky":false,"template":"","format":"standard","meta":{"_acf_changed":false,"advanced_seo_description":"","jetpack_seo_html_title":"","jetpack_seo_noindex":false,"_jetpack_memberships_contains_paid_content":false,"footnotes":""},"categories":[8],"tags":[577,20,259],"class_list":["post-5031","post","type-post","status-publish","format-standard","has-post-thumbnail","hentry","category-tecnologia","tag-claudia-guardia","tag-destacados","tag-ia"],"acf":[],"jetpack_featured_media_url":"https:\/\/elliberador.com\/wp-content\/uploads\/2025\/12\/R-15.jpeg","jetpack_sharing_enabled":true,"_links":{"self":[{"href":"https:\/\/elliberador.com\/index.php\/wp-json\/wp\/v2\/posts\/5031","targetHints":{"allow":["GET"]}}],"collection":[{"href":"https:\/\/elliberador.com\/index.php\/wp-json\/wp\/v2\/posts"}],"about":[{"href":"https:\/\/elliberador.com\/index.php\/wp-json\/wp\/v2\/types\/post"}],"author":[{"embeddable":true,"href":"https:\/\/elliberador.com\/index.php\/wp-json\/wp\/v2\/users\/2"}],"replies":[{"embeddable":true,"href":"https:\/\/elliberador.com\/index.php\/wp-json\/wp\/v2\/comments?post=5031"}],"version-history":[{"count":1,"href":"https:\/\/elliberador.com\/index.php\/wp-json\/wp\/v2\/posts\/5031\/revisions"}],"predecessor-version":[{"id":5033,"href":"https:\/\/elliberador.com\/index.php\/wp-json\/wp\/v2\/posts\/5031\/revisions\/5033"}],"wp:featuredmedia":[{"embeddable":true,"href":"https:\/\/elliberador.com\/index.php\/wp-json\/wp\/v2\/media\/5032"}],"wp:attachment":[{"href":"https:\/\/elliberador.com\/index.php\/wp-json\/wp\/v2\/media?parent=5031"}],"wp:term":[{"taxonomy":"category","embeddable":true,"href":"https:\/\/elliberador.com\/index.php\/wp-json\/wp\/v2\/categories?post=5031"},{"taxonomy":"post_tag","embeddable":true,"href":"https:\/\/elliberador.com\/index.php\/wp-json\/wp\/v2\/tags?post=5031"}],"curies":[{"name":"wp","href":"https:\/\/api.w.org\/{rel}","templated":true}]}}