{"id":5056,"date":"2025-12-13T21:31:58","date_gmt":"2025-12-14T00:31:58","guid":{"rendered":"https:\/\/elliberador.com\/?p=5056"},"modified":"2025-12-13T22:52:38","modified_gmt":"2025-12-14T01:52:38","slug":"iran-detiene-a-narges-mohammadi-mujer-opositora-a-la-ley-sharia-ante-el-silencio-del-feminismo-occidental","status":"publish","type":"post","link":"https:\/\/elliberador.com\/index.php\/2025\/12\/13\/iran-detiene-a-narges-mohammadi-mujer-opositora-a-la-ley-sharia-ante-el-silencio-del-feminismo-occidental\/","title":{"rendered":"Ir\u00e1n detiene a Narges Mohammadi, mujer opositora a la ley Shar\u00eda, ante el silencio del feminismo occidental"},"content":{"rendered":"\n<p>La teocracia iran\u00ed volvi\u00f3 a hacer lo que mejor sabe hacer un Estado autoritario cuando alguien le discute el monopolio de la fuerza: <strong>callar a una disidente a golpes<\/strong>.<\/p>\n\n\n\n<p>Este viernes <strong>12 de diciembre de 2025<\/strong>, fuerzas de seguridad detuvieron de forma violenta a <strong>Narges Mohammadi<\/strong>, Nobel de la Paz 2023 y una de las voces m\u00e1s relevantes contra la represi\u00f3n del r\u00e9gimen. La Fundaci\u00f3n Narges Mohammadi denunci\u00f3 que durante el operativo hubo \u201c<strong>palizas, insultos y obscenidades<\/strong>\u201d y que, tras la detenci\u00f3n, no se inform\u00f3 oficialmente su paradero ni su estado de salud.<\/p>\n\n\n\n<h3 class=\"wp-block-heading\">Qu\u00e9 pas\u00f3 en Mashhad<\/h3>\n\n\n\n<p>Mohammadi fue arrestada en un acto conmemorativo por la muerte del abogado <strong>Khosrow Alikordi<\/strong>, fallecido el <strong>5 de diciembre<\/strong>. La fiscal\u00eda local confirm\u00f3 <strong>39 detenidos<\/strong> y sostuvo que hubo consignas \u201ccontra el r\u00e9gimen\u201d y \u201calteraci\u00f3n del orden\u201d, versi\u00f3n reproducida por agencias y medios regionales.<\/p>\n\n\n\n<p>Seg\u00fan su abogada y organizaciones de derechos humanos, <strong>Mohammadi fue golpeada antes de ser trasladada<\/strong>. Se viraliz\u00f3 un video donde aparece sin velo \u2014en desaf\u00edo a la normativa obligatoria\u2014 y arengando con consignas patri\u00f3ticas.<\/p>\n\n\n\n<h3 class=\"wp-block-heading\">Qui\u00e9n es Narges Mohammadi y por qu\u00e9 el r\u00e9gimen la teme<\/h3>\n\n\n\n<p>El Nobel de la Paz 2023 le fue otorgado \u201cpor su lucha contra la opresi\u00f3n de las mujeres en Ir\u00e1n y por promover los derechos humanos y la libertad para todos\u201d. El Comit\u00e9 Nobel detall\u00f3 que fue arrestada 13 veces y condenada a un total de <strong>31 a\u00f1os de prisi\u00f3n y 154 latigazos<\/strong>. <\/p>\n\n\n\n<p>En 2024 hab\u00eda obtenido una <strong>salida por razones m\u00e9dicas<\/strong> (con antecedentes card\u00edacos), pero sigui\u00f3 denunciando abusos, pidiendo la liberaci\u00f3n de presos pol\u00edticos y un cambio democr\u00e1tico no violento; eso la volvi\u00f3 a poner en la mira. <a href=\"https:\/\/time.com\/7340476\/narges-mohammadi-arrested-iran-memorial-service\/\" target=\"_blank\" rel=\"noreferrer noopener\">TIME<\/a><\/p>\n\n\n\n<h3 class=\"wp-block-heading\">El r\u00e9gimen y la shar\u00eda: mujeres y disidencias como \u201cenemigo interno\u201d<\/h3>\n\n\n\n<p>La represi\u00f3n no es un exceso aislado: es un modelo de control social donde el Estado se atribuye el derecho de regular el cuerpo, la vestimenta y la vida privada. En Ir\u00e1n, el sistema penal basado en principios de shar\u00eda criminaliza conductas y aplica castigos severos, incluyendo sanciones extremas para relaciones entre personas del mismo sexo, documentadas por informes presentados ante mecanismos de la ONU.<\/p>\n\n\n\n<h3 class=\"wp-block-heading\">Condena internacional\u2026 pero con volumen desigual<\/h3>\n\n\n\n<p>Hubo reacci\u00f3n inmediata de actores institucionales: el <strong>Comit\u00e9 Noruego del Nobel<\/strong> calific\u00f3 el arresto como \u201cbrutal\u201d y reclam\u00f3 que Ir\u00e1n aclare el paradero de Mohammadi y la libere sin condiciones. La <strong>Uni\u00f3n Europea<\/strong> tambi\u00e9n pidi\u00f3 su liberaci\u00f3n, mencionando su salud fr\u00e1gil.<br>Y un dato clave para la discusi\u00f3n sobre \u201csilencios\u201d: la <strong>Nobel Women\u2019s Initiative<\/strong> \u2014red liderada por laureadas del Nobel\u2014 conden\u00f3 el arresto y lo defini\u00f3 como injusto y violento.<\/p>\n\n\n\n<p>Entonces, \u00bfd\u00f3nde entra la cr\u00edtica al \u201csilencio del feminismo occidental\u201d? En un punto inc\u00f3modo: <strong>el caso no parece haber generado, al menos por ahora, una movilizaci\u00f3n masiva comparable<\/strong> a otras causas impulsadas por el activismo feminista m\u00e1s medi\u00e1tico en redes, universidades y ONG-escena. Hay comunicados y apoyos, s\u00ed; pero el \u201cruido\u201d p\u00fablico es menor, y eso alimenta la percepci\u00f3n de una indignaci\u00f3n selectiva.<\/p>\n\n\n\n<p>Dicho de otra forma: <strong>cuando el opresor es un Estado teocr\u00e1tico antioccidental, parte del activismo global reacciona tarde, poco o fragmentado<\/strong>; cuando el blanco es una democracia liberal, la condena suele ser inmediata y viral. No es una regla universal \u2014porque hay feministas que s\u00ed est\u00e1n denunciando esto\u2014, pero la asimetr\u00eda existe y se nota.<\/p>\n\n\n\n<h3 class=\"wp-block-heading\">La contradicci\u00f3n de fondo: o est\u00e1s con la libertad, o est\u00e1s con el poder<\/h3>\n\n\n\n<p>Mohammadi encarna una verdad simple que el progresismo institucional y sus consignas a veces evitan: <strong>el Estado \u2014y m\u00e1s a\u00fan el Estado religioso\u2014 es un aparato de coerci\u00f3n<\/strong>. En Ir\u00e1n, esa coerci\u00f3n se aplica sobre todo contra mujeres, minor\u00edas y disidentes, con el lenguaje moral como excusa.<\/p>\n\n\n\n<p>Para cualquier mirada liberal-libertaria, no hay zona gris posible: <strong>si te conmueve \u201cel patriarcado\u201d, no pod\u00e9s mirar para otro lado cuando un r\u00e9gimen de shar\u00eda encarcela, golpea y humilla a una mujer por hablar<\/strong>. El resto es marketing ideol\u00f3gico.<\/p>\n","protected":false},"excerpt":{"rendered":"<p>La activista iran\u00ed y ganadora del Nobel de la Paz 2023 fue arrestada en Mashhad durante un homenaje a un abogado de derechos humanos hallado muerto en circunstancias discutidas. Organizaciones internacionales denuncian golpes y maltratos y exigen su liberaci\u00f3n. Mientras tanto, la reacci\u00f3n del \u201cfeminismo pop\u201d en Occidente aparece fragmentada: hay pronunciamientos institucionales, pero poca movilizaci\u00f3n masiva.<\/p>\n","protected":false},"author":2,"featured_media":5057,"comment_status":"open","ping_status":"open","sticky":false,"template":"","format":"standard","meta":{"_acf_changed":false,"advanced_seo_description":"","jetpack_seo_html_title":"","jetpack_seo_noindex":false,"_jetpack_memberships_contains_paid_content":false,"footnotes":""},"categories":[10],"tags":[20,587,588],"class_list":["post-5056","post","type-post","status-publish","format-standard","has-post-thumbnail","hentry","category-internacionales","tag-destacados","tag-iran","tag-ley-sharia"],"acf":[],"jetpack_featured_media_url":"https:\/\/elliberador.com\/wp-content\/uploads\/2025\/12\/GettyImages-1708753126.webp","jetpack_sharing_enabled":true,"_links":{"self":[{"href":"https:\/\/elliberador.com\/index.php\/wp-json\/wp\/v2\/posts\/5056","targetHints":{"allow":["GET"]}}],"collection":[{"href":"https:\/\/elliberador.com\/index.php\/wp-json\/wp\/v2\/posts"}],"about":[{"href":"https:\/\/elliberador.com\/index.php\/wp-json\/wp\/v2\/types\/post"}],"author":[{"embeddable":true,"href":"https:\/\/elliberador.com\/index.php\/wp-json\/wp\/v2\/users\/2"}],"replies":[{"embeddable":true,"href":"https:\/\/elliberador.com\/index.php\/wp-json\/wp\/v2\/comments?post=5056"}],"version-history":[{"count":2,"href":"https:\/\/elliberador.com\/index.php\/wp-json\/wp\/v2\/posts\/5056\/revisions"}],"predecessor-version":[{"id":5065,"href":"https:\/\/elliberador.com\/index.php\/wp-json\/wp\/v2\/posts\/5056\/revisions\/5065"}],"wp:featuredmedia":[{"embeddable":true,"href":"https:\/\/elliberador.com\/index.php\/wp-json\/wp\/v2\/media\/5057"}],"wp:attachment":[{"href":"https:\/\/elliberador.com\/index.php\/wp-json\/wp\/v2\/media?parent=5056"}],"wp:term":[{"taxonomy":"category","embeddable":true,"href":"https:\/\/elliberador.com\/index.php\/wp-json\/wp\/v2\/categories?post=5056"},{"taxonomy":"post_tag","embeddable":true,"href":"https:\/\/elliberador.com\/index.php\/wp-json\/wp\/v2\/tags?post=5056"}],"curies":[{"name":"wp","href":"https:\/\/api.w.org\/{rel}","templated":true}]}}