{"id":5108,"date":"2025-12-15T07:58:51","date_gmt":"2025-12-15T10:58:51","guid":{"rendered":"https:\/\/elliberador.com\/?p=5108"},"modified":"2025-12-15T08:58:47","modified_gmt":"2025-12-15T11:58:47","slug":"sidney-bajo-ataque-el-terrorismo-islamista-vuelve-a-mostrar-su-verdadero-rostro","status":"publish","type":"post","link":"https:\/\/elliberador.com\/index.php\/2025\/12\/15\/sidney-bajo-ataque-el-terrorismo-islamista-vuelve-a-mostrar-su-verdadero-rostro\/","title":{"rendered":"Terroristas isl\u00e1micos abren fuego en festival jud\u00edo y asesinan a 15 personas en Sidney"},"content":{"rendered":"\n<p>Australia amaneci\u00f3 de luto tras uno de los atentados m\u00e1s sangrientos de su historia reciente. La playa de Bondi, uno de los s\u00edmbolos de la vida libre y abierta de S\u00eddney, fue escenario de una masacre terrorista durante una celebraci\u00f3n jud\u00eda de Januc\u00e1. Quince personas fueron asesinadas a sangre fr\u00eda por dos atacantes armados, entre ellas una ni\u00f1a de 10 a\u00f1os, un rabino brit\u00e1nico y un superviviente del Holocausto. Decenas de heridos contin\u00faan internados, varios en estado cr\u00edtico.<\/p>\n\n\n\n<p>No se trat\u00f3 de un episodio de violencia espont\u00e1nea ni de un \u201checho aislado\u201d, como tantas veces se intenta presentar este tipo de cr\u00edmenes. Fue un ataque dirigido, ideol\u00f3gico y con una motivaci\u00f3n clara: el odio antisemita promovido por el islamismo radical, una doctrina totalitaria que desde hace d\u00e9cadas declara la guerra a los valores de Occidente.<\/p>\n\n\n\n<h2 class=\"wp-block-heading\">Un atentado planificado y con antecedentes<\/h2>\n\n\n\n<p>Los autores del ataque fueron identificados como Sajid Akram, de 50 a\u00f1os, y su hijo Naveed Akram, de 24. El primero muri\u00f3 tras ser abatido por la polic\u00eda; el segundo permanece hospitalizado bajo custodia. Seg\u00fan confirmaron fuentes oficiales y medios australianos, el padre contaba con licencia legal para portar armas y ten\u00eda varias registradas a su nombre.<\/p>\n\n\n\n<p>M\u00e1s grave a\u00fan es que el atacante m\u00e1s joven hab\u00eda sido investigado en 2019 por posibles v\u00ednculos con una c\u00e9lula del Estado Isl\u00e1mico. En aquel momento, las autoridades determinaron que no representaba una amenaza inmediata. Hoy, el saldo de muertos expone el costo de esas evaluaciones fallidas y de una pol\u00edtica de seguridad que, en nombre de la tolerancia, subestima al fanatismo.<\/p>\n\n\n\n<figure class=\"wp-block-image size-large is-resized\"><img fetchpriority=\"high\" decoding=\"async\" width=\"1024\" height=\"591\" src=\"https:\/\/elliberador.com\/wp-content\/uploads\/2025\/12\/Captura-de-pantalla-2025-12-15-074911-1024x591.png\" alt=\"\" class=\"wp-image-5111\" style=\"aspect-ratio:1.732693625771076;width:621px;height:auto\" srcset=\"https:\/\/elliberador.com\/wp-content\/uploads\/2025\/12\/Captura-de-pantalla-2025-12-15-074911-1024x591.png 1024w, https:\/\/elliberador.com\/wp-content\/uploads\/2025\/12\/Captura-de-pantalla-2025-12-15-074911-300x173.png 300w, https:\/\/elliberador.com\/wp-content\/uploads\/2025\/12\/Captura-de-pantalla-2025-12-15-074911-768x443.png 768w, https:\/\/elliberador.com\/wp-content\/uploads\/2025\/12\/Captura-de-pantalla-2025-12-15-074911.png 1400w\" sizes=\"(max-width: 1024px) 100vw, 1024px\" \/><\/figure>\n\n\n\n<h2 class=\"wp-block-heading\">Un blanco claro: la comunidad jud\u00eda<\/h2>\n\n\n\n<p>El ataque ocurri\u00f3 durante la celebraci\u00f3n del primer d\u00eda de Januc\u00e1, con alrededor de mil personas reunidas en la playa. No fue casualidad. El primer ministro australiano, Anthony Albanese, reconoci\u00f3 que se trat\u00f3 de un ataque deliberado contra la comunidad jud\u00eda, una de las m\u00e1s numerosas fuera de Israel y hogar de muchos supervivientes del Holocausto.<\/p>\n\n\n\n<p>El antisemitismo no es un fen\u00f3meno nuevo, pero en los \u00faltimos a\u00f1os ha encontrado un nuevo impulso en discursos radicalizados, muchas veces blanqueados por sectores progresistas que prefieren denunciar a Occidente antes que enfrentar al extremismo religioso violento.<\/p>\n\n\n\n<h2 class=\"wp-block-heading\">El posteo en X del Presidente Milei<\/h2>\n\n\n\n<figure class=\"wp-block-image size-full\"><img decoding=\"async\" width=\"603\" height=\"375\" src=\"https:\/\/elliberador.com\/wp-content\/uploads\/2025\/12\/Captura-de-pantalla-2025-12-15-072352.png\" alt=\"\" class=\"wp-image-5109\" srcset=\"https:\/\/elliberador.com\/wp-content\/uploads\/2025\/12\/Captura-de-pantalla-2025-12-15-072352.png 603w, https:\/\/elliberador.com\/wp-content\/uploads\/2025\/12\/Captura-de-pantalla-2025-12-15-072352-300x187.png 300w, https:\/\/elliberador.com\/wp-content\/uploads\/2025\/12\/Captura-de-pantalla-2025-12-15-072352-400x250.png 400w\" sizes=\"(max-width: 603px) 100vw, 603px\" \/><\/figure>\n\n\n\n<h2 class=\"wp-block-heading\">Responsabilidad pol\u00edtica<\/h2>\n\n\n\n<p> Durante a\u00f1os, quienes advirtieron sobre el avance del terrorismo islamista fueron perseguidos, censurados y cancelados por la izquierda y el progresismo woke, acusados de \u201cislamofobia\u201d por atreverse a se\u00f1alar una ideolog\u00eda violenta e incompatible con los valores occidentales. Hoy, esas advertencias ya no se escriben en art\u00edculos: se escriben con cuerpos en el suelo.<\/p>\n\n\n\n<p>La hipocres\u00eda es obscena. Muchos de los que ahora llaman a la \u201cunidad\u201d son los mismos que militan el relativismo cultural, justifican al islamismo radical en nombre del multiculturalismo y atacan sistem\u00e1ticamente a quienes defienden la libertad individual, el capitalismo, a Israel y la civilizaci\u00f3n occidental. Son expertos en cancelar disidentes, pero in\u00fatiles para enfrentar terroristas. La correcci\u00f3n pol\u00edtica no salva vidas, no desactiva explosivos y no detiene balas: solo allana el camino para que el fanatismo avance mientras Occidente se autocensura.<\/p>\n\n\n\n<div class=\"wp-block-jetpack-slideshow aligncenter\" data-effect=\"slide\"><div class=\"wp-block-jetpack-slideshow_container swiper\"><ul class=\"wp-block-jetpack-slideshow_swiper-wrapper swiper-wrapper\"><li class=\"wp-block-jetpack-slideshow_slide swiper-slide\"><figure><img decoding=\"async\" width=\"1024\" height=\"682\" alt=\"\" class=\"wp-block-jetpack-slideshow_image wp-image-5112\" data-id=\"5112\" src=\"https:\/\/elliberador.com\/wp-content\/uploads\/2025\/12\/grabois-4-1024x682.jpg\" srcset=\"https:\/\/elliberador.com\/wp-content\/uploads\/2025\/12\/grabois-4-1024x682.jpg 1024w, https:\/\/elliberador.com\/wp-content\/uploads\/2025\/12\/grabois-4-300x200.jpg 300w, https:\/\/elliberador.com\/wp-content\/uploads\/2025\/12\/grabois-4-768x511.jpg 768w, https:\/\/elliberador.com\/wp-content\/uploads\/2025\/12\/grabois-4.jpg 1200w\" sizes=\"(max-width: 1024px) 100vw, 1024px\" \/><\/figure><\/li><li class=\"wp-block-jetpack-slideshow_slide swiper-slide\"><figure><img loading=\"lazy\" decoding=\"async\" width=\"1500\" height=\"1000\" alt=\"\" class=\"wp-block-jetpack-slideshow_image wp-image-5113\" data-id=\"5113\" data-aspect-ratio=\"1500 \/ 1000\" src=\"https:\/\/elliberador.com\/wp-content\/uploads\/2025\/12\/whatsapp_image_2023-11-03_at_17.25_26.jpg\" srcset=\"https:\/\/elliberador.com\/wp-content\/uploads\/2025\/12\/whatsapp_image_2023-11-03_at_17.25_26.jpg 1500w, https:\/\/elliberador.com\/wp-content\/uploads\/2025\/12\/whatsapp_image_2023-11-03_at_17.25_26-300x200.jpg 300w, https:\/\/elliberador.com\/wp-content\/uploads\/2025\/12\/whatsapp_image_2023-11-03_at_17.25_26-1024x683.jpg 1024w, https:\/\/elliberador.com\/wp-content\/uploads\/2025\/12\/whatsapp_image_2023-11-03_at_17.25_26-768x512.jpg 768w\" sizes=\"(max-width: 1500px) 100vw, 1500px\" \/><\/figure><\/li><li class=\"wp-block-jetpack-slideshow_slide swiper-slide\"><figure><img loading=\"lazy\" decoding=\"async\" width=\"795\" height=\"690\" alt=\"\" class=\"wp-block-jetpack-slideshow_image wp-image-5114\" data-id=\"5114\" data-aspect-ratio=\"795 \/ 690\" src=\"https:\/\/elliberador.com\/wp-content\/uploads\/2025\/12\/FOTO-VANINA-OK-e1745678107426.png\" srcset=\"https:\/\/elliberador.com\/wp-content\/uploads\/2025\/12\/FOTO-VANINA-OK-e1745678107426.png 795w, https:\/\/elliberador.com\/wp-content\/uploads\/2025\/12\/FOTO-VANINA-OK-e1745678107426-300x260.png 300w, https:\/\/elliberador.com\/wp-content\/uploads\/2025\/12\/FOTO-VANINA-OK-e1745678107426-768x667.png 768w\" sizes=\"(max-width: 795px) 100vw, 795px\" \/><\/figure><\/li><li class=\"wp-block-jetpack-slideshow_slide swiper-slide\"><figure><img loading=\"lazy\" decoding=\"async\" width=\"878\" height=\"324\" alt=\"\" class=\"wp-block-jetpack-slideshow_image wp-image-5115\" data-id=\"5115\" data-aspect-ratio=\"878 \/ 324\" src=\"https:\/\/elliberador.com\/wp-content\/uploads\/2025\/12\/Captura-de-pantalla-2025-12-15-075556.png\" srcset=\"https:\/\/elliberador.com\/wp-content\/uploads\/2025\/12\/Captura-de-pantalla-2025-12-15-075556.png 878w, https:\/\/elliberador.com\/wp-content\/uploads\/2025\/12\/Captura-de-pantalla-2025-12-15-075556-300x111.png 300w, https:\/\/elliberador.com\/wp-content\/uploads\/2025\/12\/Captura-de-pantalla-2025-12-15-075556-768x283.png 768w\" sizes=\"(max-width: 878px) 100vw, 878px\" \/><\/figure><\/li><\/ul><a class=\"wp-block-jetpack-slideshow_button-prev swiper-button-prev swiper-button-white\" role=\"button\"><\/a><a class=\"wp-block-jetpack-slideshow_button-next swiper-button-next swiper-button-white\" role=\"button\"><\/a><a aria-label=\"Pause Slideshow\" class=\"wp-block-jetpack-slideshow_button-pause\" role=\"button\"><\/a><div class=\"wp-block-jetpack-slideshow_pagination swiper-pagination swiper-pagination-white\"><\/div><\/div><\/div>\n\n\n\n<p>Que nadie alegue sorpresa ni desmemoria. Mientras Australia llora a las v\u00edctimas del terrorismo, en la Argentina hay dirigentes que hace tiempo eligieron bando. Vanina Biasi, Juan Grabois, el Pitu Salvatierra o Myriam Bregman integran espacios pol\u00edticos que <strong>reivindican a Palestina como bandera ideol\u00f3gica<\/strong>, relativiza el terrorismo islamista y convierte la violencia antisemita en un relato justificable bajo el disfraz de la \u201cresistencia\u201d. No son errores ni excesos verbales: es una toma de posici\u00f3n consciente contra Israel, contra Occidente y contra los valores de la libertad.<\/p>\n\n\n\n<h2 class=\"wp-block-heading\">Australia de luto, Occidente advertido<\/h2>\n\n\n\n<p>Australia llora a sus muertos. Pero el mensaje trasciende sus fronteras. Lo ocurrido en S\u00eddney es una advertencia clara: <strong>cuando Occidente duda de s\u00ed mismo, el fanatismo avanza<\/strong>. Defender la vida, la libertad religiosa, el derecho a existir sin miedo y el Estado de derecho no es extremismo: es supervivencia.<\/p>\n\n\n\n<p>El terrorismo islamista no se combate con eufemismos ni con silencios c\u00f3mplices. Se lo enfrenta con claridad moral, decisi\u00f3n pol\u00edtica y sin pedir perd\u00f3n por defender la civilizaci\u00f3n que permiti\u00f3 la convivencia, la libertad y la paz.<\/p>\n","protected":false},"excerpt":{"rendered":"<p>Un atentado terrorista durante una celebraci\u00f3n jud\u00eda en la playa de Bondi dej\u00f3 15 muertos y sacudi\u00f3 a Australia. Mientras el pa\u00eds est\u00e1 de luto, el caso vuelve a exponer el costo de la correcci\u00f3n pol\u00edtica, el relativismo cultural y la falta de decisi\u00f3n para enfrentar al extremismo que amenaza a Occidente.<\/p>\n","protected":false},"author":2,"featured_media":5110,"comment_status":"open","ping_status":"open","sticky":false,"template":"","format":"standard","meta":{"_acf_changed":false,"advanced_seo_description":"","jetpack_seo_html_title":"","jetpack_seo_noindex":false,"_jetpack_memberships_contains_paid_content":false,"footnotes":""},"categories":[10],"tags":[20],"class_list":["post-5108","post","type-post","status-publish","format-standard","has-post-thumbnail","hentry","category-internacionales","tag-destacados"],"acf":[],"jetpack_featured_media_url":"https:\/\/elliberador.com\/wp-content\/uploads\/2025\/12\/Captura-de-pantalla-2025-12-15-073153.png","jetpack_sharing_enabled":true,"_links":{"self":[{"href":"https:\/\/elliberador.com\/index.php\/wp-json\/wp\/v2\/posts\/5108","targetHints":{"allow":["GET"]}}],"collection":[{"href":"https:\/\/elliberador.com\/index.php\/wp-json\/wp\/v2\/posts"}],"about":[{"href":"https:\/\/elliberador.com\/index.php\/wp-json\/wp\/v2\/types\/post"}],"author":[{"embeddable":true,"href":"https:\/\/elliberador.com\/index.php\/wp-json\/wp\/v2\/users\/2"}],"replies":[{"embeddable":true,"href":"https:\/\/elliberador.com\/index.php\/wp-json\/wp\/v2\/comments?post=5108"}],"version-history":[{"count":3,"href":"https:\/\/elliberador.com\/index.php\/wp-json\/wp\/v2\/posts\/5108\/revisions"}],"predecessor-version":[{"id":5121,"href":"https:\/\/elliberador.com\/index.php\/wp-json\/wp\/v2\/posts\/5108\/revisions\/5121"}],"wp:featuredmedia":[{"embeddable":true,"href":"https:\/\/elliberador.com\/index.php\/wp-json\/wp\/v2\/media\/5110"}],"wp:attachment":[{"href":"https:\/\/elliberador.com\/index.php\/wp-json\/wp\/v2\/media?parent=5108"}],"wp:term":[{"taxonomy":"category","embeddable":true,"href":"https:\/\/elliberador.com\/index.php\/wp-json\/wp\/v2\/categories?post=5108"},{"taxonomy":"post_tag","embeddable":true,"href":"https:\/\/elliberador.com\/index.php\/wp-json\/wp\/v2\/tags?post=5108"}],"curies":[{"name":"wp","href":"https:\/\/api.w.org\/{rel}","templated":true}]}}