{"id":5123,"date":"2025-12-15T10:47:45","date_gmt":"2025-12-15T13:47:45","guid":{"rendered":"https:\/\/elliberador.com\/?p=5123"},"modified":"2025-12-15T10:48:46","modified_gmt":"2025-12-15T13:48:46","slug":"terroristas-islamistas-de-nigeria-secuestra-a-300-ninos-en-una-escuela-catolica-profundizando-su-guerra-religiosa","status":"publish","type":"post","link":"https:\/\/elliberador.com\/index.php\/2025\/12\/15\/terroristas-islamistas-de-nigeria-secuestra-a-300-ninos-en-una-escuela-catolica-profundizando-su-guerra-religiosa\/","title":{"rendered":"Grupo terrorista musulm\u00e1n de Nigeria secuestra a 300 ni\u00f1os de una escuela cat\u00f3lica profundizando su yihad"},"content":{"rendered":"\n<h3 class=\"wp-block-heading\">El secuestro: c\u00f3mo fue y qu\u00e9 se sabe<\/h3>\n\n\n\n<p>El ataque ocurri\u00f3 la madrugada del <strong>21 de noviembre<\/strong> en la escuela <strong>St. Mary\u2019s Catholic School<\/strong>. Testimonios recogidos por la prensa describen una operaci\u00f3n violenta: irrupci\u00f3n armada, amenazas, traslado al monte en motos y veh\u00edculos, y <strong>recaptura<\/strong> de chicos que hab\u00edan intentado huir. <\/p>\n\n\n\n<p>El <strong>presidente<\/strong> Bola Tinubu celebr\u00f3 la liberaci\u00f3n de <strong>100 estudiantes<\/strong>, pero el Estado evit\u00f3 detallar el m\u00e9todo (si fue operativo, negociaci\u00f3n o rescate con pago). Esa opacidad, en Nigeria, no es un detalle: es parte del problema.<\/p>\n\n\n\n<blockquote class=\"wp-block-quote is-layout-flow wp-block-quote-is-layout-flow\">\n<p><strong>Dato clave:<\/strong> Esto fue \u201cde los mayores\u201d en los \u00faltimos a\u00f1os, pero <strong>no es el mayor secuestro escolar de la historia de Nigeria<\/strong>: en <strong>Kankara (2020)<\/strong> fueron raptados <strong>344<\/strong> alumnos (y Boko Haram lo lleg\u00f3 a atribuir, aunque con controversias).<\/p>\n<\/blockquote>\n\n\n\n<figure class=\"wp-block-image size-full\"><img fetchpriority=\"high\" decoding=\"async\" width=\"976\" height=\"549\" src=\"https:\/\/elliberador.com\/wp-content\/uploads\/2025\/12\/92634382_mediaitem90066757.jpg\" alt=\"\" class=\"wp-image-5125\" srcset=\"https:\/\/elliberador.com\/wp-content\/uploads\/2025\/12\/92634382_mediaitem90066757.jpg 976w, https:\/\/elliberador.com\/wp-content\/uploads\/2025\/12\/92634382_mediaitem90066757-300x169.jpg 300w, https:\/\/elliberador.com\/wp-content\/uploads\/2025\/12\/92634382_mediaitem90066757-768x432.jpg 768w\" sizes=\"(max-width: 976px) 100vw, 976px\" \/><\/figure>\n\n\n\n<h3 class=\"wp-block-heading\">\u201cNo es un hecho aislado\u201d: Nigeria convive con dos fuegos<\/h3>\n\n\n\n<p>Nigeria enfrenta dos din\u00e1micas simult\u00e1neas:<\/p>\n\n\n\n<ul class=\"wp-block-list\">\n<li><strong>Bandas armadas<\/strong> que secuestran por rescate en el norte y noroeste (un negocio que se volvi\u00f3 industria).<\/li>\n\n\n\n<li><strong>Insurgencia yihadista islamista<\/strong> (Boko Haram e ISWAP) con capacidad militar real: ataques a bases, uso de drones y fuego pesado, y presi\u00f3n constante sobre Borno\/Yobe y la cuenca del Lago Chad.<\/li>\n<\/ul>\n\n\n\n<p>Y el punto que te interesa resaltar tiene sustento: <strong>hay evidencia de presencia\/entramado de una facci\u00f3n de Boko Haram en el estado de N\u00edger (Shiroro) y de su convivencia t\u00e1ctica con bandidos<\/strong>. Eso vuelve plausible que el secuestro masivo ocurra en un territorio donde la l\u00f3gica terrorista y la criminal se superponen, aunque el hecho puntual todav\u00eda no tenga \u201cfirma\u201d.<\/p>\n\n\n\n<figure class=\"wp-block-image size-large\"><img decoding=\"async\" width=\"1024\" height=\"913\" src=\"https:\/\/elliberador.com\/wp-content\/uploads\/2025\/12\/Nigeria-Areas-Boko-Haram-1024x913.webp\" alt=\"\" class=\"wp-image-5126\" srcset=\"https:\/\/elliberador.com\/wp-content\/uploads\/2025\/12\/Nigeria-Areas-Boko-Haram-1024x913.webp 1024w, https:\/\/elliberador.com\/wp-content\/uploads\/2025\/12\/Nigeria-Areas-Boko-Haram-300x268.webp 300w, https:\/\/elliberador.com\/wp-content\/uploads\/2025\/12\/Nigeria-Areas-Boko-Haram-768x685.webp 768w, https:\/\/elliberador.com\/wp-content\/uploads\/2025\/12\/Nigeria-Areas-Boko-Haram-1536x1370.webp 1536w, https:\/\/elliberador.com\/wp-content\/uploads\/2025\/12\/Nigeria-Areas-Boko-Haram.webp 1600w\" sizes=\"(max-width: 1024px) 100vw, 1024px\" \/><\/figure>\n\n\n\n<h3 class=\"wp-block-heading\">Otros ataques y secuestros recientes que muestran la continuidad del terror<\/h3>\n\n\n\n<p>Para dimensionar que esto no es \u201cuna excepci\u00f3n\u201d, sino un patr\u00f3n:<\/p>\n\n\n\n<ul class=\"wp-block-list\">\n<li><strong>Chibok (14\/04\/2014):<\/strong> Boko Haram secuestr\u00f3 <strong>276<\/strong> estudiantes; el caso simboliza el inicio de la era moderna de secuestros escolares masivos.<\/li>\n\n\n\n<li><strong>Dapchi (2018):<\/strong> secuestro de <strong>110<\/strong> alumnas atribuido a Boko Haram.<\/li>\n\n\n\n<li><strong>Kankara (12\/2020):<\/strong> secuestro de <strong>344<\/strong> alumnos; episodio masivo con atribuciones cruzadas y clima de terror escolar.<\/li>\n\n\n\n<li><strong>Kaduna (03\/2024):<\/strong> m\u00e1s de <strong>200<\/strong> estudiantes y personal secuestrados (luego rescatados).<\/li>\n\n\n\n<li><strong>Kebbi (11\/2025):<\/strong> secuestro de <strong>25<\/strong> alumnas y asesinato de una autoridad escolar (en la misma semana que Papiri).<\/li>\n\n\n\n<li><strong>Borno\/Yobe (10\/2025):<\/strong> ataques simult\u00e1neos con <strong>drones<\/strong> y fuego pesado contra posiciones militares.<\/li>\n<\/ul>\n\n\n\n<p>El resultado es uno: una \u201c<strong>relentless cycle of terror<\/strong>\u201d (ciclo implacable) que ya dej\u00f3, seg\u00fan reportes, <strong>casi 1.800 estudiantes secuestrados desde 2014<\/strong>. <\/p>\n\n\n\n<figure class=\"wp-block-image size-full\"><img decoding=\"async\" width=\"976\" height=\"549\" src=\"https:\/\/elliberador.com\/wp-content\/uploads\/2025\/12\/92640848_chad.jpg\" alt=\"\" class=\"wp-image-5127\" srcset=\"https:\/\/elliberador.com\/wp-content\/uploads\/2025\/12\/92640848_chad.jpg 976w, https:\/\/elliberador.com\/wp-content\/uploads\/2025\/12\/92640848_chad-300x169.jpg 300w, https:\/\/elliberador.com\/wp-content\/uploads\/2025\/12\/92640848_chad-768x432.jpg 768w\" sizes=\"(max-width: 976px) 100vw, 976px\" \/><\/figure>\n\n\n\n<h3 class=\"wp-block-heading\">\u00bfEl Estado nigeriano es \u201cc\u00f3mplice\u201d?<\/h3>\n\n\n\n<ul class=\"wp-block-list\">\n<li><strong>Fallas estructurales<\/strong> de protecci\u00f3n (escuelas sin seguridad real, respuesta tard\u00eda, pocos arrestos).<\/li>\n\n\n\n<li><strong>Opacidad oficial<\/strong> sobre si hubo negociaci\u00f3n o rescate con pago (lo que alimenta incentivos futuros).<\/li>\n\n\n\n<li><strong>Corrupci\u00f3n sist\u00e9mica<\/strong> en instituciones y servicios de seguridad como riesgo permanente (se\u00f1alado en reportes internacionales).<\/li>\n\n\n\n<li>Incluso el propio sistema nigeriano de inteligencia financiera advierte sobre <strong>lavado de dinero<\/strong> vinculado a secuestros por rescate y pide combatir la corrupci\u00f3n en fuerzas de seguridad.<\/li>\n<\/ul>\n\n\n\n<p>M\u00e1s que \u201cc\u00f3mplice\u201d (categor\u00eda penal), lo que muestran los hechos es un Estado <strong>d\u00e9bil, penetrable y muchas veces funcional<\/strong> al negocio del terror por acci\u00f3n u omisi\u00f3n.<\/p>\n","protected":false},"excerpt":{"rendered":"<p>Una escuela cat\u00f3lica en Papiri (estado de N\u00edger) fue escenario de uno de los secuestros escolares m\u00e1s grandes de los \u00faltimos a\u00f1os: 303 alumnos y 12 docentes fueron raptados; 50 escaparon y luego 100 fueron liberados, pero todav\u00eda faltan m\u00e1s de un centenar. La autor\u00eda no fue reivindicada, pero el hecho se inscribe en el mismo ecosistema que alimenta al norte nigeriano: bandas armadas, rutas de rescate y un tablero donde el yihadismo islamista y el crimen organizado se refuerzan mutuamente.<\/p>\n","protected":false},"author":2,"featured_media":5124,"comment_status":"open","ping_status":"open","sticky":false,"template":"","format":"standard","meta":{"_acf_changed":false,"advanced_seo_description":"","jetpack_seo_html_title":"","jetpack_seo_noindex":false,"_jetpack_memberships_contains_paid_content":false,"footnotes":""},"categories":[10],"tags":[20,594,255,595],"class_list":["post-5123","post","type-post","status-publish","format-standard","has-post-thumbnail","hentry","category-internacionales","tag-destacados","tag-islamismo","tag-nigeria","tag-terrorismo"],"acf":[],"jetpack_featured_media_url":"https:\/\/elliberador.com\/wp-content\/uploads\/2025\/12\/571269751600002b0031bddc.webp","jetpack_sharing_enabled":true,"_links":{"self":[{"href":"https:\/\/elliberador.com\/index.php\/wp-json\/wp\/v2\/posts\/5123","targetHints":{"allow":["GET"]}}],"collection":[{"href":"https:\/\/elliberador.com\/index.php\/wp-json\/wp\/v2\/posts"}],"about":[{"href":"https:\/\/elliberador.com\/index.php\/wp-json\/wp\/v2\/types\/post"}],"author":[{"embeddable":true,"href":"https:\/\/elliberador.com\/index.php\/wp-json\/wp\/v2\/users\/2"}],"replies":[{"embeddable":true,"href":"https:\/\/elliberador.com\/index.php\/wp-json\/wp\/v2\/comments?post=5123"}],"version-history":[{"count":2,"href":"https:\/\/elliberador.com\/index.php\/wp-json\/wp\/v2\/posts\/5123\/revisions"}],"predecessor-version":[{"id":5130,"href":"https:\/\/elliberador.com\/index.php\/wp-json\/wp\/v2\/posts\/5123\/revisions\/5130"}],"wp:featuredmedia":[{"embeddable":true,"href":"https:\/\/elliberador.com\/index.php\/wp-json\/wp\/v2\/media\/5124"}],"wp:attachment":[{"href":"https:\/\/elliberador.com\/index.php\/wp-json\/wp\/v2\/media?parent=5123"}],"wp:term":[{"taxonomy":"category","embeddable":true,"href":"https:\/\/elliberador.com\/index.php\/wp-json\/wp\/v2\/categories?post=5123"},{"taxonomy":"post_tag","embeddable":true,"href":"https:\/\/elliberador.com\/index.php\/wp-json\/wp\/v2\/tags?post=5123"}],"curies":[{"name":"wp","href":"https:\/\/api.w.org\/{rel}","templated":true}]}}