{"id":5147,"date":"2025-12-15T14:08:40","date_gmt":"2025-12-15T17:08:40","guid":{"rendered":"https:\/\/elliberador.com\/?p=5147"},"modified":"2025-12-15T14:11:02","modified_gmt":"2025-12-15T17:11:02","slug":"inseguridad-rural-sin-freno-la-sociedad-rural-de-rosario-denuncia-abandono-del-gobierno-de-pullaro","status":"publish","type":"post","link":"https:\/\/elliberador.com\/index.php\/2025\/12\/15\/inseguridad-rural-sin-freno-la-sociedad-rural-de-rosario-denuncia-abandono-del-gobierno-de-pullaro\/","title":{"rendered":"Inseguridad rural sin freno: la Sociedad Rural de Rosario denuncia abandono del gobierno de Pullaro"},"content":{"rendered":"\n<p>La inseguridad rural volvi\u00f3 a ocupar el centro de la escena en Santa Fe y expone una creciente distancia entre el gobierno provincial y el interior productivo. En las \u00faltimas horas, la Sociedad Rural de Rosario (SRR) emiti\u00f3 un duro comunicado en el que denunci\u00f3 el aumento sostenido de delitos en zonas rurales y cuestion\u00f3 la falta de respuestas concretas por parte de la administraci\u00f3n de Maximiliano Pullaro.<\/p>\n\n\n\n<p>Abigeatos, robos de maquinaria agr\u00edcola, hurtos de granos y ataques a instalaciones productivas se repiten con mayor frecuencia, seg\u00fan alertan los productores, en un contexto marcado por la ausencia de pol\u00edticas espec\u00edficas para el \u00e1mbito rural. Desde la entidad rosarina aseguran que desde hace al menos dos a\u00f1os vienen solicitando reuniones con los ministerios de Producci\u00f3n y de Seguridad sin obtener respuestas ni propuestas de trabajo.<\/p>\n\n\n\n<p>\u201cLa falta de controles y la desarticulaci\u00f3n de los mecanismos que funcionaban nos dejan pr\u00e1cticamente a la deriva\u201d, advirtieron desde la SRR, en un mensaje que refleja el malestar creciente del sector frente a lo que consideran una desatenci\u00f3n sistem\u00e1tica del Estado provincial.<\/p>\n\n\n\n<figure class=\"wp-block-image size-full\"><img fetchpriority=\"high\" decoding=\"async\" width=\"778\" height=\"820\" src=\"https:\/\/elliberador.com\/wp-content\/uploads\/2025\/12\/Captura-de-pantalla-2025-12-15-135117.png\" alt=\"\" class=\"wp-image-5148\" srcset=\"https:\/\/elliberador.com\/wp-content\/uploads\/2025\/12\/Captura-de-pantalla-2025-12-15-135117.png 778w, https:\/\/elliberador.com\/wp-content\/uploads\/2025\/12\/Captura-de-pantalla-2025-12-15-135117-285x300.png 285w, https:\/\/elliberador.com\/wp-content\/uploads\/2025\/12\/Captura-de-pantalla-2025-12-15-135117-768x809.png 768w\" sizes=\"(max-width: 778px) 100vw, 778px\" \/><\/figure>\n\n\n\n<h2 class=\"wp-block-heading\">El desmantelamiento del sistema OJO, en el centro de las cr\u00edticas<\/h2>\n\n\n\n<p>Uno de los puntos m\u00e1s sensibles del reclamo apunta al desmantelamiento de la central del sistema OJO y a la ruptura de su v\u00ednculo operativo con las entidades agropecuarias. Este esquema de monitoreo y coordinaci\u00f3n hab\u00eda sido dise\u00f1ado para prevenir y actuar r\u00e1pidamente ante hechos de inseguridad rural, y era considerado una herramienta clave en vastas zonas del territorio santafesino.<\/p>\n\n\n\n<p>Seg\u00fan la Sociedad Rural de Rosario, la eliminaci\u00f3n de este sistema dej\u00f3 enormes extensiones rurales sin cobertura efectiva y sin canales de comunicaci\u00f3n \u00e1giles entre productores, fuerzas de seguridad y organismos de control. \u201cEra un esquema que daba resultados concretos y hoy directamente no existe\u201d, se\u00f1alaron.<\/p>\n\n\n\n<p>La cr\u00edtica adquiere mayor peso pol\u00edtico si se tiene en cuenta que el sistema OJO hab\u00eda sido impulsado por dirigentes del propio ruralismo santafesino y que su desactivaci\u00f3n se produjo bajo la actual gesti\u00f3n provincial, sin que fuera reemplazado por una alternativa equivalente.<\/p>\n\n\n\n<h2 class=\"wp-block-heading\">El campo, entre la desprotecci\u00f3n y la resignaci\u00f3n<\/h2>\n\n\n\n<p>La preocupaci\u00f3n no se limita a Rosario. Entidades rurales de distintas provincias vienen advirtiendo que la inseguridad en el campo se repite en todo el pa\u00eds, con p\u00e9rdidas econ\u00f3micas crecientes y un deterioro profundo de las condiciones de vida y trabajo en zonas rurales.<\/p>\n\n\n\n<p>En Santa Fe, la SRR destac\u00f3 como \u00fanica excepci\u00f3n el rol del Ministerio P\u00fablico de la Acusaci\u00f3n (MPA), al que reconoci\u00f3 por mantener canales de di\u00e1logo abiertos y atender las denuncias del sector. Sin embargo, remarcan que la acci\u00f3n judicial llega tarde si no est\u00e1 acompa\u00f1ada por prevenci\u00f3n, controles y presencia del Estado.<\/p>\n\n\n\n<p><strong>El delito rural requiere decisi\u00f3n pol\u00edtica. Sin eso, cualquier discurso sobre producci\u00f3n y desarrollo queda vac\u00edo<\/strong>. <\/p>\n\n\n\n<h2 class=\"wp-block-heading\">Un reclamo que interpela al gobernador<\/h2>\n\n\n\n<figure class=\"wp-block-image size-large is-resized\"><img decoding=\"async\" width=\"1024\" height=\"575\" src=\"https:\/\/elliberador.com\/wp-content\/uploads\/2025\/12\/2024-05-17NID_280304O_1-1024x575.jpeg\" alt=\"\" class=\"wp-image-5150\" style=\"aspect-ratio:1.7812852311161218;width:586px;height:auto\" srcset=\"https:\/\/elliberador.com\/wp-content\/uploads\/2025\/12\/2024-05-17NID_280304O_1-1024x575.jpeg 1024w, https:\/\/elliberador.com\/wp-content\/uploads\/2025\/12\/2024-05-17NID_280304O_1-300x168.jpeg 300w, https:\/\/elliberador.com\/wp-content\/uploads\/2025\/12\/2024-05-17NID_280304O_1-768x431.jpeg 768w, https:\/\/elliberador.com\/wp-content\/uploads\/2025\/12\/2024-05-17NID_280304O_1.jpeg 1140w\" sizes=\"(max-width: 1024px) 100vw, 1024px\" \/><\/figure>\n\n\n\n<p>El mensaje del ruralismo es claro: justicia efectiva, investigaciones \u00e1giles, m\u00e1s patrullajes rurales, reactivaci\u00f3n de sistemas de monitoreo, comunicaci\u00f3n directa con las fuerzas de seguridad y una agenda formal de trabajo entre el Estado y las entidades agropecuarias.<\/p>\n\n\n\n<p>Hasta ahora, advierten, nada de eso aparece con claridad en la gesti\u00f3n de Pullaro. Mientras el gobierno provincial prioriza otros frentes, el campo santafesino denuncia que qued\u00f3 solo frente al delito.<\/p>\n\n\n\n<p>\u201cServimos a la Patria mejorando la producci\u00f3n\u201d, cerr\u00f3 la Sociedad Rural de Rosario en su comunicado. Una consigna que, para muchos productores, contrasta cada vez m\u00e1s con un Gobierno Provincial que mira para otro lado.<\/p>\n\n\n\n<p><\/p>\n","protected":false},"excerpt":{"rendered":"<p>La Sociedad Rural de Rosario denunci\u00f3 que el gobierno de Maximiliano Pullaro dej\u00f3 al campo sin controles ni pol\u00edticas de seguridad espec\u00edficas, mientras la inseguridad rural se profundiza.<\/p>\n","protected":false},"author":2,"featured_media":5149,"comment_status":"open","ping_status":"open","sticky":false,"template":"","format":"standard","meta":{"_acf_changed":false,"advanced_seo_description":"","jetpack_seo_html_title":"","jetpack_seo_noindex":false,"_jetpack_memberships_contains_paid_content":false,"footnotes":""},"categories":[598],"tags":[20],"class_list":["post-5147","post","type-post","status-publish","format-standard","has-post-thumbnail","hentry","category-santa-fe","tag-destacados"],"acf":[],"jetpack_featured_media_url":"https:\/\/elliberador.com\/wp-content\/uploads\/2025\/12\/Captura-de-pantalla-2025-12-15-135641.png","jetpack_sharing_enabled":true,"_links":{"self":[{"href":"https:\/\/elliberador.com\/index.php\/wp-json\/wp\/v2\/posts\/5147","targetHints":{"allow":["GET"]}}],"collection":[{"href":"https:\/\/elliberador.com\/index.php\/wp-json\/wp\/v2\/posts"}],"about":[{"href":"https:\/\/elliberador.com\/index.php\/wp-json\/wp\/v2\/types\/post"}],"author":[{"embeddable":true,"href":"https:\/\/elliberador.com\/index.php\/wp-json\/wp\/v2\/users\/2"}],"replies":[{"embeddable":true,"href":"https:\/\/elliberador.com\/index.php\/wp-json\/wp\/v2\/comments?post=5147"}],"version-history":[{"count":2,"href":"https:\/\/elliberador.com\/index.php\/wp-json\/wp\/v2\/posts\/5147\/revisions"}],"predecessor-version":[{"id":5153,"href":"https:\/\/elliberador.com\/index.php\/wp-json\/wp\/v2\/posts\/5147\/revisions\/5153"}],"wp:featuredmedia":[{"embeddable":true,"href":"https:\/\/elliberador.com\/index.php\/wp-json\/wp\/v2\/media\/5149"}],"wp:attachment":[{"href":"https:\/\/elliberador.com\/index.php\/wp-json\/wp\/v2\/media?parent=5147"}],"wp:term":[{"taxonomy":"category","embeddable":true,"href":"https:\/\/elliberador.com\/index.php\/wp-json\/wp\/v2\/categories?post=5147"},{"taxonomy":"post_tag","embeddable":true,"href":"https:\/\/elliberador.com\/index.php\/wp-json\/wp\/v2\/tags?post=5147"}],"curies":[{"name":"wp","href":"https:\/\/api.w.org\/{rel}","templated":true}]}}