{"id":5157,"date":"2025-12-16T07:38:57","date_gmt":"2025-12-16T10:38:57","guid":{"rendered":"https:\/\/elliberador.com\/?p=5157"},"modified":"2025-12-16T07:38:59","modified_gmt":"2025-12-16T10:38:59","slug":"la-libertad-avanza-logro-un-cambio-historico-en-tierra-del-fuego-se-aprobo-la-nueva-ley-de-acuicultura","status":"publish","type":"post","link":"https:\/\/elliberador.com\/index.php\/2025\/12\/16\/la-libertad-avanza-logro-un-cambio-historico-en-tierra-del-fuego-se-aprobo-la-nueva-ley-de-acuicultura\/","title":{"rendered":"La Libertad Avanza logr\u00f3 un cambio hist\u00f3rico en Tierra del Fuego: se aprob\u00f3 la nueva Ley de Acuicultura."},"content":{"rendered":"\n<p>En el marco de la cuarta sesi\u00f3n ordinaria la Legislatura provincial aprob\u00f3 una nueva ley de acuicultura, que deroga la normativa vigente que <strong>prohib\u00eda de manera total la cr\u00eda de salmones en la provincia.<\/strong> Con impulso decisivo de <strong>La Libertad Avanza<\/strong>, la Legislatura de Tierra del Fuego aprob\u00f3 la nueva <strong>Ley de Acuicultura<\/strong>, una norma que marca un quiebre con a\u00f1os de prohibiciones ideol\u00f3gicas y abre una etapa de desarrollo productivo, empleo y reglas claras para la provincia.<\/p>\n\n\n\n<p>El proyecto fue impulsado originalmente por el exlegislador provincial y actual senador nacional <strong>Agust\u00edn Coto<\/strong>, y llevado a su sanci\u00f3n definitiva por la legisladora <strong>Natalia Gracian\u00eda<\/strong>, ambos referentes de La Libertad Avanza, quienes defendieron un modelo de producci\u00f3n sustentable, basado en criterios t\u00e9cnicos, cient\u00edficos y ambientales estrictos.<\/p>\n\n\n\n<figure class=\"wp-block-image size-full\"><img fetchpriority=\"high\" decoding=\"async\" width=\"586\" height=\"310\" src=\"https:\/\/elliberador.com\/wp-content\/uploads\/2025\/12\/Captura-de-pantalla-2025-12-16-073353.png\" alt=\"\" class=\"wp-image-5161\" srcset=\"https:\/\/elliberador.com\/wp-content\/uploads\/2025\/12\/Captura-de-pantalla-2025-12-16-073353.png 586w, https:\/\/elliberador.com\/wp-content\/uploads\/2025\/12\/Captura-de-pantalla-2025-12-16-073353-300x159.png 300w\" sizes=\"(max-width: 586px) 100vw, 586px\" \/><\/figure>\n\n\n\n<h2 class=\"wp-block-heading\"><strong>Una ley con reglas claras <\/strong><\/h2>\n\n\n\n<p>La norma establece un marco moderno y responsable para la actividad acu\u00edcola:<\/p>\n\n\n\n<ul class=\"wp-block-list\">\n<li>Se mantiene la <strong>prohibici\u00f3n absoluta de salmoneras en el Canal Beagle<\/strong>.<\/li>\n\n\n\n<li>Contin\u00faa vedada la actividad en <strong>lagos y lagunas<\/strong>.<\/li>\n\n\n\n<li>La acuicultura solo podr\u00e1 desarrollarse en <strong>zonas previamente declaradas aptas<\/strong>, con evaluaci\u00f3n ambiental obligatoria.<\/li>\n\n\n\n<li>Cada emprendimiento contar\u00e1 con <strong>l\u00edmites de producci\u00f3n<\/strong>, controles permanentes y fiscalizaci\u00f3n estatal.<\/li>\n<\/ul>\n\n\n\n<p>Asimismo, la ley promueve la investigaci\u00f3n cient\u00edfica, la transferencia tecnol\u00f3gica y la incorporaci\u00f3n de sistemas productivos modernos como los <strong>Sistemas de Recirculaci\u00f3n de Agua (RAS)<\/strong>, garantizando el uso responsable de los recursos naturales.<\/p>\n\n\n\n<h2 class=\"wp-block-heading\"><strong>Producci\u00f3n, empleo y menos dependencia externa<\/strong><\/h2>\n\n\n\n<p>Desde La Libertad Avanza destacaron que esta ley permitir\u00e1 generar empleo local, atraer inversiones y reducir la dependencia de importaciones. Actualmente, Argentina importa m\u00e1s de <strong>5.000 toneladas de salm\u00f3n por a\u00f1o<\/strong>, producci\u00f3n que ahora podr\u00e1 desarrollarse en Tierra del Fuego con valor agregado, trabajo fueguino y est\u00e1ndares ambientales internacionales.<\/p>\n\n\n\n<p>\u201cProhibir por miedo nunca fue una soluci\u00f3n. Esta ley demuestra que se puede producir, cuidar el ambiente y generar empleo al mismo tiempo\u201d, se\u00f1al\u00f3 Agust\u00edn Coto. En la misma l\u00ednea, Natalia Gracian\u00eda sostuvo que la norma permitir\u00e1 que la provincia \u201cocupe el lugar que merece dentro del desarrollo productivo nacional\u201d.<\/p>\n\n\n\n<h2 class=\"wp-block-heading\"><strong>Conclusi\u00f3n: el camino a una nueva Argentina<\/strong><\/h2>\n\n\n\n<p>La sanci\u00f3n de la Ley de Acuicultura Sostenible expuso resistencias del pasado, pero tambi\u00e9n consolid\u00f3 un rumbo claro. <strong>La Libertad Avanza demuestra todos los d\u00edas que hay otro camino posible<\/strong>: el de la producci\u00f3n, el empleo genuino, la inversi\u00f3n y el desarrollo.<\/p>\n\n\n\n<p>Tierra del Fuego se suma as\u00ed a una visi\u00f3n de pa\u00eds que deja atr\u00e1s el miedo y la par\u00e1lisis, y avanza hacia una <strong>nueva Argentina de prosperidad, trabajo y crecimiento<\/strong>, donde producir no es un problema, sino la soluci\u00f3n.<\/p>\n","protected":false},"excerpt":{"rendered":"<p>En Tierra del Fuego se aprob\u00f3 la nueva Ley de Acuicultura Sostenible, impulsada por La Libertad Avanza, que pone fin a la prohibici\u00f3n total de la cr\u00eda de salmones. La provincia inicia el camino de la producci\u00f3n, el empleo y la inversi\u00f3n, dejando de depender de importaciones y generando trabajo fueguino.<\/p>\n","protected":false},"author":2,"featured_media":5159,"comment_status":"open","ping_status":"open","sticky":false,"template":"","format":"standard","meta":{"_acf_changed":false,"advanced_seo_description":"","jetpack_seo_html_title":"","jetpack_seo_noindex":false,"_jetpack_memberships_contains_paid_content":false,"footnotes":""},"categories":[4],"tags":[20],"class_list":["post-5157","post","type-post","status-publish","format-standard","has-post-thumbnail","hentry","category-politica","tag-destacados"],"acf":[],"jetpack_featured_media_url":"https:\/\/elliberador.com\/wp-content\/uploads\/2025\/12\/Javier-Milei-Agustin-Coto.jpg","jetpack_sharing_enabled":true,"_links":{"self":[{"href":"https:\/\/elliberador.com\/index.php\/wp-json\/wp\/v2\/posts\/5157","targetHints":{"allow":["GET"]}}],"collection":[{"href":"https:\/\/elliberador.com\/index.php\/wp-json\/wp\/v2\/posts"}],"about":[{"href":"https:\/\/elliberador.com\/index.php\/wp-json\/wp\/v2\/types\/post"}],"author":[{"embeddable":true,"href":"https:\/\/elliberador.com\/index.php\/wp-json\/wp\/v2\/users\/2"}],"replies":[{"embeddable":true,"href":"https:\/\/elliberador.com\/index.php\/wp-json\/wp\/v2\/comments?post=5157"}],"version-history":[{"count":1,"href":"https:\/\/elliberador.com\/index.php\/wp-json\/wp\/v2\/posts\/5157\/revisions"}],"predecessor-version":[{"id":5162,"href":"https:\/\/elliberador.com\/index.php\/wp-json\/wp\/v2\/posts\/5157\/revisions\/5162"}],"wp:featuredmedia":[{"embeddable":true,"href":"https:\/\/elliberador.com\/index.php\/wp-json\/wp\/v2\/media\/5159"}],"wp:attachment":[{"href":"https:\/\/elliberador.com\/index.php\/wp-json\/wp\/v2\/media?parent=5157"}],"wp:term":[{"taxonomy":"category","embeddable":true,"href":"https:\/\/elliberador.com\/index.php\/wp-json\/wp\/v2\/categories?post=5157"},{"taxonomy":"post_tag","embeddable":true,"href":"https:\/\/elliberador.com\/index.php\/wp-json\/wp\/v2\/tags?post=5157"}],"curies":[{"name":"wp","href":"https:\/\/api.w.org\/{rel}","templated":true}]}}