{"id":5196,"date":"2025-12-16T13:11:20","date_gmt":"2025-12-16T16:11:20","guid":{"rendered":"https:\/\/elliberador.com\/?p=5196"},"modified":"2025-12-16T13:13:22","modified_gmt":"2025-12-16T16:13:22","slug":"kast-llego-a-la-argentina-y-se-reune-con-milei-en-la-casa-rosada","status":"publish","type":"post","link":"https:\/\/elliberador.com\/index.php\/2025\/12\/16\/kast-llego-a-la-argentina-y-se-reune-con-milei-en-la-casa-rosada\/","title":{"rendered":"Kast lleg\u00f3 a la Argentina para reunirse con Milei en la Casa Rosada"},"content":{"rendered":"\n<p>El presidente Javier Milei recibe este martes en la Casa Rosada al presidente electo de Chile, Jos\u00e9 Antonio Kast, quien eligi\u00f3 a la Argentina como <strong>su primer destino internacional<\/strong> tras imponerse con cerca del <strong>60% de los votos<\/strong> en las elecciones presidenciales chilenas. El gesto pol\u00edtico no pas\u00f3 desapercibido y refleja el peso regional que volvi\u00f3 a ganar el pa\u00eds bajo el liderazgo de Milei.<\/p>\n\n\n\n<p>La reuni\u00f3n marca el inicio de una <strong>nueva etapa en la relaci\u00f3n bilateral<\/strong>, luego de a\u00f1os de frialdad y tensiones durante la gesti\u00f3n del saliente Gabriel Boric. Con un claro alineamiento ideol\u00f3gico en torno a la defensa de la libertad, la propiedad privada y el orden macroecon\u00f3mico, Milei y Kast comienzan a delinear una agenda com\u00fan centrada en <strong>econom\u00eda, seguridad y migraci\u00f3n<\/strong>.<\/p>\n\n\n\n<h2 class=\"wp-block-heading\">Un gesto pol\u00edtico hacia la Argentina que volvi\u00f3 a ser referencia<\/h2>\n\n\n\n<p>Kast arrib\u00f3 a Buenos Aires a primera hora de la ma\u00f1ana y, antes de dirigirse a la Casa Rosada, mantuvo reuniones en el Ministerio de Econom\u00eda. Luego fue recibido por Milei y el canciller Pablo Quirno en Balcarce 50. La visita tiene un fuerte contenido simb\u00f3lico: el mandatario chileno electo destac\u00f3 p\u00fablicamente los avances de la Argentina en materia de <strong>reducci\u00f3n de la inflaci\u00f3n, combate a la pobreza extrema y lucha contra el crimen organizado<\/strong>.<\/p>\n\n\n\n<p>\u201cHay mucho que aprender de c\u00f3mo Argentina ha ordenado su econom\u00eda\u201d, afirm\u00f3 Kast antes de viajar, elogiando adem\u00e1s la firmeza del Gobierno argentino frente a las mafias y el delito, en l\u00ednea con la pol\u00edtica de seguridad que impulsa Milei.<\/p>\n\n\n\n<h2 class=\"wp-block-heading\">El eje econ\u00f3mico<\/h2>\n\n\n\n<p>Uno de los puntos centrales de la visita de Jos\u00e9 Antonio Kast a Buenos Aires fue el <strong>cap\u00edtulo econ\u00f3mico<\/strong>. En ese marco, tom\u00f3 especial relevancia el <strong>Ministerio de Hacienda de Chile<\/strong>, \u00e1rea clave del futuro gobierno trasandino. El nombre que suena con m\u00e1s fuerza para encabezar esa cartera es el del economista <strong>Jorge Quiroz<\/strong>, quien desde mediados de a\u00f1o viene trabajando en el dise\u00f1o del programa econ\u00f3mico de Kast, con una agenda centrada en la disciplina fiscal, la reducci\u00f3n del gasto pol\u00edtico y la apertura a la inversi\u00f3n privada.<\/p>\n\n\n\n<p>Sin embargo, durante la jornada surgi\u00f3 otro elemento de peso: el ministro de Econom\u00eda argentino, <strong>Luis \u201cToto\u201d Caputo<\/strong>, reconoci\u00f3 p\u00fablicamente que existe la posibilidad de que <strong>Jos\u00e9 Luis Daza<\/strong>, actual secretario de Pol\u00edtica Econ\u00f3mica y uno de los funcionarios m\u00e1s cercanos al equipo econ\u00f3mico de Milei, pueda dejar la gesti\u00f3n para sumarse al pr\u00f3ximo gobierno chileno. Caputo destac\u00f3 la trayectoria y el perfil t\u00e9cnico de Daza, y remarc\u00f3 que su eventual salida ser\u00eda una muestra del <strong>prestigio internacional<\/strong> que adquiri\u00f3 el programa econ\u00f3mico argentino bajo la administraci\u00f3n de Javier Milei.<\/p>\n\n\n\n<h2 class=\"wp-block-heading\">Una agenda cargada de contenido pol\u00edtico y empresarial<\/h2>\n\n\n\n<ul class=\"wp-block-list\">\n<li><strong>09:00 hs<\/strong> \u2013 Arribo a Buenos Aires en vuelo comercial desde Santiago de Chile.<\/li>\n\n\n\n<li><strong>09:30 hs<\/strong> \u2013 Traslado al <strong>Ministerio de Econom\u00eda<\/strong>.<\/li>\n\n\n\n<li><strong>10:00 hs<\/strong> \u2013 Reuni\u00f3n de trabajo con funcionarios del \u00e1rea econ\u00f3mica.<\/li>\n\n\n\n<li><strong>12:00 hs<\/strong> \u2013 <strong>Encuentro bilateral con el presidente Javier Milei<\/strong> en la Casa Rosada.<\/li>\n\n\n\n<li><strong>13:30 hs<\/strong> \u2013 <strong>Almuerzo con empresarios argentinos y chilenos<\/strong> en el Hotel Intercontinental.<\/li>\n\n\n\n<li><strong>17:00 hs<\/strong> \u2013 Visita a la <strong>Embajada de Chile en la Argentina<\/strong> y reuni\u00f3n con el embajador.<\/li>\n\n\n\n<li><strong>21:00 hs<\/strong> \u2013 <strong>Regreso a Chile<\/strong> en vuelo comercial.<\/li>\n<\/ul>\n\n\n\n<h2 class=\"wp-block-heading\">Una nueva etapa para la regi\u00f3n<\/h2>\n\n\n\n<p>La relaci\u00f3n entre Milei y Kast no es nueva. Ambos dirigentes se conocen desde hace a\u00f1os y comparten espacios internacionales vinculados a las ideas de la libertad. Durante la campa\u00f1a chilena, Kast cit\u00f3 reiteradamente a la Argentina como ejemplo de c\u00f3mo aplicar un ajuste serio del gasto pol\u00edtico y recuperar credibilidad.<\/p>\n\n\n\n<p>Tras el triunfo electoral en Chile, Milei celebr\u00f3 el resultado como \u201cun paso m\u00e1s de la regi\u00f3n en defensa de la libertad\u201d y expres\u00f3 su convicci\u00f3n de que ambos pa\u00edses trabajar\u00e1n juntos para dejar atr\u00e1s el socialismo del siglo XXI.<\/p>\n\n\n\n<p>Con Kast ya en funciones como presidente electo y Milei consolidado como referente regional, el encuentro en la Casa Rosada busca sentar las bases de una <strong>alianza estrat\u00e9gica entre Argentina y Chile<\/strong>, basada en valores compartidos y una visi\u00f3n com\u00fan de desarrollo.<\/p>\n\n\n\n<p>Que el presidente electo chileno haya elegido a la Argentina como su <strong>primer viaje oficial<\/strong> no es casual: es una se\u00f1al clara del protagonismo que recuper\u00f3 el pa\u00eds y del liderazgo de Javier Milei en una regi\u00f3n que empieza a mirar nuevamente hacia las ideas de la libertad.<\/p>\n\n\n\n<p><\/p>\n","protected":false},"excerpt":{"rendered":"<p>Jos\u00e9 Antonio Kast lleg\u00f3 este martes a la Argentina para cumplir su primera visita internacional como presidente electo de Chile, con una agenda centrada en reuniones pol\u00edticas, econ\u00f3micas y empresariales.<\/p>\n","protected":false},"author":2,"featured_media":5197,"comment_status":"open","ping_status":"open","sticky":false,"template":"","format":"standard","meta":{"_acf_changed":false,"advanced_seo_description":"","jetpack_seo_html_title":"","jetpack_seo_noindex":false,"_jetpack_memberships_contains_paid_content":false,"footnotes":""},"categories":[10],"tags":[20],"class_list":["post-5196","post","type-post","status-publish","format-standard","has-post-thumbnail","hentry","category-internacionales","tag-destacados"],"acf":[],"jetpack_featured_media_url":"https:\/\/elliberador.com\/wp-content\/uploads\/2025\/12\/antonio-kast-y-javier-milei-15122025-2153485.webp","jetpack_sharing_enabled":true,"_links":{"self":[{"href":"https:\/\/elliberador.com\/index.php\/wp-json\/wp\/v2\/posts\/5196","targetHints":{"allow":["GET"]}}],"collection":[{"href":"https:\/\/elliberador.com\/index.php\/wp-json\/wp\/v2\/posts"}],"about":[{"href":"https:\/\/elliberador.com\/index.php\/wp-json\/wp\/v2\/types\/post"}],"author":[{"embeddable":true,"href":"https:\/\/elliberador.com\/index.php\/wp-json\/wp\/v2\/users\/2"}],"replies":[{"embeddable":true,"href":"https:\/\/elliberador.com\/index.php\/wp-json\/wp\/v2\/comments?post=5196"}],"version-history":[{"count":3,"href":"https:\/\/elliberador.com\/index.php\/wp-json\/wp\/v2\/posts\/5196\/revisions"}],"predecessor-version":[{"id":5201,"href":"https:\/\/elliberador.com\/index.php\/wp-json\/wp\/v2\/posts\/5196\/revisions\/5201"}],"wp:featuredmedia":[{"embeddable":true,"href":"https:\/\/elliberador.com\/index.php\/wp-json\/wp\/v2\/media\/5197"}],"wp:attachment":[{"href":"https:\/\/elliberador.com\/index.php\/wp-json\/wp\/v2\/media?parent=5196"}],"wp:term":[{"taxonomy":"category","embeddable":true,"href":"https:\/\/elliberador.com\/index.php\/wp-json\/wp\/v2\/categories?post=5196"},{"taxonomy":"post_tag","embeddable":true,"href":"https:\/\/elliberador.com\/index.php\/wp-json\/wp\/v2\/tags?post=5196"}],"curies":[{"name":"wp","href":"https:\/\/api.w.org\/{rel}","templated":true}]}}