{"id":5248,"date":"2025-12-18T22:45:48","date_gmt":"2025-12-19T01:45:48","guid":{"rendered":"https:\/\/elliberador.com\/?p=5248"},"modified":"2025-12-18T22:45:50","modified_gmt":"2025-12-19T01:45:50","slug":"granadero-baigorria-fontana-prendio-la-motosierra-en-su-primera-sesion-y-logro-eliminar-un-cargo-reactivado-hace-13-dias","status":"publish","type":"post","link":"https:\/\/elliberador.com\/index.php\/2025\/12\/18\/granadero-baigorria-fontana-prendio-la-motosierra-en-su-primera-sesion-y-logro-eliminar-un-cargo-reactivado-hace-13-dias\/","title":{"rendered":"Granadero Baigorria: Fontana \u201cprendi\u00f3 la motosierra\u201d en su primera sesi\u00f3n y logr\u00f3 eliminar un cargo reactivado hace 13 d\u00edas"},"content":{"rendered":"\n<p>En su <strong>primera sesi\u00f3n como concejal<\/strong>, <strong>Santiago Fontana<\/strong> (La Libertad Avanza) lleg\u00f3 con cuatro iniciativas y consigui\u00f3 una victoria concreta: la eliminaci\u00f3n del cargo <strong>\u201cHabilitado\u201d<\/strong>, una figura que hab\u00eda sido reactivada por <strong>Unidos<\/strong> <strong>hace apenas 13 d\u00edas<\/strong> y cuya funci\u00f3n \u2014seg\u00fan se expuso en el propio recinto\u2014 nadie pudo explicar con claridad.<\/p>\n\n\n\n<p>El proyecto aprobado ordena la <strong>eliminaci\u00f3n del cargo<\/strong> dentro del Honorable Concejo Deliberante y el <strong>cese de quien hubiera sido designado<\/strong>, sin generar responsabilidades adicionales.<\/p>\n\n\n\n<h3 class=\"wp-block-heading\">Un cargo \u201cobsoleto\u201d y un primer gesto de austeridad<\/h3>\n\n\n\n<p>En los fundamentos, Fontana plante\u00f3 que la figura del \u201chabilitado\u201d resulta <strong>obsoleta<\/strong>, que el Concejo ya demostr\u00f3 que puede funcionar sin esa estructura y que la eficiencia del gasto debe ser coherente con lo debatido para el <strong>Presupuesto 2026<\/strong>. Baigorria proyecto 1<\/p>\n\n\n\n<p>En declaraciones a <em>El Liberador<\/em>, Fontana remarc\u00f3 que su objetivo es <strong>empezar a cuidar el dinero de los contribuyentes baigorrenses<\/strong>, recortando puestos sin sentido y empujando una agenda de <strong>transparencia y control del gasto<\/strong>.<\/p>\n\n\n\n<p>Adem\u00e1s de este recorte, el edil libertario dej\u00f3 planteado otro eje para lo que viene: <strong>revisar la excesiva planta municipal y los gastos<\/strong>, un tema que la pol\u00edtica local suele esquivar, pero que es central si se pretende bajar la presi\u00f3n sobre el vecino que paga impuestos.<\/p>\n","protected":false},"excerpt":{"rendered":"<p>En su primera sesi\u00f3n, el concejal libertario Santiago Fontana logr\u00f3 aprobar la eliminaci\u00f3n del cargo \u201cHabilitado\u201d, creado en 2009 y reactivado hace 13 d\u00edas para una persona de Unidos. Un recorte concreto para empezar a cuidar la plata de los contribuyentes baigorrenses y abrir la discusi\u00f3n sobre gastos y planta municipal.<\/p>\n","protected":false},"author":2,"featured_media":5249,"comment_status":"open","ping_status":"open","sticky":false,"template":"","format":"standard","meta":{"_acf_changed":false,"advanced_seo_description":"","jetpack_seo_html_title":"","jetpack_seo_noindex":false,"_jetpack_memberships_contains_paid_content":false,"footnotes":""},"categories":[4],"tags":[20,616,56,617,618],"class_list":["post-5248","post","type-post","status-publish","format-standard","has-post-thumbnail","hentry","category-politica","tag-destacados","tag-granadero-baigorria","tag-milei","tag-motosierra","tag-santiago-fontana"],"acf":[],"jetpack_featured_media_url":"https:\/\/elliberador.com\/wp-content\/uploads\/2025\/12\/Imagen-de-WhatsApp-2025-12-18-a-las-22.38.45_cb231a5c-scaled-e1766108673275.jpg","jetpack_sharing_enabled":true,"_links":{"self":[{"href":"https:\/\/elliberador.com\/index.php\/wp-json\/wp\/v2\/posts\/5248","targetHints":{"allow":["GET"]}}],"collection":[{"href":"https:\/\/elliberador.com\/index.php\/wp-json\/wp\/v2\/posts"}],"about":[{"href":"https:\/\/elliberador.com\/index.php\/wp-json\/wp\/v2\/types\/post"}],"author":[{"embeddable":true,"href":"https:\/\/elliberador.com\/index.php\/wp-json\/wp\/v2\/users\/2"}],"replies":[{"embeddable":true,"href":"https:\/\/elliberador.com\/index.php\/wp-json\/wp\/v2\/comments?post=5248"}],"version-history":[{"count":1,"href":"https:\/\/elliberador.com\/index.php\/wp-json\/wp\/v2\/posts\/5248\/revisions"}],"predecessor-version":[{"id":5250,"href":"https:\/\/elliberador.com\/index.php\/wp-json\/wp\/v2\/posts\/5248\/revisions\/5250"}],"wp:featuredmedia":[{"embeddable":true,"href":"https:\/\/elliberador.com\/index.php\/wp-json\/wp\/v2\/media\/5249"}],"wp:attachment":[{"href":"https:\/\/elliberador.com\/index.php\/wp-json\/wp\/v2\/media?parent=5248"}],"wp:term":[{"taxonomy":"category","embeddable":true,"href":"https:\/\/elliberador.com\/index.php\/wp-json\/wp\/v2\/categories?post=5248"},{"taxonomy":"post_tag","embeddable":true,"href":"https:\/\/elliberador.com\/index.php\/wp-json\/wp\/v2\/tags?post=5248"}],"curies":[{"name":"wp","href":"https:\/\/api.w.org\/{rel}","templated":true}]}}