{"id":5272,"date":"2025-12-20T17:57:16","date_gmt":"2025-12-20T20:57:16","guid":{"rendered":"https:\/\/elliberador.com\/?p=5272"},"modified":"2025-12-20T18:17:46","modified_gmt":"2025-12-20T21:17:46","slug":"rosario-socialistas-peronistas-y-radicales-aprobaron-el-aumento-de-zonas-y-precios-del-estacionamiento-medido","status":"publish","type":"post","link":"https:\/\/elliberador.com\/index.php\/2025\/12\/20\/rosario-socialistas-peronistas-y-radicales-aprobaron-el-aumento-de-zonas-y-precios-del-estacionamiento-medido\/","title":{"rendered":"Rosario: socialistas, peronistas y radicales aprobaron el aumento de zonas y precios del estacionamiento medido"},"content":{"rendered":"\n<p>El Concejo Municipal de Rosario aprob\u00f3 la renovaci\u00f3n del sistema de estacionamiento medido con un resultado que desnuda el armado pol\u00edtico de siempre: <strong>23 votos a favor y 5 en contra<\/strong>. Los <strong>\u00fanicos votos negativos<\/strong> fueron los de <strong>La Libertad Avanza<\/strong>: <strong>Juan Pedro Aleart, Franco Volpe, Anabel Lencina, Lautaro Enr\u00edquez y Samanta Arias<\/strong>. El resto del cuerpo \u2014peronismo, socialismo\/radicalismo dentro de Unidos y Ciudad Futura\u2014 vot\u00f3 en bloque para habilitar un esquema que <strong>encarece, ampl\u00eda zonas y concentra decisiones en el Ejecutivo<\/strong>.<\/p>\n\n\n\n<h2 class=\"wp-block-heading\">\u201cUn monopolio gigante\u201d: la denuncia de Volpe<\/h2>\n\n\n\n<p>En di\u00e1logo con <em>El Liberador<\/em>, el concejal <strong>Franco Volpe<\/strong> (LLA) explic\u00f3 por qu\u00e9 el bloque libertario rechaz\u00f3 el pliego: para ellos, el sistema funciona como un <strong>monopolio<\/strong> que, por dise\u00f1o, termina favoreciendo siempre a los mismos.<\/p>\n\n\n\n<blockquote class=\"wp-block-quote is-layout-flow wp-block-quote-is-layout-flow\">\n<p>\u201cDesde que existe el estacionamiento medido en Rosario siempre tuvimos la misma empresa, nunca hubo otra. Es un monopolio gigante. Con las condiciones que dan es imposible que lo agarre otra empresa.\u201d<\/p>\n<\/blockquote>\n\n\n\n<p>La cr\u00edtica libertaria no es solo ideol\u00f3gica: apunta a un mecanismo que se renueva y se expande sin abrir competencia real, mientras se lo vende como \u201cmodernizaci\u00f3n\u201d.<\/p>\n\n\n\n<h2 class=\"wp-block-heading\">M\u00e1s caro para el rosarino: unificaci\u00f3n de zonas<\/h2>\n\n\n\n<p>Volpe tambi\u00e9n remarc\u00f3 un punto que impacta directo en el bolsillo:<\/p>\n\n\n\n<blockquote class=\"wp-block-quote is-layout-flow wp-block-quote-is-layout-flow\">\n<p>\u201cAntes hab\u00eda tres zonas\u2026 ahora las zonas m\u00e1s bajas, la B y la C, se unificaron. Entonces te cobran exactamente lo mismo\u2026 termina sali\u00e9ndote m\u00e1s caro estacionar.\u201d<\/p>\n<\/blockquote>\n\n\n\n<p>En otras palabras: menos diferenciaci\u00f3n por zonas y m\u00e1s \u201cuniformidad\u201d en el cobro suele traducirse en lo que el vecino ya conoce: <strong>suba encubierta<\/strong>.<\/p>\n\n\n\n<h2 class=\"wp-block-heading\">El intendente puede ampliar el sistema hasta 20% sin pasar por el Concejo<\/h2>\n\n\n\n<p>Otro aspecto central del rechazo de LLA es la <strong>facultad de expansi\u00f3n territorial<\/strong> del estacionamiento medido, con margen de <strong>hasta un 20%<\/strong>.<\/p>\n\n\n\n<blockquote class=\"wp-block-quote is-layout-flow wp-block-quote-is-layout-flow\">\n<p>\u201cAhora te pueden aumentar la zona del estacionamiento medido hasta un 20%\u2026 y lo puede hacer autom\u00e1ticamente el intendente sin pasar por el Concejo. La gente termina sin defensa.\u201d<\/p>\n<\/blockquote>\n\n\n\n<p>Este es el coraz\u00f3n institucional del problema: si el Ejecutivo puede estirar el sistema \u2014y por lo tanto el cobro\u2014 sin discusi\u00f3n real en el recinto, el vecino queda <strong>reh\u00e9n de la lapicera<\/strong>.<\/p>\n\n\n\n<figure class=\"wp-block-image size-full\"><img fetchpriority=\"high\" decoding=\"async\" width=\"641\" height=\"558\" src=\"https:\/\/elliberador.com\/wp-content\/uploads\/2025\/12\/Captura-de-pantalla-2025-12-20-175310.png\" alt=\"\" class=\"wp-image-5276\" srcset=\"https:\/\/elliberador.com\/wp-content\/uploads\/2025\/12\/Captura-de-pantalla-2025-12-20-175310.png 641w, https:\/\/elliberador.com\/wp-content\/uploads\/2025\/12\/Captura-de-pantalla-2025-12-20-175310-300x261.png 300w\" sizes=\"(max-width: 641px) 100vw, 641px\" \/><figcaption class=\"wp-element-caption\">Bloque de La Libertad Avanza que vot\u00f3 en contra del aumento<\/figcaption><\/figure>\n\n\n\n<h2 class=\"wp-block-heading\">Qui\u00e9nes votaron a favor<\/h2>\n\n\n\n<p>Seg\u00fan el tablero de votaci\u00f3n, el pliego fue aprobado con los votos afirmativos de: <strong>M. Schmuck, P. Basso, L. Caruana, J. Ferrero, F. Flatti, A. Gareis, P. Gavira, M. Gigliani, C. Labayru, F. Lifschitz, N. L\u00f3pez, A. Mart\u00ednez, J. Monteverde, A. Pino, M. Poncino, S. Prence, D. Pullaro, L. Raspall, M. Rey, M. Romero, A. Salinas, A. Schibel\u2026 y M. Sciutto<\/strong>.<\/p>\n\n\n\n<p>Es decir: <strong>socialistas, radicales, peronistas y comunistas juntos<\/strong> para habilitar un sistema que ampl\u00eda capacidad de cobro, aumenta el costo real y corre el control del Concejo.<\/p>\n\n\n\n<h2 class=\"wp-block-heading\">Tr\u00e1nsito Rosario S.A. y una historia vinculada a la pol\u00edtica<\/h2>\n\n\n\n<p>Un dato que merece atenci\u00f3n es qui\u00e9n est\u00e1 detr\u00e1s de <strong>Tr\u00e1nsito Rosario S.A.<\/strong>, la empresa que hoy opera el sistema y que, seg\u00fan denuncia La Libertad Avanza, quedar\u00eda nuevamente favorecida con la renovaci\u00f3n: <strong>sus due\u00f1os, Horacio Mir\u00f3 y Walter Poplawski<\/strong>, ya aparecen ligados a un antecedente resonante en la Ciudad de Buenos Aires. All\u00ed, el entonces jefe de gobierno <strong>Horacio Rodr\u00edguez Larreta<\/strong> avanz\u00f3 con la adjudicaci\u00f3n del negocio de gr\u00faas y acarreo a una UTE vinculada al mismo entramado empresarial \u2014con cuestionamientos por <strong>sobreprecios<\/strong>\u2014 y <strong>Jorge Macri<\/strong> termin\u00f3 <strong>revirtiendo\/anulando<\/strong> esa adjudicaci\u00f3n apenas asumi\u00f3, justamente por el esc\u00e1ndalo y el costo considerado escandaloso. En Rosario, la pregunta es inevitable: \u00bfse est\u00e1 renovando un servicio p\u00fablico para ordenar la ciudad, o se est\u00e1 blindando otra vez el negocio de los mismos empresarios con m\u00e1s zona y tarifas m\u00e1s altas?<\/p>\n\n\n\n<h2 class=\"wp-block-heading\">Principio de revelaci\u00f3n<\/h2>\n\n\n\n<p>Monteverde y Javkin se disputaron la intendencia como si fueran proyectos opuestos, pero este <strong>principio de revelaci\u00f3n<\/strong> les muestra a los rosarinos que <strong>son lo mismo<\/strong> cuando se trata de cajas. Lejos de beneficiar al vecino, terminan <strong>haciendo negocios de espaldas a la ciudad<\/strong> y blindando ganancias extra pol\u00edticas con arreglos extraoficiales que despu\u00e9s se \u201clegalizan\u201d en el Concejo.<\/p>\n\n\n\n<p>Javier Milei lo hab\u00eda anticipado hace a\u00f1os: la irrupci\u00f3n de <strong>La Libertad Avanza<\/strong> iba a poner luz sobre la oscuridad. Y en Rosario se ve claro: se ponen camisetas distintas, pero son lo mismo: <strong>un grupo de vivos que llega al poder para disputarse el bot\u00edn de las cajas estatales y repartirlo seg\u00fan qui\u00e9n manda<\/strong>. Monteverde, Schmuck, Labayru: estatistas de distintas tribus, con una misma prioridad: <strong>cuidar y agrandar sus cajas<\/strong>, y venderlo como si fuera \u201cpara ayudar a la gente\u201d.<\/p>\n","protected":false},"excerpt":{"rendered":"<p>Mientras La Libertad Avanza fue el \u00fanico bloque que vot\u00f3 en contra, el resto del Concejo \u2014peronismo, socialismo y sus socios\u2014 aprob\u00f3 la renovaci\u00f3n del sistema de estacionamiento medido con un esquema que permite ampliar hasta un 20% la zona, encarece el estacionamiento y deja decisiones clave en manos del Ejecutivo, sin pasar por el recinto.<\/p>\n","protected":false},"author":2,"featured_media":5275,"comment_status":"open","ping_status":"open","sticky":false,"template":"","format":"standard","meta":{"_acf_changed":false,"advanced_seo_description":"","jetpack_seo_html_title":"","jetpack_seo_noindex":false,"_jetpack_memberships_contains_paid_content":false,"footnotes":""},"categories":[4],"tags":[497,20,622,56,135,43],"class_list":["post-5272","post","type-post","status-publish","format-standard","has-post-thumbnail","hentry","category-politica","tag-concejo-deliberante","tag-destacados","tag-estacionamiento-medido","tag-milei","tag-romina-diez","tag-rosario"],"acf":[],"jetpack_featured_media_url":"https:\/\/elliberador.com\/wp-content\/uploads\/2025\/12\/b598a948-7996-47d5-8008-bc1725a563e6.jpg","jetpack_sharing_enabled":true,"_links":{"self":[{"href":"https:\/\/elliberador.com\/index.php\/wp-json\/wp\/v2\/posts\/5272","targetHints":{"allow":["GET"]}}],"collection":[{"href":"https:\/\/elliberador.com\/index.php\/wp-json\/wp\/v2\/posts"}],"about":[{"href":"https:\/\/elliberador.com\/index.php\/wp-json\/wp\/v2\/types\/post"}],"author":[{"embeddable":true,"href":"https:\/\/elliberador.com\/index.php\/wp-json\/wp\/v2\/users\/2"}],"replies":[{"embeddable":true,"href":"https:\/\/elliberador.com\/index.php\/wp-json\/wp\/v2\/comments?post=5272"}],"version-history":[{"count":2,"href":"https:\/\/elliberador.com\/index.php\/wp-json\/wp\/v2\/posts\/5272\/revisions"}],"predecessor-version":[{"id":5278,"href":"https:\/\/elliberador.com\/index.php\/wp-json\/wp\/v2\/posts\/5272\/revisions\/5278"}],"wp:featuredmedia":[{"embeddable":true,"href":"https:\/\/elliberador.com\/index.php\/wp-json\/wp\/v2\/media\/5275"}],"wp:attachment":[{"href":"https:\/\/elliberador.com\/index.php\/wp-json\/wp\/v2\/media?parent=5272"}],"wp:term":[{"taxonomy":"category","embeddable":true,"href":"https:\/\/elliberador.com\/index.php\/wp-json\/wp\/v2\/categories?post=5272"},{"taxonomy":"post_tag","embeddable":true,"href":"https:\/\/elliberador.com\/index.php\/wp-json\/wp\/v2\/tags?post=5272"}],"curies":[{"name":"wp","href":"https:\/\/api.w.org\/{rel}","templated":true}]}}