{"id":5299,"date":"2025-12-25T10:32:35","date_gmt":"2025-12-25T13:32:35","guid":{"rendered":"https:\/\/elliberador.com\/?p=5299"},"modified":"2025-12-25T10:32:37","modified_gmt":"2025-12-25T13:32:37","slug":"teodelina-el-profe-sanfilippo-de-lla-rechazo-cobrar-sueldo-de-concejal-y-pidio-informes-sobre-la-planta-municipal","status":"publish","type":"post","link":"https:\/\/elliberador.com\/index.php\/2025\/12\/25\/teodelina-el-profe-sanfilippo-de-lla-rechazo-cobrar-sueldo-de-concejal-y-pidio-informes-sobre-la-planta-municipal\/","title":{"rendered":"Teodelina: el Profe Sanfilippo de LLA rechaz\u00f3 cobrar sueldo de concejal y pidi\u00f3 informes sobre la planta municipal"},"content":{"rendered":"\n<p>Durante el debate sobre el r\u00e9gimen de dietas, el Profe Sanfilippo vot\u00f3 en contra de percibir remuneraci\u00f3n por el cargo de concejal y manifest\u00f3 su voluntad de ejercer el cargo <strong>ad honorem<\/strong>, siempre que el marco provincial le permita <strong>seguir dando clases<\/strong> sin tener que pedir licencia ni resignar su trabajo como docente.<\/p>\n\n\n\n<p>El mensaje fue directo: <strong>cada peso que no va a privilegios pol\u00edticos puede quedarse en la gente o usarse para bajar impuestos<\/strong>. En tiempos donde la pol\u00edtica parece vivir de espaldas a la realidad, la decisi\u00f3n fue bien recibida por muchos vecinos que reclaman austeridad y coherencia entre discurso y hechos.<\/p>\n\n\n\n<p>Aunque la postura no fue acompa\u00f1ada por la mayor\u00eda del cuerpo, Sanfilippo <strong>cumpli\u00f3 lo prometido en campa\u00f1a<\/strong> y dej\u00f3 sentada una posici\u00f3n que interpela a todo el sistema pol\u00edtico local.<\/p>\n\n\n\n<h3 class=\"wp-block-heading\">Control y transparencia: pedir cuentas no es atacar<\/h3>\n\n\n\n<p>En paralelo, el concejal present\u00f3 un <strong>Proyecto de Comunicaci\u00f3n \u2013 Pedido de Informes<\/strong> dirigido al Departamento Ejecutivo Municipal, amparado en la <strong>Ley Org\u00e1nica de Municipalidades N.\u00ba 2756<\/strong> y el Reglamento Interno del Concejo.<\/p>\n\n\n\n<p>La iniciativa solicita que, en un plazo de <strong>15 d\u00edas<\/strong>, el Ejecutivo detalle la situaci\u00f3n de la <strong>planta municipal<\/strong>:<\/p>\n\n\n\n<ul class=\"wp-block-list\">\n<li>n\u00f3mina de empleados<\/li>\n\n\n\n<li>antig\u00fcedad<\/li>\n\n\n\n<li>\u00e1rea y funci\u00f3n<\/li>\n\n\n\n<li>salario mensual<\/li>\n\n\n\n<li>tipo de contrataci\u00f3n<\/li>\n\n\n\n<li>porcentaje de asistencia durante <strong>2024 y 2025<\/strong><\/li>\n\n\n\n<li>licencias vigentes, con o sin goce de haberes<\/li>\n<\/ul>\n\n\n\n<p>Desde su entorno explicaron que el pedido responde a una <strong>falta de informaci\u00f3n p\u00fablica accesible<\/strong> y a la convicci\u00f3n de que <strong>los vecinos tienen derecho a saber c\u00f3mo se administra cada peso de sus impuestos<\/strong>.<\/p>\n\n\n\n<h3 class=\"wp-block-heading\">Menos relato, m\u00e1s datos<\/h3>\n\n\n\n<p>Lejos de cualquier confrontaci\u00f3n est\u00e9ril, el pedido fue presentado como una <strong>herramienta institucional de control<\/strong>, esencial en una rep\u00fablica. Transparencia no es un slogan: es <strong>mostrar los n\u00fameros<\/strong>, ordenar la administraci\u00f3n y <strong>terminar con zonas grises<\/strong> que siempre paga el contribuyente.<\/p>\n\n\n\n<h3 class=\"wp-block-heading\">Una se\u00f1al clara para el Concejo<\/h3>\n\n\n\n<p>Con estas dos decisiones iniciales, el Profe Sanfilippo marca un rumbo n\u00edtido dentro del Concejo Deliberante:<\/p>\n\n\n\n<ul class=\"wp-block-list\">\n<li><strong>rechazo a los privilegios pol\u00edticos<\/strong><\/li>\n\n\n\n<li><strong>control del gasto<\/strong><\/li>\n\n\n\n<li><strong>transparencia real<\/strong><\/li>\n\n\n\n<li><strong>defensa del dinero de los vecinos<\/strong><\/li>\n<\/ul>\n\n\n\n<p>En tiempos donde la pol\u00edtica discute c\u00f3mo gastar m\u00e1s, <strong>Sanfilippo plantea lo contrario<\/strong>: gastar menos en la casta, administrar mejor y <strong>devolverle al ciudadano lo que es suyo<\/strong>, ya sea en servicios reales o en <strong>menos presi\u00f3n impositiva<\/strong>.<\/p>\n","protected":false},"excerpt":{"rendered":"<p>En sus primeras decisiones como concejal, David Sanfilippo, referente de La Libertad Avanza en Teodelina, dej\u00f3 una definici\u00f3n pol\u00edtica clara y poco habitual: rechaz\u00f3 cobrar la dieta y promovi\u00f3 un pedido de informes integral sobre la planta municipal. Dos gestos que expresan un mismo esp\u00edritu: menos Estado para la pol\u00edtica, m\u00e1s recursos en el bolsillo de los vecinos.<\/p>\n","protected":false},"author":2,"featured_media":5340,"comment_status":"open","ping_status":"open","sticky":false,"template":"","format":"standard","meta":{"_acf_changed":false,"advanced_seo_description":"","jetpack_seo_html_title":"","jetpack_seo_noindex":false,"_jetpack_memberships_contains_paid_content":false,"footnotes":""},"categories":[4],"tags":[628,20,635,135,627],"class_list":["post-5299","post","type-post","status-publish","format-standard","has-post-thumbnail","hentry","category-politica","tag-david-sanfilippo","tag-destacados","tag-el-profe-sanfilippo","tag-romina-diez","tag-teodelina"],"acf":[],"jetpack_featured_media_url":"https:\/\/elliberador.com\/wp-content\/uploads\/2025\/12\/Sanfilippo1-e1766669491583.jpg","jetpack_sharing_enabled":true,"_links":{"self":[{"href":"https:\/\/elliberador.com\/index.php\/wp-json\/wp\/v2\/posts\/5299","targetHints":{"allow":["GET"]}}],"collection":[{"href":"https:\/\/elliberador.com\/index.php\/wp-json\/wp\/v2\/posts"}],"about":[{"href":"https:\/\/elliberador.com\/index.php\/wp-json\/wp\/v2\/types\/post"}],"author":[{"embeddable":true,"href":"https:\/\/elliberador.com\/index.php\/wp-json\/wp\/v2\/users\/2"}],"replies":[{"embeddable":true,"href":"https:\/\/elliberador.com\/index.php\/wp-json\/wp\/v2\/comments?post=5299"}],"version-history":[{"count":2,"href":"https:\/\/elliberador.com\/index.php\/wp-json\/wp\/v2\/posts\/5299\/revisions"}],"predecessor-version":[{"id":5341,"href":"https:\/\/elliberador.com\/index.php\/wp-json\/wp\/v2\/posts\/5299\/revisions\/5341"}],"wp:featuredmedia":[{"embeddable":true,"href":"https:\/\/elliberador.com\/index.php\/wp-json\/wp\/v2\/media\/5340"}],"wp:attachment":[{"href":"https:\/\/elliberador.com\/index.php\/wp-json\/wp\/v2\/media?parent=5299"}],"wp:term":[{"taxonomy":"category","embeddable":true,"href":"https:\/\/elliberador.com\/index.php\/wp-json\/wp\/v2\/categories?post=5299"},{"taxonomy":"post_tag","embeddable":true,"href":"https:\/\/elliberador.com\/index.php\/wp-json\/wp\/v2\/tags?post=5299"}],"curies":[{"name":"wp","href":"https:\/\/api.w.org\/{rel}","templated":true}]}}