{"id":5364,"date":"2025-12-25T23:26:56","date_gmt":"2025-12-26T02:26:56","guid":{"rendered":"https:\/\/elliberador.com\/?p=5364"},"modified":"2025-12-25T23:53:34","modified_gmt":"2025-12-26T02:53:34","slug":"ee-uu-bombardeo-a-terroristas-de-isis-en-el-noroeste-de-nigeria-por-pedido-del-gobierno-nigeriano","status":"publish","type":"post","link":"https:\/\/elliberador.com\/index.php\/2025\/12\/25\/ee-uu-bombardeo-a-terroristas-de-isis-en-el-noroeste-de-nigeria-por-pedido-del-gobierno-nigeriano\/","title":{"rendered":"EE.UU. bombarde\u00f3 a terroristas de ISIS en el noroeste de Nigeria por pedido del gobierno nigeriano"},"content":{"rendered":"\n<p><\/p>\n\n\n\n<p>Estados Unidos lanz\u00f3 <strong>ataques a\u00e9reos<\/strong> contra <strong>militantes del Estado Isl\u00e1mico<\/strong> en el estado de <strong>Sokoto<\/strong>, en el noroeste de Nigeria, en una operaci\u00f3n coordinada con Abuja y realizada \u2014seg\u00fan el Comando \u00c1frica (AFRICOM)\u2014 <strong>a pedido del gobierno nigeriano<\/strong>. Donald Trump comunic\u00f3 la ofensiva desde Truth Social y sostuvo que el grupo ven\u00eda <strong>atacando comunidades cristianas<\/strong> en la regi\u00f3n.<\/p>\n\n\n\n<p>La decisi\u00f3n llega despu\u00e9s de semanas en las que Nigeria volvi\u00f3 a ser noticia internacional por una combinaci\u00f3n explosiva: <strong>secuestros masivos en escuelas<\/strong>, ataques a iglesias y una inseguridad extendida como un fen\u00f3meno que cubre gran parte del norte del pa\u00eds, con <strong>bandas armadas (\u201cbandits\u201d)<\/strong> y, en otras zonas, <strong>insurgencias yihadistas<\/strong>. <\/p>\n\n\n\n<figure class=\"wp-block-image size-full\"><img fetchpriority=\"high\" decoding=\"async\" width=\"580\" height=\"599\" src=\"https:\/\/elliberador.com\/wp-content\/uploads\/2025\/12\/G9DdYADXgAAhuha-1.png\" alt=\"\" class=\"wp-image-5371\" srcset=\"https:\/\/elliberador.com\/wp-content\/uploads\/2025\/12\/G9DdYADXgAAhuha-1.png 580w, https:\/\/elliberador.com\/wp-content\/uploads\/2025\/12\/G9DdYADXgAAhuha-1-290x300.png 290w\" sizes=\"(max-width: 580px) 100vw, 580px\" \/><\/figure>\n\n\n\n<h3 class=\"wp-block-heading\">El contexto: secuestros en escuelas y ataques a civiles<\/h3>\n\n\n\n<p>En noviembre se report\u00f3 la <strong>abducci\u00f3n de m\u00e1s de 300 estudiantes<\/strong> de una <strong>escuela cat\u00f3lica<\/strong> en el noroeste (St Mary\u2019s School, en <strong>Niger state<\/strong>), uno de los episodios m\u00e1s graves desde el caso de las \u201cChibok girls\u201d de 2014.<br>En paralelo, el mismo informe describi\u00f3 otras acciones recientes: secuestro de alumnas en una escuela de Kebbi, ataques en Zamfara y un asalto a una iglesia con muertos y fieles raptados.<\/p>\n\n\n\n<h3 class=\"wp-block-heading\">Trump: de la amenaza a la ejecuci\u00f3n del ataque<\/h3>\n\n\n\n<p>Estas crisis y secuestros <strong>aumentaron la presi\u00f3n<\/strong> sobre el gobierno nigeriano luego de que Trump lanzara <strong>amenazas de acci\u00f3n militar<\/strong> por la violencia y por la persecuci\u00f3n a cristianos.<br>En la comunicaci\u00f3n sobre el bombardeo, Trump enmarc\u00f3 el operativo como respuesta a la escalada y dijo que EE.UU. no se quedar\u00eda de brazos cruzados.<\/p>\n\n\n\n<h3 class=\"wp-block-heading\">Qu\u00e9 se sabe del operativo<\/h3>\n\n\n\n<p>AFRICOM indic\u00f3 que el ataque impact\u00f3 en <strong>campamentos<\/strong> del Estado Isl\u00e1mico y que hubo <strong>\u201cm\u00faltiples\u201d terroristas abatidos<\/strong>. Desde fines de noviembre, EE.UU. ven\u00eda realizando <strong>vuelos de inteligencia<\/strong> sobre Nigeria, sugiriendo un trabajo previo de identificaci\u00f3n de blancos.<\/p>\n\n\n\n<h3 class=\"wp-block-heading\">Lectura El Liberador<\/h3>\n\n\n\n<p>Nigeria muestra el patr\u00f3n cl\u00e1sico de los estados que pierden control territorial: cuando la autoridad se retira, el vac\u00edo lo ocupan <strong>los m\u00e1s violentos<\/strong>, y el ciudadano queda a merced de secuestros, extorsi\u00f3n y terror. En ese escenario, la discusi\u00f3n real no es \u201crelato\u201d sino <strong>capacidad<\/strong>: inteligencia, fuerza, coordinaci\u00f3n y control de fronteras.<\/p>\n\n\n\n<p>Y en ese tablero, la ofensiva ordenada por Trump funciona como mensaje doble: hacia los terroristas, que ya no operan impunemente; y hacia los gobiernos locales, que sin cooperaci\u00f3n efectiva y sin recuperar territorio, seguir\u00e1n condenados a administrar tragedias recurrentes.<\/p>\n","protected":false},"excerpt":{"rendered":"<p>Trump confirm\u00f3 un ataque a\u00e9reo de Estados Unidos contra militantes del Estado Isl\u00e1mico en el noroeste de Nigeria, en una operaci\u00f3n realizada \u2014seg\u00fan AFRICOM\u2014 a pedido del gobierno nigeriano y con \u201cm\u00faltiples\u201d yihadistas abatidos. El bombardeo vuelve a poner en foco el avance del terrorismo en \u00c1frica occidental y la crisis de Estados desbordados, donde el vac\u00edo de autoridad lo ocupan los m\u00e1s violentos.<\/p>\n","protected":false},"author":2,"featured_media":5365,"comment_status":"open","ping_status":"open","sticky":false,"template":"","format":"standard","meta":{"_acf_changed":false,"advanced_seo_description":"","jetpack_seo_html_title":"","jetpack_seo_noindex":false,"_jetpack_memberships_contains_paid_content":false,"footnotes":""},"categories":[10],"tags":[494,20,91,255,84],"class_list":["post-5364","post","type-post","status-publish","format-standard","has-post-thumbnail","hentry","category-internacionales","tag-crisis-economica","tag-destacados","tag-eeuu","tag-nigeria","tag-trump"],"acf":[],"jetpack_featured_media_url":"https:\/\/elliberador.com\/wp-content\/uploads\/2025\/12\/monteverde-javkin-em-1.webp","jetpack_sharing_enabled":true,"_links":{"self":[{"href":"https:\/\/elliberador.com\/index.php\/wp-json\/wp\/v2\/posts\/5364","targetHints":{"allow":["GET"]}}],"collection":[{"href":"https:\/\/elliberador.com\/index.php\/wp-json\/wp\/v2\/posts"}],"about":[{"href":"https:\/\/elliberador.com\/index.php\/wp-json\/wp\/v2\/types\/post"}],"author":[{"embeddable":true,"href":"https:\/\/elliberador.com\/index.php\/wp-json\/wp\/v2\/users\/2"}],"replies":[{"embeddable":true,"href":"https:\/\/elliberador.com\/index.php\/wp-json\/wp\/v2\/comments?post=5364"}],"version-history":[{"count":3,"href":"https:\/\/elliberador.com\/index.php\/wp-json\/wp\/v2\/posts\/5364\/revisions"}],"predecessor-version":[{"id":5372,"href":"https:\/\/elliberador.com\/index.php\/wp-json\/wp\/v2\/posts\/5364\/revisions\/5372"}],"wp:featuredmedia":[{"embeddable":true,"href":"https:\/\/elliberador.com\/index.php\/wp-json\/wp\/v2\/media\/5365"}],"wp:attachment":[{"href":"https:\/\/elliberador.com\/index.php\/wp-json\/wp\/v2\/media?parent=5364"}],"wp:term":[{"taxonomy":"category","embeddable":true,"href":"https:\/\/elliberador.com\/index.php\/wp-json\/wp\/v2\/categories?post=5364"},{"taxonomy":"post_tag","embeddable":true,"href":"https:\/\/elliberador.com\/index.php\/wp-json\/wp\/v2\/tags?post=5364"}],"curies":[{"name":"wp","href":"https:\/\/api.w.org\/{rel}","templated":true}]}}