{"id":5545,"date":"2026-01-01T13:57:20","date_gmt":"2026-01-01T16:57:20","guid":{"rendered":"https:\/\/elliberador.com\/?p=5545"},"modified":"2026-01-01T14:00:03","modified_gmt":"2026-01-01T17:00:03","slug":"milei-quedo-segundo-en-la-votacion-de-lectores-de-the-telegraph-que-dice-el-ranking-y-por-que-incomoda-al-relato-estatista","status":"publish","type":"post","link":"https:\/\/elliberador.com\/index.php\/2026\/01\/01\/milei-quedo-segundo-en-la-votacion-de-lectores-de-the-telegraph-que-dice-el-ranking-y-por-que-incomoda-al-relato-estatista\/","title":{"rendered":"Milei segundo l\u00edder mundial m\u00e1s influyente seg\u00fan una votaci\u00f3n del prestigioso peri\u00f3dico brit\u00e1nico \u00abThe Telegraph\u00bb"},"content":{"rendered":"\n<p>El primer d\u00eda de 2026 trajo un dato pol\u00edtico que no deber\u00eda pasar como una an\u00e9cdota: <strong>Javier Milei fue elegido como el segundo l\u00edder m\u00e1s influyente del a\u00f1o por los lectores del diario brit\u00e1nico <em>The Telegraph<\/em><\/strong>, en una votaci\u00f3n abierta que \u2014seg\u00fan reportes replicados en Argentina\u2014 reuni\u00f3 <strong>m\u00e1s de 10.000 respuestas<\/strong>.<\/p>\n\n\n\n<p>El resultado no es menor por dos razones. La primera: Milei aparece en el podio de un medio extranjero con audiencia masiva, en un contexto donde la Argentina suele exportar \u201ccasos de estudio\u201d por su decadencia, no por su intento de correcci\u00f3n. La segunda: <strong>queda por delante de Donald Trump<\/strong>, un nombre que suele monopolizar este tipo de rankings medi\u00e1ticos.<\/p>\n\n\n\n<h2 class=\"wp-block-heading\">El top 5 de los lectores: qui\u00e9nes quedaron arriba (y qu\u00e9 representa cada figura)<\/h2>\n\n\n\n<p>De acuerdo a los listados difundidos por medios argentinos que accedieron al ranking, el <strong>orden de los lectores<\/strong> qued\u00f3 as\u00ed:<\/p>\n\n\n\n<ol class=\"wp-block-list\">\n<li><strong>Giorgia Meloni<\/strong><\/li>\n\n\n\n<li><strong>Javier Milei<\/strong><\/li>\n\n\n\n<li><strong>Donald Trump<\/strong><\/li>\n\n\n\n<li><strong>Volodymyr Zelensky<\/strong><\/li>\n\n\n\n<li><strong>Benjamin Netanyahu<\/strong> <\/li>\n<\/ol>\n\n\n\n<p>M\u00e1s all\u00e1 de simpat\u00edas, hay un hilo conductor: son figuras asociadas a <strong>decisiones de alto costo pol\u00edtico<\/strong>, disputas culturales intensas y, sobre todo, a la idea de \u201cliderazgo con conflicto\u201d. Es decir: el ranking no premia al bur\u00f3crata simp\u00e1tico; premia al que mueve el tablero.<\/p>\n\n\n\n<p>En ese mapa, Milei aparece como el caso \u201cnuevo\u201d: un presidente que lleg\u00f3 con mandato expl\u00edcito de <strong>reordenamiento fiscal y reformas pro-mercado<\/strong>, y que \u2014seg\u00fan la cobertura que se hizo eco del ranking\u2014 fue valorado por resultados econ\u00f3micos como la desinflaci\u00f3n y el super\u00e1vit.<\/p>\n\n\n\n<figure class=\"wp-block-gallery has-nested-images columns-default is-cropped wp-block-gallery-1 is-layout-flex wp-block-gallery-is-layout-flex\">\n<figure class=\"wp-block-image size-large\"><img fetchpriority=\"high\" decoding=\"async\" width=\"1024\" height=\"768\" data-id=\"5548\" src=\"https:\/\/elliberador.com\/wp-content\/uploads\/2026\/01\/OIP-21.webp\" alt=\"\" class=\"wp-image-5548\" srcset=\"https:\/\/elliberador.com\/wp-content\/uploads\/2026\/01\/OIP-21.webp 1024w, https:\/\/elliberador.com\/wp-content\/uploads\/2026\/01\/OIP-21-300x225.webp 300w, https:\/\/elliberador.com\/wp-content\/uploads\/2026\/01\/OIP-21-768x576.webp 768w\" sizes=\"(max-width: 1024px) 100vw, 1024px\" \/><figcaption class=\"wp-element-caption\">3. Donald Trump<\/figcaption><\/figure>\n\n\n\n<figure class=\"wp-block-image size-large\"><img decoding=\"async\" width=\"1024\" height=\"576\" data-id=\"5550\" src=\"https:\/\/elliberador.com\/wp-content\/uploads\/2026\/01\/230513154539-zelensky-rome-press-conference-051323-1024x576.jpg\" alt=\"\" class=\"wp-image-5550\" srcset=\"https:\/\/elliberador.com\/wp-content\/uploads\/2026\/01\/230513154539-zelensky-rome-press-conference-051323-1024x576.jpg 1024w, https:\/\/elliberador.com\/wp-content\/uploads\/2026\/01\/230513154539-zelensky-rome-press-conference-051323-300x169.jpg 300w, https:\/\/elliberador.com\/wp-content\/uploads\/2026\/01\/230513154539-zelensky-rome-press-conference-051323-768x432.jpg 768w, https:\/\/elliberador.com\/wp-content\/uploads\/2026\/01\/230513154539-zelensky-rome-press-conference-051323.jpg 1280w\" sizes=\"(max-width: 1024px) 100vw, 1024px\" \/><figcaption class=\"wp-element-caption\">4. <strong>Volodymyr Zelensky<\/strong><\/figcaption><\/figure>\n\n\n\n<figure class=\"wp-block-image size-large\"><img decoding=\"async\" width=\"474\" height=\"348\" data-id=\"5547\" src=\"https:\/\/elliberador.com\/wp-content\/uploads\/2026\/01\/OIP-20.webp\" alt=\"\" class=\"wp-image-5547\" srcset=\"https:\/\/elliberador.com\/wp-content\/uploads\/2026\/01\/OIP-20.webp 474w, https:\/\/elliberador.com\/wp-content\/uploads\/2026\/01\/OIP-20-300x220.webp 300w\" sizes=\"(max-width: 474px) 100vw, 474px\" \/><figcaption class=\"wp-element-caption\"><strong>Benjamin Netanyahu<\/strong> <\/figcaption><\/figure>\n\n\n\n<figure class=\"wp-block-image size-large\"><img loading=\"lazy\" decoding=\"async\" width=\"1024\" height=\"684\" data-id=\"5549\" src=\"https:\/\/elliberador.com\/wp-content\/uploads\/2026\/01\/R-17-1024x684.jpeg\" alt=\"\" class=\"wp-image-5549\" srcset=\"https:\/\/elliberador.com\/wp-content\/uploads\/2026\/01\/R-17-1024x684.jpeg 1024w, https:\/\/elliberador.com\/wp-content\/uploads\/2026\/01\/R-17-300x201.jpeg 300w, https:\/\/elliberador.com\/wp-content\/uploads\/2026\/01\/R-17-768x513.jpeg 768w, https:\/\/elliberador.com\/wp-content\/uploads\/2026\/01\/R-17.jpeg 1200w\" sizes=\"(max-width: 1024px) 100vw, 1024px\" \/><figcaption class=\"wp-element-caption\">1. Georgia Meloni<\/figcaption><\/figure>\n<\/figure>\n\n\n\n<h2 class=\"wp-block-heading\">Lectores vs \u201cpanel\u201d: el dato fino que explica la batalla cultural<\/h2>\n\n\n\n<p><em>The Telegraph<\/em> no solo public\u00f3 el veredicto popular: tambi\u00e9n lo compar\u00f3 con el de un <strong>panel<\/strong> (otra selecci\u00f3n paralela). Y ah\u00ed el contraste es revelador: en el listado de \u201cpanel\u201d, el 1\u00b0 lugar lo ocup\u00f3 <strong>Maia Sandu (Moldavia)<\/strong>; luego Meloni; Milei 3\u00b0; <strong>Ahmed al-Sharaa (Siria)<\/strong> 4\u00b0; y <strong>Hakainde Hichilema (Zambia)<\/strong> 5\u00b0.<\/p>\n\n\n\n<p>Traducci\u00f3n pol\u00edtica: <strong>los lectores premian impacto y direcci\u00f3n<\/strong>, mientras que los paneles suelen ponderar \u201cgobernabilidad\u201d y preferencias del establishment. Que Milei aparezca <strong>alto en ambos<\/strong> (2\u00b0 en lectores, 3\u00b0 en panel) sugiere que no es solo ruido: hay percepci\u00f3n de relevancia real, incluso fuera de la Argentina.<\/p>\n\n\n\n<h2 class=\"wp-block-heading\">Lo que irrita al estatismo: el mundo mira el experimento argentino<\/h2>\n\n\n\n<p>Para el relato estatista \u2014el partido del Estado disfrazado de distintos colores\u2014 este tipo de se\u00f1al internacional es inc\u00f3moda. Porque obliga a discutir lo que siempre intentan evitar: <strong>si el ajuste lo paga el ciudadano para sostener privilegios, es crueldad; si el ajuste corta privilegios para recomponer la econom\u00eda real, es reforma<\/strong>.<\/p>\n\n\n\n<p>El ranking no gobierna, claro. Pero marca clima. Y el clima que sugiere esta votaci\u00f3n es uno: <strong>afuera se sigue con atenci\u00f3n el intento de Milei de romper con d\u00e9cadas de pol\u00edtica de administraci\u00f3n de la decadencia<\/strong>.<\/p>\n","protected":false},"excerpt":{"rendered":"<p>El diario brit\u00e1nico The Telegraph arm\u00f3 una votaci\u00f3n abierta entre sus lectores para elegir a los l\u00edderes m\u00e1s influyentes del a\u00f1o. Javier Milei qued\u00f3 2\u00b0, detr\u00e1s de Giorgia Meloni y por delante de Donald Trump. El top 5 tambi\u00e9n incluy\u00f3 a Volodymyr Zelensky y Benjamin Netanyahu. Y, en paralelo, el propio medio compar\u00f3 ese veredicto popular con el de un \u201cpanel\u201d de especialistas.<\/p>\n","protected":false},"author":2,"featured_media":5546,"comment_status":"open","ping_status":"open","sticky":false,"template":"","format":"standard","meta":{"_acf_changed":false,"advanced_seo_description":"","jetpack_seo_html_title":"","jetpack_seo_noindex":false,"_jetpack_memberships_contains_paid_content":false,"footnotes":""},"categories":[10],"tags":[20,693,56,689,84,656],"class_list":["post-5545","post","type-post","status-publish","format-standard","has-post-thumbnail","hentry","category-internacionales","tag-destacados","tag-meloni","tag-milei","tag-the-telegraph","tag-trump","tag-zelensky"],"acf":[],"jetpack_featured_media_url":"https:\/\/elliberador.com\/wp-content\/uploads\/2026\/01\/milei.webp","jetpack_sharing_enabled":true,"_links":{"self":[{"href":"https:\/\/elliberador.com\/index.php\/wp-json\/wp\/v2\/posts\/5545","targetHints":{"allow":["GET"]}}],"collection":[{"href":"https:\/\/elliberador.com\/index.php\/wp-json\/wp\/v2\/posts"}],"about":[{"href":"https:\/\/elliberador.com\/index.php\/wp-json\/wp\/v2\/types\/post"}],"author":[{"embeddable":true,"href":"https:\/\/elliberador.com\/index.php\/wp-json\/wp\/v2\/users\/2"}],"replies":[{"embeddable":true,"href":"https:\/\/elliberador.com\/index.php\/wp-json\/wp\/v2\/comments?post=5545"}],"version-history":[{"count":2,"href":"https:\/\/elliberador.com\/index.php\/wp-json\/wp\/v2\/posts\/5545\/revisions"}],"predecessor-version":[{"id":5553,"href":"https:\/\/elliberador.com\/index.php\/wp-json\/wp\/v2\/posts\/5545\/revisions\/5553"}],"wp:featuredmedia":[{"embeddable":true,"href":"https:\/\/elliberador.com\/index.php\/wp-json\/wp\/v2\/media\/5546"}],"wp:attachment":[{"href":"https:\/\/elliberador.com\/index.php\/wp-json\/wp\/v2\/media?parent=5545"}],"wp:term":[{"taxonomy":"category","embeddable":true,"href":"https:\/\/elliberador.com\/index.php\/wp-json\/wp\/v2\/categories?post=5545"},{"taxonomy":"post_tag","embeddable":true,"href":"https:\/\/elliberador.com\/index.php\/wp-json\/wp\/v2\/tags?post=5545"}],"curies":[{"name":"wp","href":"https:\/\/api.w.org\/{rel}","templated":true}]}}