{"id":7492,"date":"2026-03-04T23:19:24","date_gmt":"2026-03-05T02:19:24","guid":{"rendered":"https:\/\/elliberador.com\/?p=7492"},"modified":"2026-03-04T23:30:15","modified_gmt":"2026-03-05T02:30:15","slug":"santa-fe-fuerzas-de-seguridad-se-autoconvocan-y-denuncian-el-falso-aumento-anunciado-por-maximiliano-pullaro","status":"publish","type":"post","link":"https:\/\/elliberador.com\/index.php\/2026\/03\/04\/santa-fe-fuerzas-de-seguridad-se-autoconvocan-y-denuncian-el-falso-aumento-anunciado-por-maximiliano-pullaro\/","title":{"rendered":"Santa Fe: fuerzas de seguridad se autoconvocan y denuncian el \u201cfalso aumento\u201d anunciado por Maximiliano Pullaro"},"content":{"rendered":"\n<p>Un malestar generalizado se sigue notando en la provincia de Santa Fe, todo el personal policial esperaba ansiosamente cobrar este mes de marzo para percibir el prometido aumento por el que arriesgaron sus carreras, pero la realidad les estall\u00f3 en la cara y decidieron manifestarse nuevamente mostrando su descontento con los oscuros manejos del gobierno provincial. <\/p>\n\n\n\n<p>La protesta, aseguran, no apunta a paralizar el servicio sino a visibilizar una situaci\u00f3n que describen como \u201cinsostenible\u201d.<\/p>\n\n\n\n<p>De la convocatoria participan trabajadores del IAPIP, Bomberos Zapadores, personal activo,pasivo y retirado de distintas unidades, grupos t\u00e9cnicos, zonas de inspecci\u00f3n, comisar\u00edas, Gabinete de Identificaciones, personal penitenciario, jubilados, administrativos y agentes de seguridad en general. La decisi\u00f3n es reunirse todos los d\u00edas a las 18 horas en sus jornadas francas, hasta obtener una respuesta concreta del Ejecutivo provincial.<\/p>\n\n\n\n<h3 class=\"wp-block-heading\">\u201cNo es como lo anunci\u00f3 el gobernador\u201d<\/h3>\n\n\n\n<p>Seg\u00fan los voceros del grupo, el incremento informado oficialmente <em>\u201cno es nada como se present\u00f3 p\u00fablicamente\u201d<\/em>. Denuncian que el supuesto aumento alcanza solo a<em> \u201cunos pocos seleccionados\u201d<\/em>, que es no bonificable y no remunerativo, y que no impacta en el salario b\u00e1sico.<\/p>\n\n\n\n<p><em>\u201cEl aumento no va al b\u00e1sico, cuando hay una ley que establece que todo incremento debe incorporarse al b\u00e1sico. El gobernador lo ignora\u201d<\/em>, sostienen. Adem\u00e1s, remarcan que incluso quienes fueron alcanzados por la suba la percibir\u00edan reci\u00e9n un mes despu\u00e9s.<\/p>\n\n\n\n<p>La situaci\u00f3n tambi\u00e9n afecta a los retirados, ya que al no tratarse de una mejora remunerativa, no impacta en los haberes jubilatorios.<em> \u201cNos vuelven a dejar afuera\u201d<\/em>, expresaron.<\/p>\n\n\n\n<h3 class=\"wp-block-heading\">Divisi\u00f3n interna y tensi\u00f3n creciente<\/h3>\n\n\n\n<p>En el Servicio Penitenciario la medida gener\u00f3 una fuerte divisi\u00f3n: algunos agentes recibieron una mejora parcial mientras otros quedaron excluidos, lo que \u2014seg\u00fan los manifestantes\u2014 \u201cenfrenta al propio personal\u201d. \u201cSe hizo una divisi\u00f3n innecesaria. Esto genera bronca y fractura interna\u201d, advierten.<\/p>\n\n\n\n<p>Las cr\u00edticas tambi\u00e9n apuntan al desconocimiento de la realidad operativa. <em>\u201cEl gobernador no sabe c\u00f3mo funciona esto\u201d<\/em>, afirman desde la autoconvocatoria.<\/p>\n\n\n\n<p class=\"has-medium-font-size\"><strong>Salud mental subestimada<\/strong><\/p>\n\n\n\n<p>Otro punto que remarcan con preocupaci\u00f3n es la ausencia total de pol\u00edticas de salud mental dentro de la fuerza. Denuncian que no cuentan con atenci\u00f3n ni contenci\u00f3n psicol\u00f3gica real, ni en instancias preventivas ni despu\u00e9s de atravesar situaciones cr\u00edticas. <em>\u201cNo hay acompa\u00f1amiento, no hay seguimiento, no hay nada\u201d<\/em>, aseguran. Relatan que en el d\u00eda a d\u00eda enfrentan escenas violentas, accidentes, conflictos familiares extremos y hechos traum\u00e1ticos que dejan secuelas, pero deben seguir trabajando como si nada hubiera pasado. Ante esa falta de respaldo institucional, explican que la \u00fanica red de contenci\u00f3n termina siendo entre ellos mismos: compa\u00f1eros que se escuchan, se cubren y se sostienen como pueden, en un contexto que describen como de desgaste emocional permanente. <\/p>\n\n\n\n<p>A esa realidad se suma que deben cargar con ese peso psicol\u00f3gico mientras sobreviven a un d\u00eda a d\u00eda extremadamente agotador. Jornadas extensas, guardias rotativas, falta de recursos, viajes sin descanso y la presi\u00f3n constante de intervenir en situaciones l\u00edmite conforman un escenario de desgaste f\u00edsico continuo. Sin respaldo profesional ni espacios formales de contenci\u00f3n, aseguran que la lucha no es solo salarial, sino tambi\u00e9n por condiciones humanas b\u00e1sicas que les permitan sostener la tarea sin quebrarse en el intento.<\/p>\n\n\n\n<h3 class=\"wp-block-heading\">Reclamo salarial y advertencia social<\/h3>\n\n\n\n<p>Actualmente, se\u00f1alan, la mayor\u00eda del personal percibe alrededor de $900.000, independientemente de contar con m\u00e1s de 12 a\u00f1os de antig\u00fcedad. \u201cQueremos que nuestros a\u00f1os de servicio valgan la pena\u201d, remarcan.<\/p>\n\n\n\n<p>Si bien descartan medidas de fuerza que afecten el servicio :<em> \u201cno es la idea frenar m\u00f3viles ni dejar de trabajar, solo queremos que nos dejen de tomar el pelo\u201d<\/em>, advierten que el descontento generalizado puede tener consecuencias. <em>\u201cEs un riesgo para la sociedad que los polic\u00edas no tengan incentivos. No quieren arriesgar sus vidas por dos monedas\u201d<\/em>, expresaron.<\/p>\n\n\n\n<p>En ese marco, anticiparon que podr\u00edan sumarse a las manifestaciones del personal de salud y educaci\u00f3n, sectores que tambi\u00e9n atraviesan conflictos salariales en la provincia.<\/p>\n\n\n\n<p>Por ahora, la modalidad ser\u00e1 pac\u00edfica y en horarios francos. Pero el mensaje es claro: <strong>las fuerzas de seguridad ya no conf\u00edan en los anuncios oficiales y exigen una recomposici\u00f3n real que impacte en el salario b\u00e1sico y en los haberes de activos y retirados por igual.<\/strong><\/p>\n\n\n\n<p><\/p>\n","protected":false},"excerpt":{"rendered":"<p>Un creciente malestar atraviesa a las fuerzas de seguridad de la provincia. Personal activo y pasivo de distintas \u00e1reas se autoconvoc\u00f3 tras resultar falso el aumento salarial anunciado por el gobernador Maximiliano Pullaro.<\/p>\n","protected":false},"author":2,"featured_media":7496,"comment_status":"open","ping_status":"open","sticky":false,"template":"","format":"standard","meta":{"_acf_changed":false,"advanced_seo_description":"","jetpack_seo_html_title":"","jetpack_seo_noindex":false,"_jetpack_memberships_contains_paid_content":false,"footnotes":""},"categories":[36],"tags":[20],"class_list":["post-7492","post","type-post","status-publish","format-standard","has-post-thumbnail","hentry","category-seguridad","tag-destacados"],"acf":[],"jetpack_featured_media_url":"https:\/\/elliberador.com\/wp-content\/uploads\/2026\/03\/Gemini_Generated_Image_n5zrmgn5zrmgn5zr-e1772677799367.png","jetpack_sharing_enabled":true,"_links":{"self":[{"href":"https:\/\/elliberador.com\/index.php\/wp-json\/wp\/v2\/posts\/7492","targetHints":{"allow":["GET"]}}],"collection":[{"href":"https:\/\/elliberador.com\/index.php\/wp-json\/wp\/v2\/posts"}],"about":[{"href":"https:\/\/elliberador.com\/index.php\/wp-json\/wp\/v2\/types\/post"}],"author":[{"embeddable":true,"href":"https:\/\/elliberador.com\/index.php\/wp-json\/wp\/v2\/users\/2"}],"replies":[{"embeddable":true,"href":"https:\/\/elliberador.com\/index.php\/wp-json\/wp\/v2\/comments?post=7492"}],"version-history":[{"count":1,"href":"https:\/\/elliberador.com\/index.php\/wp-json\/wp\/v2\/posts\/7492\/revisions"}],"predecessor-version":[{"id":7494,"href":"https:\/\/elliberador.com\/index.php\/wp-json\/wp\/v2\/posts\/7492\/revisions\/7494"}],"wp:featuredmedia":[{"embeddable":true,"href":"https:\/\/elliberador.com\/index.php\/wp-json\/wp\/v2\/media\/7496"}],"wp:attachment":[{"href":"https:\/\/elliberador.com\/index.php\/wp-json\/wp\/v2\/media?parent=7492"}],"wp:term":[{"taxonomy":"category","embeddable":true,"href":"https:\/\/elliberador.com\/index.php\/wp-json\/wp\/v2\/categories?post=7492"},{"taxonomy":"post_tag","embeddable":true,"href":"https:\/\/elliberador.com\/index.php\/wp-json\/wp\/v2\/tags?post=7492"}],"curies":[{"name":"wp","href":"https:\/\/api.w.org\/{rel}","templated":true}]}}