{"id":7521,"date":"2026-03-07T19:02:30","date_gmt":"2026-03-07T22:02:30","guid":{"rendered":"https:\/\/elliberador.com\/?p=7521"},"modified":"2026-03-07T19:09:35","modified_gmt":"2026-03-07T22:09:35","slug":"romina-diez-desembarco-en-exactas-rosario-para-respaldar-a-universitarios-por-la-libertad-y-enfrentar-el-adoctrinamiento","status":"publish","type":"post","link":"https:\/\/elliberador.com\/index.php\/2026\/03\/07\/romina-diez-desembarco-en-exactas-rosario-para-respaldar-a-universitarios-por-la-libertad-y-enfrentar-el-adoctrinamiento\/","title":{"rendered":"Romina Diez desembarc\u00f3 en Exactas Rosario para respaldar a \u201cUniversitarios por la Libertad\u201d y enfrentar el adoctrinamiento"},"content":{"rendered":"\n<p>La diputada nacional <strong>Romina Diez<\/strong> visit\u00f3 la <strong>Facultad de Ciencias Exactas, Ingenier\u00eda y Agrimensura (FCEIA) de la UNR<\/strong> para acompa\u00f1ar a la juventud libertaria que lanz\u00f3 la agrupaci\u00f3n <strong>\u201cUniversitarios por la Libertad\u201d (UPL)<\/strong>, con el objetivo de disputar el control de los centros de estudiantes y terminar con su uso como caja pol\u00edtica y aparato militante.<\/p>\n\n\n\n<p>En un video difundido en redes, Diez plante\u00f3 que los estudiantes que se organizan bajo UPL contar\u00e1n con respaldo para dar pelea contra el <strong>adoctrinamiento<\/strong> y la utilizaci\u00f3n partidaria de \u00e1mbitos educativos, una pr\u00e1ctica instalada desde hace d\u00e9cadas y que, por primera vez, encuentra una respuesta pol\u00edtica n\u00edtida desde el poder nacional. En la actividad, la diputada fue expl\u00edcita: <strong>\u201cVenimos a dar una pelea clave: enfrentar a los gerentes del adoctrinamiento y terminar con el uso pol\u00edtico de los centros de estudiantes\u201d<\/strong>, y remarc\u00f3 que deben \u201cvolver a estar en manos de los estudiantes\u201d.<\/p>\n\n\n\n<p>La visita tambi\u00e9n funcion\u00f3 como puesta en escena de la nueva camada legislativa de La Libertad Avanza en Santa Fe: Diez estuvo acompa\u00f1ada por los diputados nacionales <strong>Agust\u00edn Pellegrini<\/strong> \u2014quien <strong>encabez\u00f3 la lista libertaria<\/strong> en la \u00faltima elecci\u00f3n legislativa\u2014 y <strong>Valentina Ravera<\/strong>, que tiene el r\u00e9cord de ser la diputada nacional m\u00e1s joven en la historia argentina.<\/p>\n\n\n\n<p>UPL se presenta como un armado estudiantil para \u201cliberar la universidad\u201d de la l\u00f3gica corporativa y del reparto de poder que, hist\u00f3ricamente, dominaron radicales, socialistas y peronistas: distintos sellos del mismo \u201cpartido del Estado\u201d disfrazado de distintos colores. La apuesta es trasladar al \u00e1mbito universitario la agenda de <strong>La Libertad Avanza<\/strong> y el respaldo al rumbo del <strong>presidente Javier Milei<\/strong>, en un a\u00f1o donde se eligen autoridades y se reordenan fuerzas dentro de varias facultades.<\/p>\n","protected":false},"excerpt":{"rendered":"<p>Romina Diez visit\u00f3 Exactas Rosario para respaldar el nacimiento de \u201cUniversitarios por la Libertad\u201d y prometi\u00f3 apoyo pol\u00edtico contra el adoctrinamiento en las aulas. Acompa\u00f1ada por Agust\u00edn Pellegrini y Valentina Ravera, La Libertad Avanza busca disputar los centros de estudiantes y romper d\u00e9cadas de control del aparato universitario.<\/p>\n","protected":false},"author":2,"featured_media":7522,"comment_status":"open","ping_status":"open","sticky":false,"template":"","format":"standard","meta":{"_acf_changed":false,"advanced_seo_description":"","jetpack_seo_html_title":"","jetpack_seo_noindex":false,"_jetpack_memberships_contains_paid_content":false,"footnotes":""},"categories":[4],"tags":[1198,20,56,135,1197],"class_list":["post-7521","post","type-post","status-publish","format-standard","has-post-thumbnail","hentry","category-politica","tag-adoctrinamiento","tag-destacados","tag-milei","tag-romina-diez","tag-upl"],"acf":[],"jetpack_featured_media_url":"https:\/\/elliberador.com\/wp-content\/uploads\/2026\/03\/Juventud-UPL-Romina.webp","jetpack_sharing_enabled":true,"_links":{"self":[{"href":"https:\/\/elliberador.com\/index.php\/wp-json\/wp\/v2\/posts\/7521","targetHints":{"allow":["GET"]}}],"collection":[{"href":"https:\/\/elliberador.com\/index.php\/wp-json\/wp\/v2\/posts"}],"about":[{"href":"https:\/\/elliberador.com\/index.php\/wp-json\/wp\/v2\/types\/post"}],"author":[{"embeddable":true,"href":"https:\/\/elliberador.com\/index.php\/wp-json\/wp\/v2\/users\/2"}],"replies":[{"embeddable":true,"href":"https:\/\/elliberador.com\/index.php\/wp-json\/wp\/v2\/comments?post=7521"}],"version-history":[{"count":3,"href":"https:\/\/elliberador.com\/index.php\/wp-json\/wp\/v2\/posts\/7521\/revisions"}],"predecessor-version":[{"id":7525,"href":"https:\/\/elliberador.com\/index.php\/wp-json\/wp\/v2\/posts\/7521\/revisions\/7525"}],"wp:featuredmedia":[{"embeddable":true,"href":"https:\/\/elliberador.com\/index.php\/wp-json\/wp\/v2\/media\/7522"}],"wp:attachment":[{"href":"https:\/\/elliberador.com\/index.php\/wp-json\/wp\/v2\/media?parent=7521"}],"wp:term":[{"taxonomy":"category","embeddable":true,"href":"https:\/\/elliberador.com\/index.php\/wp-json\/wp\/v2\/categories?post=7521"},{"taxonomy":"post_tag","embeddable":true,"href":"https:\/\/elliberador.com\/index.php\/wp-json\/wp\/v2\/tags?post=7521"}],"curies":[{"name":"wp","href":"https:\/\/api.w.org\/{rel}","templated":true}]}}