{"id":7531,"date":"2026-03-07T21:25:37","date_gmt":"2026-03-08T00:25:37","guid":{"rendered":"https:\/\/elliberador.com\/?p=7531"},"modified":"2026-03-07T21:25:39","modified_gmt":"2026-03-08T00:25:39","slug":"trump-lanza-el-shield-of-the-americas-cumbre-en-miami-para-una-coalicion-hemisferica-contra-carteles","status":"publish","type":"post","link":"https:\/\/elliberador.com\/index.php\/2026\/03\/07\/trump-lanza-el-shield-of-the-americas-cumbre-en-miami-para-una-coalicion-hemisferica-contra-carteles\/","title":{"rendered":"Trump lanza el \u201cShield of the Americas\u201d: cumbre en Miami para una coalici\u00f3n hemisf\u00e9rica contra carteles"},"content":{"rendered":"\n<h3 class=\"wp-block-heading\">Qu\u00e9 es \u201cShield of the Americas\u201d y por qu\u00e9 importa<\/h3>\n\n\n\n<p>La cumbre \u201cShield of the Americas\u201d (\u201cEscudo de las Am\u00e9ricas\u201d) fue presentada como el puntapi\u00e9 de una arquitectura de cooperaci\u00f3n regional enfocada en <strong>crimen organizado, control fronterizo e inmigraci\u00f3n ilegal<\/strong>, con un \u00e9nfasis expl\u00edcito en la lucha contra <strong>carteles y bandas transnacionales<\/strong>.<\/p>\n\n\n\n<p>En sus intervenciones, Trump plante\u00f3 la idea de una <strong>\u201ccounter-cartel coalition\u201d<\/strong> (coalici\u00f3n antic\u00e1rteles), compar\u00e1ndola con coaliciones internacionales de seguridad de a\u00f1os anteriores, y ubic\u00f3 al fen\u00f3meno narco como un problema hemisf\u00e9rico que desborda fronteras y erosiona la soberan\u00eda de los Estados.<\/p>\n\n\n\n<h3 class=\"wp-block-heading\">Qui\u00e9nes fueron invitados y qui\u00e9nes participaron<\/h3>\n\n\n\n<p>La foto pol\u00edtica del encuentro se explica, sobre todo, por la <strong>lista de participantes<\/strong>: gobiernos que hoy aparecen alineados con una agenda de orden interno, cooperaci\u00f3n en seguridad y sinton\u00eda con Washington.<\/p>\n\n\n\n<ul class=\"wp-block-list\">\n<li><strong>Argentina:<\/strong> Javier Milei<\/li>\n\n\n\n<li><strong>Bolivia:<\/strong> Rodrigo Paz Pereira<\/li>\n\n\n\n<li><strong>Chile:<\/strong> Jos\u00e9 Antonio Kast (presidente electo)<\/li>\n\n\n\n<li><strong>Costa Rica:<\/strong> Rodrigo Chaves Robles<\/li>\n\n\n\n<li><strong>Rep\u00fablica Dominicana:<\/strong> Luis Abinader<\/li>\n\n\n\n<li><strong>Ecuador:<\/strong> Daniel Noboa<\/li>\n\n\n\n<li><strong>El Salvador:<\/strong> Nayib Bukele<\/li>\n\n\n\n<li><strong>Guyana:<\/strong> Mohamed Irfaan Ali<\/li>\n\n\n\n<li><strong>Honduras:<\/strong> Nasry Asfura<\/li>\n\n\n\n<li><strong>Panam\u00e1:<\/strong> Jos\u00e9 Ra\u00fal Mulino<\/li>\n\n\n\n<li><strong>Paraguay:<\/strong> Santiago Pe\u00f1a<\/li>\n\n\n\n<li><strong>Trinidad y Tobago:<\/strong> Kamla Persad-Bissessar (primer ministra)<\/li>\n<\/ul>\n\n\n\n<p>En paralelo, distintos an\u00e1lisis remarcaron <strong>ausencias de peso<\/strong> en la regi\u00f3n: M\u00e9xico y Brasil (y tambi\u00e9n Colombia, en otras coberturas), un dato que anticipa una tensi\u00f3n estructural para cualquier estrategia regional integral contra el narcotr\u00e1fico, dado el rol de rutas, puertos y cadenas log\u00edsticas.<\/p>\n\n\n\n<figure class=\"wp-block-image size-large\"><img fetchpriority=\"high\" decoding=\"async\" width=\"1024\" height=\"682\" src=\"https:\/\/elliberador.com\/wp-content\/uploads\/2026\/03\/trump-milei-shield-americas-1024x682.jpeg\" alt=\"\" class=\"wp-image-7533\" srcset=\"https:\/\/elliberador.com\/wp-content\/uploads\/2026\/03\/trump-milei-shield-americas-1024x682.jpeg 1024w, https:\/\/elliberador.com\/wp-content\/uploads\/2026\/03\/trump-milei-shield-americas-300x200.jpeg 300w, https:\/\/elliberador.com\/wp-content\/uploads\/2026\/03\/trump-milei-shield-americas-768x512.jpeg 768w, https:\/\/elliberador.com\/wp-content\/uploads\/2026\/03\/trump-milei-shield-americas.jpeg 1280w\" sizes=\"(max-width: 1024px) 100vw, 1024px\" \/><\/figure>\n\n\n\n<h3 class=\"wp-block-heading\">Milei en la cumbre: se\u00f1al pol\u00edtica y agenda compartida<\/h3>\n\n\n\n<p>La participaci\u00f3n del presidente Javier Milei no fue un detalle protocolar. Para la Casa Rosada, el \u201cShield of the Americas\u201d fue presentado como un proyecto orientado a <strong>\u201clibertad, seguridad y prosperidad\u201d<\/strong> en el continente, y Milei asisti\u00f3 como uno de los socios pol\u00edticos m\u00e1s n\u00edtidos de Washington en Sudam\u00e9rica.<\/p>\n\n\n\n<p>En t\u00e9rminos geopol\u00edticos, Argentina busca consolidar un perfil de <strong>aliado confiable<\/strong> en un tablero donde la seguridad (narco, terrorismo, crimen transnacional) vuelve a mezclarse con la econom\u00eda (inversiones, comercio, financiamiento) y con la disputa de influencia global.<\/p>\n\n\n\n<h3 class=\"wp-block-heading\">El rol de Rubio, Hegseth y la \u201cenviada especial\u201d Noem<\/h3>\n\n\n\n<p>El encuentro tambi\u00e9n funcion\u00f3 como vidriera del equipo de seguridad y pol\u00edtica exterior de Washington. En la cobertura del evento se menciona la participaci\u00f3n del secretario de Estado <strong>Marco Rubio<\/strong> y del secretario de Defensa <strong>Pete Hegseth<\/strong>, ambos alineados con la idea de \u201cpriorizar el hemisferio occidental\u201d.<\/p>\n\n\n\n<p>Adem\u00e1s, se formaliz\u00f3 la presencia de <strong>Kristi Noem<\/strong> como \u201cspecial envoy\u201d (enviada especial) vinculada a la iniciativa, asociando la agenda antic\u00e1rteles con herramientas de seguridad fronteriza e inteligencia.<\/p>\n\n\n\n<h3 class=\"wp-block-heading\">El sentido de la cumbre: Occidente se reordena en el patio trasero<\/h3>\n\n\n\n<p>El \u201cShield of the Americas\u201d es, en esencia, <strong>una se\u00f1al de reordenamiento occidental en el continente<\/strong>: coordinaci\u00f3n entre gobiernos dispuestos a endurecer pol\u00edticas contra el crimen organizado y a marcar distancia con el eje ideol\u00f3gico que, durante dos d\u00e9cadas, relativiz\u00f3 seguridad, fronteras y Estado de derecho en nombre de consignas \u201cprogresistas\u201d.<\/p>\n\n\n\n<p>En ese marco, Trump aprovech\u00f3 la escena para elevar el tono contra <strong>reg\u00edmenes adversarios<\/strong> y deslizar definiciones sobre el tablero caribe\u00f1o: en Miami afirm\u00f3 que <strong>Cuba busca negociar<\/strong> con su gobierno y con Rubio, en un mensaje que apunta a debilitar a las \u00faltimas dictaduras de la regi\u00f3n en el plano pol\u00edtico y econ\u00f3mico.<\/p>\n\n\n\n<p>Al mismo tiempo, la cumbre se ley\u00f3 como parte de una doctrina hemisf\u00e9rica que algunos describen como \u201cDonroe Doctrine\u201d, una relectura del principio de zona de influencia en el continente, ahora atravesada por el avance de China y por la expansi\u00f3n del narco como factor de desestabilizaci\u00f3n.<\/p>\n\n\n\n<figure class=\"wp-block-video\"><video height=\"720\" style=\"aspect-ratio: 1280 \/ 720;\" width=\"1280\" controls src=\"https:\/\/elliberador.com\/wp-content\/uploads\/2026\/03\/TWMate.com-7758ca2b927eab646f376d50291b1871.mp4\"><\/video><\/figure>\n\n\n\n<h3 class=\"wp-block-heading\">Lo que viene: oportunidades, riesgos y una grieta regional<\/h3>\n\n\n\n<p>Para los pa\u00edses que se alinean con la iniciativa, el beneficio inmediato es claro: <strong>cooperaci\u00f3n operativa<\/strong>, intercambio de informaci\u00f3n, coordinaci\u00f3n contra organizaciones criminales y respaldo pol\u00edtico internacional en un tema que ya no es \u201cpolicial\u201d, sino estrat\u00e9gico.<\/p>\n\n\n\n<p>Pero tambi\u00e9n aparecen l\u00edmites: si los grandes actores regionales quedan afuera, la coalici\u00f3n puede convertirse en un <strong>bloque ideol\u00f3gico eficiente para la foto<\/strong>, pero incompleto para atacar cadenas de suministro, lavado y rutas transnacionales. Esa tensi\u00f3n \u2014cooperaci\u00f3n entre \u201cafines\u201d vs. eficacia regional\u2014 ser\u00e1 la prueba real del \u201cEscudo de las Am\u00e9ricas\u201d.<\/p>\n","protected":false},"excerpt":{"rendered":"<p>En Trump National Doral (Miami), el presidente de Estados Unidos reuni\u00f3 a una docena de gobiernos aliados de Am\u00e9rica Latina y el Caribe \u2014con Javier Milei entre los invitados\u2014 para presentar una iniciativa de seguridad regional con dos ejes: ofensiva coordinada contra el narcotr\u00e1fico y freno a la influencia de potencias extrahemisf\u00e9ricas.<\/p>\n","protected":false},"author":2,"featured_media":7532,"comment_status":"open","ping_status":"open","sticky":false,"template":"","format":"standard","meta":{"_acf_changed":false,"advanced_seo_description":"","jetpack_seo_html_title":"","jetpack_seo_noindex":false,"_jetpack_memberships_contains_paid_content":false,"footnotes":""},"categories":[36],"tags":[20,694,56,1199],"class_list":["post-7531","post","type-post","status-publish","format-standard","has-post-thumbnail","hentry","category-seguridad","tag-destacados","tag-donald-trump","tag-milei","tag-shield-of-the-americas"],"acf":[],"jetpack_featured_media_url":"https:\/\/elliberador.com\/wp-content\/uploads\/2026\/03\/Trump-shield-americas.webp","jetpack_sharing_enabled":true,"_links":{"self":[{"href":"https:\/\/elliberador.com\/index.php\/wp-json\/wp\/v2\/posts\/7531","targetHints":{"allow":["GET"]}}],"collection":[{"href":"https:\/\/elliberador.com\/index.php\/wp-json\/wp\/v2\/posts"}],"about":[{"href":"https:\/\/elliberador.com\/index.php\/wp-json\/wp\/v2\/types\/post"}],"author":[{"embeddable":true,"href":"https:\/\/elliberador.com\/index.php\/wp-json\/wp\/v2\/users\/2"}],"replies":[{"embeddable":true,"href":"https:\/\/elliberador.com\/index.php\/wp-json\/wp\/v2\/comments?post=7531"}],"version-history":[{"count":1,"href":"https:\/\/elliberador.com\/index.php\/wp-json\/wp\/v2\/posts\/7531\/revisions"}],"predecessor-version":[{"id":7535,"href":"https:\/\/elliberador.com\/index.php\/wp-json\/wp\/v2\/posts\/7531\/revisions\/7535"}],"wp:featuredmedia":[{"embeddable":true,"href":"https:\/\/elliberador.com\/index.php\/wp-json\/wp\/v2\/media\/7532"}],"wp:attachment":[{"href":"https:\/\/elliberador.com\/index.php\/wp-json\/wp\/v2\/media?parent=7531"}],"wp:term":[{"taxonomy":"category","embeddable":true,"href":"https:\/\/elliberador.com\/index.php\/wp-json\/wp\/v2\/categories?post=7531"},{"taxonomy":"post_tag","embeddable":true,"href":"https:\/\/elliberador.com\/index.php\/wp-json\/wp\/v2\/tags?post=7531"}],"curies":[{"name":"wp","href":"https:\/\/api.w.org\/{rel}","templated":true}]}}