{"id":7539,"date":"2026-03-09T10:14:11","date_gmt":"2026-03-09T13:14:11","guid":{"rendered":"https:\/\/elliberador.com\/?p=7539"},"modified":"2026-03-09T10:14:40","modified_gmt":"2026-03-09T13:14:40","slug":"escandalo-en-la-plata-el-militante-k-que-trabajaba-en-el-organismo-de-ninez-bonaerense-acusado-de-violar-a-chicos-de-un-hogar","status":"publish","type":"post","link":"https:\/\/elliberador.com\/index.php\/2026\/03\/09\/escandalo-en-la-plata-el-militante-k-que-trabajaba-en-el-organismo-de-ninez-bonaerense-acusado-de-violar-a-chicos-de-un-hogar\/","title":{"rendered":"Esc\u00e1ndalo en La Plata: el militante K que trabajaba en el Organismo de Ni\u00f1ez bonaerense, acusado de violar a chicos de un hogar"},"content":{"rendered":"\n<p><\/p>\n\n\n\n<p>La detenci\u00f3n de <strong>Gustavo Adolfo Docters (33)<\/strong> ha provocado un fuerte impacto en el \u00e1mbito pol\u00edtico e institucional de la provincia de Buenos Aires. El acusado, un reconocido <strong>militante del kirchnerismo platense<\/strong> que se desempe\u00f1aba en el <strong>Organismo Provincial de la Ni\u00f1ez y Adolescencia<\/strong>, fue capturado bajo cargos de <strong>abuso sexual con acceso carnal, corrupci\u00f3n de menores y abuso sexual gravemente ultrajante<\/strong>.<\/p>\n\n\n\n<p>Docters utilizaba su cargo p\u00fablico y su inserci\u00f3n en espacios de militancia para ganar la confianza de j\u00f3venes en situaci\u00f3n de extrema vulnerabilidad en el <strong>Hogar del Padre Cajade<\/strong>, transformando un lugar de protecci\u00f3n en un escenario de abusos que duraron a\u00f1os.<\/p>\n\n\n\n<h2 class=\"wp-block-heading\">Extorsi\u00f3n y perfiles falsos: el m\u00e9todo de captura<\/h2>\n\n\n\n<p>La investigaci\u00f3n, a cargo del fiscal <strong>\u00c1lvaro Garganta<\/strong>, revel\u00f3 que el acusado no solo se val\u00eda de su autoridad f\u00edsica, sino que desplegaba complejas maniobras digitales. Una de las v\u00edctimas denunci\u00f3 que Docters cre\u00f3 una <strong>identidad femenina ficticia en Facebook<\/strong> para seducirlo y obtener material \u00edntimo.<\/p>\n\n\n\n<p>Una vez logrado el \u00abenganche\u00bb, el perfil falso comenzaba a extorsionar al joven: le exig\u00eda que mantuviera relaciones sexuales con \u00abGustavo\u00bb (el propio Docters) bajo la amenaza de difundir las fotos. El joven descubri\u00f3 el enga\u00f1o al encontrar el celular personal del acusado con la sesi\u00f3n del perfil falso iniciada.<\/p>\n\n\n\n<h2 class=\"wp-block-heading\">Poder pol\u00edtico y vulnerabilidad social<\/h2>\n\n\n\n<p>El fiscal Garganta hizo hincapi\u00e9 en la asimetr\u00eda de poder que Docters ejerc\u00eda sobre sus v\u00edctimas. Como <strong>empleado bonaerense<\/strong>, manejaba recursos y asistencia que utilizaba para generar dependencia:<\/p>\n\n\n\n<ul class=\"wp-block-list\">\n<li><strong>Asistencia condicionada:<\/strong> Entregaba mercader\u00eda a las familias de los menores para afianzar un v\u00ednculo de deuda y \u00abgratitud\u00bb.<\/li>\n\n\n\n<li><strong>Manipulaci\u00f3n ideol\u00f3gica y afectiva:<\/strong> Se presentaba como un \u00abreferente\u00bb y protector, aislando a los j\u00f3venes de sus v\u00ednculos familiares y sentimentales para tener control total sobre ellos.<\/li>\n\n\n\n<li><strong>Abuso de la \u00abchapa\u00bb estatal:<\/strong> Su pertenencia al Organismo de Ni\u00f1ez le daba una p\u00e1tina de legitimidad que dificultaba que las v\u00edctimas se animaran a denunciarlo.<\/li>\n<\/ul>\n\n\n\n<blockquote class=\"wp-block-quote is-layout-flow wp-block-quote-is-layout-flow\">\n<p>\u00abSe aprovech\u00f3 de su historia de vida, la cual era plenamente conocida por el imputado, y de tratarse de alguien a quien la v\u00edctima ve\u00eda como un amigo y un referente\u00bb, se\u00f1al\u00f3 la fiscal\u00eda.<\/p>\n<\/blockquote>\n\n\n\n<h2 class=\"wp-block-heading\">El silencio del acusado<\/h2>\n\n\n\n<p>Tras ser detenido en la casa de su madre, Docters <strong>se neg\u00f3 a declarar<\/strong>. El Ministerio de Desarrollo de la Comunidad bonaerense procedi\u00f3 a su desvinculaci\u00f3n inmediata, mientras la justicia platense perita los dispositivos electr\u00f3nicos secuestrados para determinar si existen m\u00e1s v\u00edctimas vinculadas a su paso por el Organismo de Ni\u00f1ez o por otros centros de contenci\u00f3n provincial.<\/p>\n\n\n\n<h2 class=\"wp-block-heading\">Un patr\u00f3n cada vez mas evidente<\/h2>\n\n\n\n<p>Es realmente impactante la <strong>recurrencia sistem\u00e1tica<\/strong> de estos perfiles dentro del <strong>kirchnerismo<\/strong>. Ya no se trata de incidentes aislados, sino de lo que parece ser una <strong>permeabilidad estructural<\/strong>: sectores que, bajo el paraguas de la \u00abmilitancia social\u00bb y la \u00abprotecci\u00f3n de derechos\u00bb, terminan convirti\u00e9ndose en el h\u00e1bitat ideal para quienes buscan camuflar sus instintos tras una chapa oficial.<\/p>\n\n\n\n<p>La pregunta que la pol\u00edtica bonaerense evita responder es por qu\u00e9 estos personajes encuentran siempre <strong>puertas abiertas, cargos p\u00fablicos y defensa corporativa<\/strong> en los mismos pasillos. El patr\u00f3n es tan evidente que el discurso de la \u00abinclusi\u00f3n\u00bb ha quedado reducido a un envoltorio para la impunidad. Existe una l\u00f3gica de pertenencia donde la lealtad partidaria parece actuar como un salvoconducto que ciega a los organismos de control, permitiendo que el lobo no solo cuide el reba\u00f1o, sino que reciba un sueldo del Estado para hacerlo.<\/p>\n\n\n\n<p>Este caso se encadena de forma natural con el denominado \u00abmodelo Alperovich\u00bb, donde la condena al exgobernador y referente hist\u00f3rico del espacio por el abuso sexual de su propia sobrina dej\u00f3 al desnudo c\u00f3mo el poder feudal es utilizado como una herramienta de sometimiento absoluto. En la misma l\u00ednea de impunidad se inscribe el caso de Fernando Espinoza, el intendente de La Matanza y pieza clave del armado bonaerense, quien permanece procesado por abuso sexual bajo un silencio ensordecedor y c\u00f3mplice de sus pares, quienes prefieren la lealtad partidaria antes que la \u00e9tica elemental.<\/p>\n\n\n\n<p>Esta degradaci\u00f3n se vuelve a\u00fan m\u00e1s evidente con figuras como el periodista militante <strong>Ezequiel Guazzora<\/strong>, cuya detenci\u00f3n por abuso sexual de una menor y su vinculaci\u00f3n con una red de trata terminaron de demoler cualquier pretensi\u00f3n de superioridad moral del espacio. Guazzora, quien se mostraba en la primera l\u00ednea de la defensa del modelo, representa el ejemplo perfecto de c\u00f3mo el discurso p\u00fablico se utiliza para encubrir conductas privadas aberrantes. Estos antecedentes de violencia grupal y \u00abmilitante\u00bb, como el caso de los siete hombres que abusaron de una mujer en contextos de actividad pol\u00edtica, exponen una cultura interna de cosificaci\u00f3n y desprecio por la integridad humana.<\/p>\n\n\n\n<p>Todo este entramado de abusos se sostiene sobre una base de corrupci\u00f3n estructural: el robo sistem\u00e1tico de fondos p\u00fablicos y la defraudaci\u00f3n al Estado que, seg\u00fan ha probado la justicia en diversas instancias, funcion\u00f3 como el motor de una estructura pol\u00edtica dise\u00f1ada para financiar y proteger a estos mismos cuadros que hoy, uno tras otro, terminan enfrentando sus deudas con la ley tras las rejas.<\/p>\n","protected":false},"excerpt":{"rendered":"<p>Gustavo Docters, empleado de la Provincia, est\u00e1 detenido por abusos sistem\u00e1ticos en el Hogar del Padre Cajade. La trama incluye extorsi\u00f3n mediante perfiles falsos y una perversa manipulaci\u00f3n de su rol institucional.<\/p>\n","protected":false},"author":2,"featured_media":7540,"comment_status":"open","ping_status":"open","sticky":false,"template":"","format":"standard","meta":{"_acf_changed":false,"advanced_seo_description":"","jetpack_seo_html_title":"","jetpack_seo_noindex":false,"_jetpack_memberships_contains_paid_content":false,"footnotes":""},"categories":[59],"tags":[1204,69,20,1201],"class_list":["post-7539","post","type-post","status-publish","format-standard","has-post-thumbnail","hentry","category-justicia","tag-alperovich","tag-cfk","tag-destacados","tag-guazzora"],"acf":[],"jetpack_featured_media_url":"https:\/\/elliberador.com\/wp-content\/uploads\/2026\/03\/Captura-de-pantalla-2026-03-09-100219.webp","jetpack_sharing_enabled":true,"_links":{"self":[{"href":"https:\/\/elliberador.com\/index.php\/wp-json\/wp\/v2\/posts\/7539","targetHints":{"allow":["GET"]}}],"collection":[{"href":"https:\/\/elliberador.com\/index.php\/wp-json\/wp\/v2\/posts"}],"about":[{"href":"https:\/\/elliberador.com\/index.php\/wp-json\/wp\/v2\/types\/post"}],"author":[{"embeddable":true,"href":"https:\/\/elliberador.com\/index.php\/wp-json\/wp\/v2\/users\/2"}],"replies":[{"embeddable":true,"href":"https:\/\/elliberador.com\/index.php\/wp-json\/wp\/v2\/comments?post=7539"}],"version-history":[{"count":1,"href":"https:\/\/elliberador.com\/index.php\/wp-json\/wp\/v2\/posts\/7539\/revisions"}],"predecessor-version":[{"id":7541,"href":"https:\/\/elliberador.com\/index.php\/wp-json\/wp\/v2\/posts\/7539\/revisions\/7541"}],"wp:featuredmedia":[{"embeddable":true,"href":"https:\/\/elliberador.com\/index.php\/wp-json\/wp\/v2\/media\/7540"}],"wp:attachment":[{"href":"https:\/\/elliberador.com\/index.php\/wp-json\/wp\/v2\/media?parent=7539"}],"wp:term":[{"taxonomy":"category","embeddable":true,"href":"https:\/\/elliberador.com\/index.php\/wp-json\/wp\/v2\/categories?post=7539"},{"taxonomy":"post_tag","embeddable":true,"href":"https:\/\/elliberador.com\/index.php\/wp-json\/wp\/v2\/tags?post=7539"}],"curies":[{"name":"wp","href":"https:\/\/api.w.org\/{rel}","templated":true}]}}