{"id":7587,"date":"2026-03-10T18:26:02","date_gmt":"2026-03-10T21:26:02","guid":{"rendered":"https:\/\/elliberador.com\/?p=7587"},"modified":"2026-03-10T18:26:04","modified_gmt":"2026-03-10T21:26:04","slug":"estados-unidos-promete-el-dia-mas-intenso-de-bombardeos-contra-iran","status":"publish","type":"post","link":"https:\/\/elliberador.com\/index.php\/2026\/03\/10\/estados-unidos-promete-el-dia-mas-intenso-de-bombardeos-contra-iran\/","title":{"rendered":"Estados Unidos promete el d\u00eda m\u00e1s intenso de bombardeos contra Ir\u00e1n"},"content":{"rendered":"\n<p>Washington no viene a negociar. El secretario de Defensa estadounidense, <strong>Pete Hegseth<\/strong>, advirti\u00f3 este martes que se avecina la <strong>jornada m\u00e1s intensa de ataques contra Ir\u00e1n<\/strong> desde el inicio de la ofensiva militar ordenada por el presidente <strong>Donald Trump<\/strong>. El mensaje es claro: el tiempo de los \u00abacuerdos vergonzosos\u00bb y la diplomacia de rodillas termin\u00f3.<\/p>\n\n\n\n<p>La administraci\u00f3n Trump, fiel a su promesa de campa\u00f1a de restaurar el respeto por Estados Unidos en el mundo, ha desplegado una operaci\u00f3n militar sin precedentes contra el r\u00e9gimen de los ayatol\u00e1s. Esta nueva fase de bombardeos masivos busca acabar de una vez por todas con la amenaza nuclear iran\u00ed y su red de terrorismo proxy que durante d\u00e9cadas ha sembrado caos en Medio Oriente.<\/p>\n\n\n\n<h2 class=\"wp-block-heading\"><strong>De las palabras a los hechos<\/strong><\/h2>\n\n\n\n<p>Mientras los progresistas del mundo \u2014y sus aliados locales en la oposici\u00f3n argentina\u2014 siguen llorando por la \u00abdiplomacia\u00bb y el \u00abmultilateralismo\u00bb, Trump act\u00faa. La ofensiva actual supera incluso la Operaci\u00f3n Martillo de Medianoche de junio pasado, cuando bombarderos furtivos B-2 Spirit destruyeron las instalaciones nucleares de Fordow y Natanz con las poderosas bombas GBU-57 MOP, capaces de penetrar 80 metros de monta\u00f1a.<\/p>\n\n\n\n<p>Ahora, el Pent\u00e1gono promete <strong>escalar a\u00fan m\u00e1s<\/strong> los ataques. No m\u00e1s advertencias. No m\u00e1s sanciones in\u00fatiles. Acci\u00f3n directa contra quienes financian el terrorismo isl\u00e1mico y amenazan a Israel, nuestro principal aliado en la regi\u00f3n.<\/p>\n\n\n\n<h2 class=\"wp-block-heading\"><strong>El mensaje a Teher\u00e1n: rendici\u00f3n incondicional o destrucci\u00f3n<\/strong><\/h2>\n\n\n\n<p>Trump ya fue claro semanas atr\u00e1s: Ir\u00e1n tiene dos opciones, un acuerdo que implique el desmantelamiento total de su programa nuclear o enfrentar consecuencias militares devastadoras. El r\u00e9gimen iran\u00ed, acostumbrado a los gobiernos d\u00e9biles de Biden y Obama que les entregaban billones de d\u00f3lares en efectivo a cambio de promesas rotas, se encontr\u00f3 con una pared de plomo.<\/p>\n\n\n\n<p>\u00ab<strong>Preferir\u00eda tener un Acuerdo que no tenerlo, pero si no llegamos a un Acuerdo, ser\u00e1 un d\u00eda muy malo para ese Pa\u00eds<\/strong>\u00ab, advirti\u00f3 el presidente estadounidense en sus redes sociales.<\/p>\n\n\n\n<h2 class=\"wp-block-heading\"><strong>Consecuencias globales: el fin del multilateralismo progresista<\/strong><\/h2>\n\n\n\n<p>Esta operaci\u00f3n marca el fin definitivo de la era de la \u00abcomunidad internacional\u00bb progresista, ese club de burocratas de la ONU y l\u00edderes europeos que durante a\u00f1os miraron para otro lado mientras Ir\u00e1n avanzaba hacia la bomba at\u00f3mica. China ya sali\u00f3 a pedir \u00abmoderaci\u00f3n\u00bb \u2014traducci\u00f3n: que EEUU deje de defenderse\u2014 mientras sus empresas violan sanciones comerciales con Teher\u00e1n.<\/p>\n\n\n\n<p>La realidad es simple: <strong>solo la fuerza disuade a los tiranos<\/strong>. La administraci\u00f3n Trump lo entiende. Los hut\u00edes yemen\u00edes, esos \u00abrebeldes\u00bb que tanto defienden los medios progresistas, ya sintieron el peso de los bombardeos estadounidenses cuando intentaron bloquear el Mar Rojo. Ahora le toca a sus amos iran\u00edes.<\/p>\n\n\n\n<h2 class=\"wp-block-heading\"><strong>Lo que esto significa para Argentina<\/strong><\/h2>\n\n\n\n<p>Mientras el mundo civilizado aplaude la decisi\u00f3n de Trump de enfrentar al terrorismo isl\u00e1mico con determinaci\u00f3n, aqu\u00ed en Argentina seguimos esperando que nuestros pol\u00edticos dejen de robar y empiecen a gobernar. La misma izquierda que defiende al r\u00e9gimen iran\u00ed \u2014esa que cuestiona la condena a los terroristas de AMIA\u2014 seguramente saldr\u00e1 a llorar \u00abimperialismo\u00bb ante estos bombardeos.<\/p>\n\n\n\n<p>Pero los argentinos de bien sabemos la verdad: <strong>Ir\u00e1n es responsable del atentado m\u00e1s sangriento de nuestra historia<\/strong>. Cada bomba que cae sobre Teher\u00e1n es justicia tard\u00eda para las v\u00edctimas de la AMIA. Cada instalaci\u00f3n nuclear destruida es una amenaza menos contra el mundo libre.<\/p>\n\n\n\n<p>El presidente <strong>Javier Milei<\/strong> tiene raz\u00f3n alinearse con Trump y Occidente. No hay neutralidad posible frente al mal. O est\u00e1s con los defensores de la libertad, o est\u00e1s con los terroristas.<\/p>\n","protected":false},"excerpt":{"rendered":"<p>El Pent\u00e1gono anticipa una jornada de fuego sin precedentes mientras la administraci\u00f3n Trump acelera la ofensiva contra el r\u00e9gimen terrorista de Teher\u00e1n<\/p>\n","protected":false},"author":2,"featured_media":7588,"comment_status":"open","ping_status":"open","sticky":false,"template":"","format":"standard","meta":{"_acf_changed":false,"advanced_seo_description":"","jetpack_seo_html_title":"","jetpack_seo_noindex":false,"_jetpack_memberships_contains_paid_content":false,"footnotes":""},"categories":[10],"tags":[20,694,695,587,1211],"class_list":["post-7587","post","type-post","status-publish","format-standard","has-post-thumbnail","hentry","category-internacionales","tag-destacados","tag-donald-trump","tag-ee-uu","tag-iran","tag-pete-hegseth"],"acf":[],"jetpack_featured_media_url":"https:\/\/elliberador.com\/wp-content\/uploads\/2026\/03\/Pete-Hegseth.avif","jetpack_sharing_enabled":true,"_links":{"self":[{"href":"https:\/\/elliberador.com\/index.php\/wp-json\/wp\/v2\/posts\/7587","targetHints":{"allow":["GET"]}}],"collection":[{"href":"https:\/\/elliberador.com\/index.php\/wp-json\/wp\/v2\/posts"}],"about":[{"href":"https:\/\/elliberador.com\/index.php\/wp-json\/wp\/v2\/types\/post"}],"author":[{"embeddable":true,"href":"https:\/\/elliberador.com\/index.php\/wp-json\/wp\/v2\/users\/2"}],"replies":[{"embeddable":true,"href":"https:\/\/elliberador.com\/index.php\/wp-json\/wp\/v2\/comments?post=7587"}],"version-history":[{"count":1,"href":"https:\/\/elliberador.com\/index.php\/wp-json\/wp\/v2\/posts\/7587\/revisions"}],"predecessor-version":[{"id":7589,"href":"https:\/\/elliberador.com\/index.php\/wp-json\/wp\/v2\/posts\/7587\/revisions\/7589"}],"wp:featuredmedia":[{"embeddable":true,"href":"https:\/\/elliberador.com\/index.php\/wp-json\/wp\/v2\/media\/7588"}],"wp:attachment":[{"href":"https:\/\/elliberador.com\/index.php\/wp-json\/wp\/v2\/media?parent=7587"}],"wp:term":[{"taxonomy":"category","embeddable":true,"href":"https:\/\/elliberador.com\/index.php\/wp-json\/wp\/v2\/categories?post=7587"},{"taxonomy":"post_tag","embeddable":true,"href":"https:\/\/elliberador.com\/index.php\/wp-json\/wp\/v2\/tags?post=7587"}],"curies":[{"name":"wp","href":"https:\/\/api.w.org\/{rel}","templated":true}]}}