{"id":7590,"date":"2026-03-10T18:55:12","date_gmt":"2026-03-10T21:55:12","guid":{"rendered":"https:\/\/elliberador.com\/?p=7590"},"modified":"2026-03-10T18:55:14","modified_gmt":"2026-03-10T21:55:14","slug":"milei-pisa-fuerte-en-wall-street-abriendo-el-argentina-week-con-record-de-asistencia-de-inversores-globales","status":"publish","type":"post","link":"https:\/\/elliberador.com\/index.php\/2026\/03\/10\/milei-pisa-fuerte-en-wall-street-abriendo-el-argentina-week-con-record-de-asistencia-de-inversores-globales\/","title":{"rendered":"Milei pisa fuerte en Wall Street abriendo el \u00abArgentina Week\u00bb con r\u00e9cord de asistencia de inversores globales"},"content":{"rendered":"\n<p>NUEVA YORK.- Mientras la izquierda argentina sigue lloriqueando desde sus c\u00f3modas oficinas sindicales y los medios progresistas intentan minimizar la gesti\u00f3n, <strong>Javier Milei<\/strong> pis\u00f3 fuerte en el coraz\u00f3n financiero del mundo. En la flamante sede de <strong>JP Morgan Chase<\/strong> en Park Avenue, el Presidente inaugur\u00f3 la <strong>Argentina Week 2026<\/strong>, el mayor <em>road show<\/em> de inversiones de nuestra historia reciente, y dej\u00f3 un mensaje cristalino: <strong>se termin\u00f3 la Argentina de los curros y los privilegios corporativos<\/strong>.<\/p>\n\n\n\n<p>Con <strong>golpes de pu\u00f1o en el atril<\/strong> \u2014esa pasi\u00f3n que los pol\u00edticos profesionales detestan porque les recuerda que hay alguien que realmente cree en lo que dice\u2014 Milei defendi\u00f3 el <strong>capitalismo de verdad<\/strong>, no el de los amigos del poder. \u00abLa moral como pol\u00edtica de Estado\u00bb, esa frase que los analistas de caf\u00e9 con leche no entienden, se convirti\u00f3 en el eje de su discurso ante m\u00e1s de <strong>300 empresarios, CEOs globales y representantes de fondos de inversi\u00f3n<\/strong>.<\/p>\n\n\n\n<h2 class=\"wp-block-heading\">El mensaje que incomod\u00f3 a los \u00abempresarios\u00bb de siempre<\/h2>\n\n\n\n<p>Mientras los gobernadores de la oposici\u00f3n \u2014esos que luego votan en contra de bajar impuestos en sus provincias\u2014 sonre\u00edan para las c\u00e1maras, Milei apunt\u00f3 directo contra el <strong>empresariado prebendario<\/strong> que durante d\u00e9cadas se enriqueci\u00f3 a costa del Estado. Nombr\u00f3 con nombre y apellido a <strong>Paolo Rocca (Techint)<\/strong> y <strong>Javier Madanes Quintanilla (Fate-Aluar)<\/strong>, esos \u00abcapitanes de industria\u00bb que en realidad eran capitanes de la obra p\u00fablica ama\u00f1ada y los subsidios millonarios.<\/p>\n\n\n\n<p>\u00ab<strong>Se termin\u00f3 la Argentina corrupta<\/strong>\u00ab, advirti\u00f3 el Presidente. Y tiene raz\u00f3n. Mientras los progresistas lloran porque Milei \u00abinsulta a los empresarios\u00bb, los verdaderos inversores globales \u2014los que no necesitan del Estado para ganar plata\u2014 aplaudieron de pie.<\/p>\n\n\n\n<p>La reacci\u00f3n de algunos banqueros locales, esos que nunca arriesgaron un peso propio sin garant\u00eda estatal, fue previsible: \u00abFue innecesario, no me gust\u00f3 esa parte\u00bb, se quej\u00f3 uno a los medios. Claro, les duele que alguien les corte la curva de la mano.<\/p>\n\n\n\n<h2 class=\"wp-block-heading\">Wall Street elige a Milei: los CEOs globales respaldan la alianza con Trump<\/h2>\n\n\n\n<p>Pero lo que realmente importa es lo que piensan quienes traen d\u00f3lares reales, no pesos devaluados. Y ah\u00ed, la respuesta fue contundente. <strong>Lynn Martin<\/strong>, presidenta del <strong>New York Stock Exchange<\/strong>, dej\u00f3 en claro qui\u00e9n manda: \u00ab<strong>Milei fue incre\u00edblemente sabio al identificar a Estados Unidos como un aliado<\/strong>\u00ab.<\/p>\n\n\n\n<p>El emprendedor argentino <strong>Mart\u00edn Varsavsky<\/strong>, <strong>Andrew McDonald<\/strong> (presidente de Uber) y <strong>Jim Fitterling<\/strong> (CEO de Dow) coincidieron: la alianza estrat\u00e9gica con la administraci\u00f3n <strong>Donald Trump<\/strong> es el mejor activo que tiene la Argentina hoy.<\/p>\n\n\n\n<p>\u00ab<strong>Milei es un buen modelo para lo que queremos en los otros 74 pa\u00edses en los que operamos: desregulaci\u00f3n y regulaci\u00f3n pro-empresa<\/strong>\u00ab, afirm\u00f3 McDonald, mientras Fitterling destacaba que \u00ab<strong>la Argentina y Estados Unidos tienen demasiado en com\u00fan como para no ser aliados<\/strong>\u00ab.<\/p>\n\n\n\n<p>Esto es lo que los kirchneristas no perdonan: que el mundo real, el de los negocios y el progreso, mire a la Argentina con esperanza por primera vez en d\u00e9cadas. Mientras ellos defend\u00edan a Maduro y a los reg\u00edmenes dictatoriales, Milei se alinea con las potencias que generan riqueza y empleo.<\/p>\n\n\n\n<figure class=\"wp-block-image size-full\"><img fetchpriority=\"high\" decoding=\"async\" width=\"843\" height=\"474\" src=\"https:\/\/elliberador.com\/wp-content\/uploads\/2026\/03\/Milei-y-Jamie-Dimon.png\" alt=\"\" class=\"wp-image-7592\" srcset=\"https:\/\/elliberador.com\/wp-content\/uploads\/2026\/03\/Milei-y-Jamie-Dimon.png 843w, https:\/\/elliberador.com\/wp-content\/uploads\/2026\/03\/Milei-y-Jamie-Dimon-300x169.png 300w, https:\/\/elliberador.com\/wp-content\/uploads\/2026\/03\/Milei-y-Jamie-Dimon-768x432.png 768w\" sizes=\"(max-width: 843px) 100vw, 843px\" \/><figcaption class=\"wp-element-caption\">El presidente Milei con el CEO de J.P. Morgan Jamie Dimon<\/figcaption><\/figure>\n\n\n\n<h2 class=\"wp-block-heading\">La comitiva que incomoda: 11 gobernadores buscando inversiones que luego rechazan<\/h2>\n\n\n\n<p>Curiosamente, en el evento tambi\u00e9n participaron <strong>once gobernadores provinciales<\/strong> \u2014desde radicales como <strong>Alfredo Cornejo<\/strong> hasta peronistas como <strong>Ra\u00fal Jalil<\/strong>\u2014 todos buscando inversiones para sus distritos. La iron\u00eda es may\u00fascula: son los mismos que en sus legislaturas provinciales <strong>votan contra la reducci\u00f3n del gasto pol\u00edtico, bloquean la privatizaci\u00f3n de empresas estatales deficitarias y defienden el empleo p\u00fablico inflado<\/strong>.<\/p>\n\n\n\n<p>Aqu\u00ed no hay grieta: cuando se trata de traer d\u00f3lares, todos quieren foto con Milei. Pero cuando toca ajustar el d\u00e9ficit de sus propias provincias, ah\u00ed s\u00ed son \u00abautonomistas\u00bb y \u00abdefensores de la federalismo\u00bb. La hipocres\u00eda del establishment provincial al descubierto.<\/p>\n\n\n\n<h2 class=\"wp-block-heading\">Moral vs. Corrupci\u00f3n: la batalla cultural en Wall Street<\/h2>\n\n\n\n<p>Milei fue m\u00e1s all\u00e1 de la econom\u00eda. En la <strong>Universidad Yeshiva<\/strong>, ante la comunidad jud\u00eda, se declar\u00f3 <strong>\u00abel presidente m\u00e1s sionista del mundo\u00bb<\/strong> y afirm\u00f3 que <strong>\u00abvamos a ganar la guerra\u00bb<\/strong> contra el terrorismo isl\u00e1mico. Mientras tanto, firm\u00f3 la extradici\u00f3n del terrorista chileno <strong>Galvarino Apablaza<\/strong>, un gesto claro hacia el nuevo gobierno de <strong>Antonio Kast<\/strong> en Chile.<\/p>\n\n\n\n<p>Esta es la diferencia entre un estadista y un pol\u00edtico: Milei entiende que la econom\u00eda no se separa de la moral, ni de la geopol\u00edtica. No se puede pedir inversi\u00f3n extranjera mientras se defiende a Ir\u00e1n en la ONU. No se puede hablar de Estado de Derecho mientras se protege a terroristas.<\/p>\n\n\n\n<h2 class=\"wp-block-heading\">El final del relato<\/h2>\n\n\n\n<p>La Argentina Week es la demostraci\u00f3n concreta de que el modelo Milei funciona. No es teor\u00eda: son <strong>US$500 millones de inversi\u00f3n de Techint<\/strong> (s\u00ed, la misma que critic\u00f3, porque el capital no tiene ideolog\u00eda, solo busca rentabilidad en un pa\u00eds estable), son los <strong>US$20.000 millones del swap con la Reserva Federal<\/strong>, es el respaldo del FMI negociado con Washington.<\/p>\n\n\n\n<p>Mientras tanto, la oposici\u00f3n sigue sin entender nada. <strong>Cristina Kirchner<\/strong>, desde su c\u00f3moda prisi\u00f3n domiciliaria, sigue intentando torpedear la justicia en la causa de los Cuadernos. Los sindicalistas amenazan con paros que ya no asustan a nadie. Los \u00abempresarios nacionales\u00bb lloran porque se les acab\u00f3 el negocio de la importaci\u00f3n trucha y el d\u00f3lar diferencial.<\/p>\n\n\n\n<p><strong>El Liberador<\/strong> estuvo presente en cada momento de esta transformaci\u00f3n hist\u00f3rica. Y seguiremos informando mientras la Argentina se levanta, con la moral como bandera y el capitalismo como herramienta de prosperidad.<\/p>\n\n\n\n<p><strong>El mundo cree en la Argentina. \u00bfVos tambi\u00e9n?<\/strong><\/p>\n","protected":false},"excerpt":{"rendered":"<p>El Presidente inaugura la Argentina Week en Nueva York ante 300 inversores globales, promete convertir al pa\u00eds en el m\u00e1s libre del mundo y consolida la alianza estrat\u00e9gica con Trump<\/p>\n","protected":false},"author":2,"featured_media":7591,"comment_status":"open","ping_status":"open","sticky":false,"template":"","format":"standard","meta":{"_acf_changed":false,"advanced_seo_description":"","jetpack_seo_html_title":"","jetpack_seo_noindex":false,"_jetpack_memberships_contains_paid_content":false,"footnotes":""},"categories":[4],"tags":[1212,20,56,210],"class_list":["post-7590","post","type-post","status-publish","format-standard","has-post-thumbnail","hentry","category-politica","tag-argentina-week","tag-destacados","tag-milei","tag-nueva-york"],"acf":[],"jetpack_featured_media_url":"https:\/\/elliberador.com\/wp-content\/uploads\/2026\/03\/milei-wall-street.webp","jetpack_sharing_enabled":true,"_links":{"self":[{"href":"https:\/\/elliberador.com\/index.php\/wp-json\/wp\/v2\/posts\/7590","targetHints":{"allow":["GET"]}}],"collection":[{"href":"https:\/\/elliberador.com\/index.php\/wp-json\/wp\/v2\/posts"}],"about":[{"href":"https:\/\/elliberador.com\/index.php\/wp-json\/wp\/v2\/types\/post"}],"author":[{"embeddable":true,"href":"https:\/\/elliberador.com\/index.php\/wp-json\/wp\/v2\/users\/2"}],"replies":[{"embeddable":true,"href":"https:\/\/elliberador.com\/index.php\/wp-json\/wp\/v2\/comments?post=7590"}],"version-history":[{"count":1,"href":"https:\/\/elliberador.com\/index.php\/wp-json\/wp\/v2\/posts\/7590\/revisions"}],"predecessor-version":[{"id":7593,"href":"https:\/\/elliberador.com\/index.php\/wp-json\/wp\/v2\/posts\/7590\/revisions\/7593"}],"wp:featuredmedia":[{"embeddable":true,"href":"https:\/\/elliberador.com\/index.php\/wp-json\/wp\/v2\/media\/7591"}],"wp:attachment":[{"href":"https:\/\/elliberador.com\/index.php\/wp-json\/wp\/v2\/media?parent=7590"}],"wp:term":[{"taxonomy":"category","embeddable":true,"href":"https:\/\/elliberador.com\/index.php\/wp-json\/wp\/v2\/categories?post=7590"},{"taxonomy":"post_tag","embeddable":true,"href":"https:\/\/elliberador.com\/index.php\/wp-json\/wp\/v2\/tags?post=7590"}],"curies":[{"name":"wp","href":"https:\/\/api.w.org\/{rel}","templated":true}]}}