{"id":7594,"date":"2026-03-10T19:09:12","date_gmt":"2026-03-10T22:09:12","guid":{"rendered":"https:\/\/elliberador.com\/?p=7594"},"modified":"2026-03-10T19:09:14","modified_gmt":"2026-03-10T22:09:14","slug":"el-ceo-de-jp-morgan-habla-de-milagro-economico-y-elogia-a-milei-ante-wall-street","status":"publish","type":"post","link":"https:\/\/elliberador.com\/index.php\/2026\/03\/10\/el-ceo-de-jp-morgan-habla-de-milagro-economico-y-elogia-a-milei-ante-wall-street\/","title":{"rendered":"El CEO de JP Morgan habla de \u00abmilagro\u00bb econ\u00f3mico y elogia a Milei ante Wall Street"},"content":{"rendered":"\n<p>NUEVA YORK.- Mientras los medios progresistas locales intentan vender la idea de que la Argentina es un \u00abdesastre\u00bb y los sindicalistas amenazan con paros que ya no asustan a nadie, <strong>Wall Street tiene otra opini\u00f3n<\/strong>. Y cuando habla Wall Street, espec\u00edficamente <strong>Jamie Dimon<\/strong>, CEO de <strong>JP Morgan Chase<\/strong> y uno de los banqueros m\u00e1s influyentes del planeta, la izquierda deber\u00eda empezar a preocuparse.<\/p>\n\n\n\n<p>En la antesala del <strong>Argentina Week<\/strong>, Dimon recibi\u00f3 a <strong>Javier Milei<\/strong> en la sede del banco m\u00e1s grande de Estados Unidos y no tuvo filtros para elogiar la gesti\u00f3n econ\u00f3mica del Presidente. Con palabras que seguramente provocaron urticaria en los economistas kirchneristas y en los \u00abanalistas\u00bb de los subsidios, el titular de JP Morgan habl\u00f3 de un verdadero <strong>\u00abmilagro\u00bb<\/strong> econ\u00f3mico y calific\u00f3 a Milei como <strong>\u00abejemplo para el mundo\u00bb<\/strong>.<\/p>\n\n\n\n<h2 class=\"wp-block-heading\">\u00abMilagro\u00bb econ\u00f3mico: la palabra que duele a la casta<\/h2>\n\n\n\n<p>Dimon, un tipo que no necesita aplaudir a nadie para quedar bien, destac\u00f3 especialmente la <strong>r\u00e1pida baja de la inflaci\u00f3n<\/strong> argentina. S\u00ed, esa misma inflaci\u00f3n que los opositores dec\u00edan que era \u00abimposible\u00bb bajar sin \u00abexplosi\u00f3n social\u00bb. Esa que los \u00abexpertos\u00bb del establishment econ\u00f3mico pronosticaban que terminar\u00eda en hiperinflaci\u00f3n y caos.<\/p>\n\n\n\n<p>\u00ab<strong>Milei se convirti\u00f3 en un ejemplo para el mundo sobre c\u00f3mo encarar un proceso de ajuste dr\u00e1stico para ordenar las cuentas p\u00fablicas y reducir la inflaci\u00f3n<\/strong>\u00ab, afirm\u00f3 el banquero ante inversores globales.<\/p>\n\n\n\n<p>La foto de Milei y Dimon juntos, sonrientes, con la bandera estadounidense de fondo, es exactamente lo que la casta pol\u00edtica argentina no quiere ver: <strong>un Presidente respetado por quienes realmente mueven los hilos de la econom\u00eda global<\/strong>, no por los bur\u00f3cratas de turno de la ONU o los funcionarios de organismos multilaterales que nunca arriesgaron un peso en sus vidas.<\/p>\n\n\n\n<h2 class=\"wp-block-heading\">Wall Street elige: estabilidad sobre demagogia<\/h2>\n\n\n\n<p>El mensaje de Dimon es claro: el programa libertario de Milei \u2014ese que los radicales y peronistas intentan boicotear en el Congreso\u2014 es exactamente lo que el mercado internacional estaba esperando. <strong>Fuerte recorte del gasto p\u00fablico<\/strong>, <strong>liberalizaci\u00f3n de precios<\/strong>, <strong>levantamiento de trabas al comercio<\/strong> y <strong>pol\u00edtica monetaria restrictiva<\/strong>.<\/p>\n\n\n\n<p>Claro, el banquero tambi\u00e9n tiene sus reservas. Mencion\u00f3 interrogantes sobre la <strong>sostenibilidad social<\/strong> del ajuste y la necesidad de sostener la disciplina fiscal. Pero eso es precisamente lo que diferencia a un inversor serio de un demagogo: reconoce los logros pero pide m\u00e1s. No como nuestros opositores, que niegan cualquier avance y luego viajan a Nueva York a sacarse fotos con los mismos inversores que Milei trae.<\/p>\n\n\n\n<h2 class=\"wp-block-heading\">La se\u00f1al que necesit\u00e1bamos<\/h2>\n\n\n\n<p>La presencia de Milei junto a Dimon env\u00eda una se\u00f1al contundente a los mercados: <strong>la Argentina volvi\u00f3 a ser un destino serio para la inversi\u00f3n<\/strong>. No por decreto, no por subsidios estatales, sino por <strong>disciplina macroecon\u00f3mica y respeto a las reglas del capitalismo<\/strong>.<\/p>\n\n\n\n<p>Mientras tanto, \u00bfd\u00f3nde est\u00e1n los que promet\u00edan que el mundo nos aislar\u00eda? \u00bfD\u00f3nde est\u00e1n los que dec\u00edan que Milei era \u00abinflacionario\u00bb y \u00abdestruir\u00eda la econom\u00eda\u00bb? Seguramente preparando nuevas mentiras para la campa\u00f1a electoral, o pidiendo audiencia con alg\u00fan funcionario de segundo nivel en Washington que nadie conoce.<\/p>\n","protected":false},"excerpt":{"rendered":"<p>Jamie Dimon, el banquero m\u00e1s poderoso del mundo, recibi\u00f3 al Presidente en Nueva York y calific\u00f3 su gesti\u00f3n como \u00abejemplo para el mundo\u00bb en materia de ajuste y estabilizaci\u00f3n<\/p>\n","protected":false},"author":2,"featured_media":7592,"comment_status":"open","ping_status":"open","sticky":false,"template":"","format":"standard","meta":{"_acf_changed":false,"advanced_seo_description":"","jetpack_seo_html_title":"","jetpack_seo_noindex":false,"_jetpack_memberships_contains_paid_content":false,"footnotes":""},"categories":[2],"tags":[96,20,1214,1213,56],"class_list":["post-7594","post","type-post","status-publish","format-standard","has-post-thumbnail","hentry","category-economia","tag-argentina","tag-destacados","tag-jamie-dimon","tag-jp-morgan","tag-milei"],"acf":[],"jetpack_featured_media_url":"https:\/\/elliberador.com\/wp-content\/uploads\/2026\/03\/Milei-y-Jamie-Dimon.png","jetpack_sharing_enabled":true,"_links":{"self":[{"href":"https:\/\/elliberador.com\/index.php\/wp-json\/wp\/v2\/posts\/7594","targetHints":{"allow":["GET"]}}],"collection":[{"href":"https:\/\/elliberador.com\/index.php\/wp-json\/wp\/v2\/posts"}],"about":[{"href":"https:\/\/elliberador.com\/index.php\/wp-json\/wp\/v2\/types\/post"}],"author":[{"embeddable":true,"href":"https:\/\/elliberador.com\/index.php\/wp-json\/wp\/v2\/users\/2"}],"replies":[{"embeddable":true,"href":"https:\/\/elliberador.com\/index.php\/wp-json\/wp\/v2\/comments?post=7594"}],"version-history":[{"count":1,"href":"https:\/\/elliberador.com\/index.php\/wp-json\/wp\/v2\/posts\/7594\/revisions"}],"predecessor-version":[{"id":7595,"href":"https:\/\/elliberador.com\/index.php\/wp-json\/wp\/v2\/posts\/7594\/revisions\/7595"}],"wp:featuredmedia":[{"embeddable":true,"href":"https:\/\/elliberador.com\/index.php\/wp-json\/wp\/v2\/media\/7592"}],"wp:attachment":[{"href":"https:\/\/elliberador.com\/index.php\/wp-json\/wp\/v2\/media?parent=7594"}],"wp:term":[{"taxonomy":"category","embeddable":true,"href":"https:\/\/elliberador.com\/index.php\/wp-json\/wp\/v2\/categories?post=7594"},{"taxonomy":"post_tag","embeddable":true,"href":"https:\/\/elliberador.com\/index.php\/wp-json\/wp\/v2\/tags?post=7594"}],"curies":[{"name":"wp","href":"https:\/\/api.w.org\/{rel}","templated":true}]}}