{"id":7607,"date":"2026-03-11T12:40:24","date_gmt":"2026-03-11T15:40:24","guid":{"rendered":"https:\/\/elliberador.com\/?p=7607"},"modified":"2026-03-11T12:40:26","modified_gmt":"2026-03-11T15:40:26","slug":"pullaro-habla-de-baja-de-impuestos-pero-la-realidad-fiscal-de-la-provincia-muestra-todo-lo-contrario","status":"publish","type":"post","link":"https:\/\/elliberador.com\/index.php\/2026\/03\/11\/pullaro-habla-de-baja-de-impuestos-pero-la-realidad-fiscal-de-la-provincia-muestra-todo-lo-contrario\/","title":{"rendered":"Pullaro habla de \u201cbaja de impuestos\u201d, pero la realidad fiscal de la provincia muestra todo lo contrario"},"content":{"rendered":"\n<p>Durante la apertura de Expoagro 2026, el gobernador de Santa Fe, Maximiliano Pullaro, asegur\u00f3 que su gesti\u00f3n logr\u00f3 <em>\u201cadministrar eficientemente el Estado y bajar impuestos como nunca en los \u00faltimos 20 a\u00f1os\u201d. <\/em><\/p>\n\n\n\n<p>Sin embargo, los dichos gener\u00f3 debate ya que muchos consideran una contradicci\u00f3n evidente entre el discurso oficial y la realidad fiscal de la provincia.<\/p>\n\n\n\n<figure class=\"wp-block-image size-large is-resized\"><img fetchpriority=\"high\" decoding=\"async\" width=\"667\" height=\"1024\" src=\"https:\/\/elliberador.com\/wp-content\/uploads\/2026\/03\/image-5-667x1024.png\" alt=\"\" class=\"wp-image-7608\" style=\"aspect-ratio:0.651369835296022;width:224px;height:auto\" srcset=\"https:\/\/elliberador.com\/wp-content\/uploads\/2026\/03\/image-5-667x1024.png 667w, https:\/\/elliberador.com\/wp-content\/uploads\/2026\/03\/image-5-195x300.png 195w, https:\/\/elliberador.com\/wp-content\/uploads\/2026\/03\/image-5-768x1179.png 768w, https:\/\/elliberador.com\/wp-content\/uploads\/2026\/03\/image-5-1000x1536.png 1000w, https:\/\/elliberador.com\/wp-content\/uploads\/2026\/03\/image-5-1024x1572.png 1024w, https:\/\/elliberador.com\/wp-content\/uploads\/2026\/03\/image-5.png 1042w\" sizes=\"(max-width: 667px) 100vw, 667px\" \/><\/figure>\n\n\n\n<p>Podemos hablar de la falta de adhesi\u00f3n de Santa Fe al esquema de <strong>transparencia fiscal <\/strong>que impulsa el gobierno nacional. Mientras otras provincias avanzaron en mecanismos para que los ciudadanos puedan ver con claridad qu\u00e9 impuestos pagan y cu\u00e1nto representa cada tributo en el precio final de los productos, la administraci\u00f3n de Pullaro decidi\u00f3 no adherir a este sistema, lo que implica una resistencia a mostrar con precisi\u00f3n la carga impositiva provincial.<\/p>\n\n\n\n<p>El modelo de transparencia fiscal busca que cada consumidor pueda identificar en una factura o ticket qu\u00e9 parte corresponde a impuestos nacionales, provinciales y municipales, una pol\u00edtica que apunta a visibilizar el peso real del Estado en la econom\u00eda. En ese contexto, la negativa de Santa Fe a sumarse a este esquema genera sospechas sobre la voluntad pol\u00edtica de exponer la presi\u00f3n tributaria que existe en la provincia.<\/p>\n\n\n\n<p>Diversos sectores productivos y comerciales sostienen que Santa Fe contin\u00faa entre las jurisdicciones con mayor carga impositiva,as\u00ed mismo los santafesinos lo ven en sus bolsillos, con tributos provinciales que impactan directamente en los costos de producci\u00f3n, el comercio y el consumo. Por eso, las declaraciones del gobernador en Expoagro fueron interpretadas como un intento de instalar un relato de baja de impuestos que no se percibe en la pr\u00e1ctica, como lo que viene pasando \u00faltimamente en todos los discursos del gobernador, ninguno coincide con la realidad y demuestra una fuerte desconexi\u00f3n con los ciudadanos.<\/p>\n\n\n\n<p>Mientras el gobierno provincial habla de eficiencia y alivio impositivo, los santafesinos exigen mayor transparencia y una reducci\u00f3n real de la presi\u00f3n tributaria que enfrentan ciudadanos y empresas, algunos de los \u00faltimos aumentos fueron los siguientes:<\/p>\n\n\n\n<p>El Impuesto Inmobiliario Rural lleg\u00f3 a tener subas de hasta 600% en 2024 en la provincia de Santa Fe.<\/p>\n\n\n\n<p>Para 2025 se previeron nuevas subas:<\/p>\n\n\n\n<p>\u00a0<strong>22% de aumento general.<\/strong><\/p>\n\n\n\n<p><strong>Hasta 40% para propiedades mayores a 500 hect\u00e1reas.<\/strong><\/p>\n\n\n\n<p>1-<strong> Aumentos muy fuertes en el impuesto inmobiliario<\/strong>, con subas cercanas al 190% para algunos contribuyentes seg\u00fan la reforma tributaria provincial.<\/p>\n\n\n\n<p><strong>2\ufe0f-Suba fuerte de Ingresos Brutos<\/strong><\/p>\n\n\n\n<p>El impuesto m\u00e1s cuestionado por empresas y comercios tambi\u00e9n aument\u00f3: La al\u00edcuota para servicios financieros y billeteras virtuales subi\u00f3 del 5% al 9%.<\/p>\n\n\n\n<p>Con ese cambio, Santa Fe qued\u00f3 entre las provincias con mayor tasa del pa\u00eds para ese sector.<\/p>\n\n\n\n<p>Este aumento gener\u00f3 incluso conflictos con empresas como Mercado Libre por el impacto en comercios y servicios financieros.<\/p>\n\n\n\n<p><strong>3\ufe0f-Nuevos impuestos y ampliaci\u00f3n de la base<\/strong><\/p>\n\n\n\n<p>Tambi\u00e9n se incorporaron nuevos contribuyentes o actividades:<\/p>\n\n\n\n<p>Servicios digitales extranjeros (tipo plataformas) comenzaron a pagar Ingresos Brutos en la provincia. Se agregaron al\u00edcuotas espec\u00edficas para cr\u00e9ditos y operaciones financieras.<\/p>\n\n\n\n<p>-En resumen:<\/p>\n\n\n\n<p>Mientras el gobernador Maximiliano Pullaro habla de \u201cbajar impuestos\u201d, los datos muestran:<\/p>\n\n\n\n<p>Inmobiliario rural: hasta +600%<\/p>\n\n\n\n<p>Inmobiliario urbano: hasta +190%<\/p>\n\n\n\n<p>Ingresos Brutos financieros: 5% \u2192 9%<\/p>\n\n\n\n<p>Nuevos impuestos a servicios digitales y fintech , emtre otros.<\/p>\n\n\n\n<p><\/p>\n","protected":false},"excerpt":{"rendered":"<p>Pullaro afirm\u00f3 que Santa Fe mostr\u00f3 ser eficiente y bajar los impuestos como nunca se baj\u00f3 en los \u00faltimos a\u00f1os&#8230; pero ese es el relato, en la pr\u00e1ctica hace todo lo contrario e incluso se niega a adherirse a la transparencia fiscal impulsada desde Naci\u00f3n.<\/p>\n","protected":false},"author":2,"featured_media":7610,"comment_status":"open","ping_status":"open","sticky":false,"template":"","format":"standard","meta":{"_acf_changed":false,"advanced_seo_description":"","jetpack_seo_html_title":"","jetpack_seo_noindex":false,"_jetpack_memberships_contains_paid_content":false,"footnotes":""},"categories":[598],"tags":[20],"class_list":["post-7607","post","type-post","status-publish","format-standard","has-post-thumbnail","hentry","category-santa-fe","tag-destacados"],"acf":[],"jetpack_featured_media_url":"https:\/\/elliberador.com\/wp-content\/uploads\/2026\/03\/WhatsApp-Image-2026-03-11-at-12.37.19-PM.jpeg","jetpack_sharing_enabled":true,"_links":{"self":[{"href":"https:\/\/elliberador.com\/index.php\/wp-json\/wp\/v2\/posts\/7607","targetHints":{"allow":["GET"]}}],"collection":[{"href":"https:\/\/elliberador.com\/index.php\/wp-json\/wp\/v2\/posts"}],"about":[{"href":"https:\/\/elliberador.com\/index.php\/wp-json\/wp\/v2\/types\/post"}],"author":[{"embeddable":true,"href":"https:\/\/elliberador.com\/index.php\/wp-json\/wp\/v2\/users\/2"}],"replies":[{"embeddable":true,"href":"https:\/\/elliberador.com\/index.php\/wp-json\/wp\/v2\/comments?post=7607"}],"version-history":[{"count":1,"href":"https:\/\/elliberador.com\/index.php\/wp-json\/wp\/v2\/posts\/7607\/revisions"}],"predecessor-version":[{"id":7611,"href":"https:\/\/elliberador.com\/index.php\/wp-json\/wp\/v2\/posts\/7607\/revisions\/7611"}],"wp:featuredmedia":[{"embeddable":true,"href":"https:\/\/elliberador.com\/index.php\/wp-json\/wp\/v2\/media\/7610"}],"wp:attachment":[{"href":"https:\/\/elliberador.com\/index.php\/wp-json\/wp\/v2\/media?parent=7607"}],"wp:term":[{"taxonomy":"category","embeddable":true,"href":"https:\/\/elliberador.com\/index.php\/wp-json\/wp\/v2\/categories?post=7607"},{"taxonomy":"post_tag","embeddable":true,"href":"https:\/\/elliberador.com\/index.php\/wp-json\/wp\/v2\/tags?post=7607"}],"curies":[{"name":"wp","href":"https:\/\/api.w.org\/{rel}","templated":true}]}}