{"id":7612,"date":"2026-03-11T12:55:23","date_gmt":"2026-03-11T15:55:23","guid":{"rendered":"https:\/\/elliberador.com\/?p=7612"},"modified":"2026-03-11T12:57:13","modified_gmt":"2026-03-11T15:57:13","slug":"la-epe-corto-la-luz-en-carrizales-durante-el-operativo-conjunto-de-anses-y-pami-que-volvian-tras-4-anos-de-ausencia","status":"publish","type":"post","link":"https:\/\/elliberador.com\/index.php\/2026\/03\/11\/la-epe-corto-la-luz-en-carrizales-durante-el-operativo-conjunto-de-anses-y-pami-que-volvian-tras-4-anos-de-ausencia\/","title":{"rendered":"La EPE cort\u00f3 la luz en Carrizales durante el operativo conjunto de ANSeS y PAMI que volv\u00edan tras 4 a\u00f1os de ausencia"},"content":{"rendered":"\n<p><strong class=\"\">Clarke (Carrizales), Santa Fe.<\/strong> Una localidad olvidada por el Estado durante a\u00f1os. Cuatro a\u00f1os, para ser exactos, desde que ANSeS pon\u00eda un pie en el pueblo. Cuatro a\u00f1os en que los jubilados, los discapacitados, los que necesitaban gestionar una pensi\u00f3n, ten\u00edan que tomarse un colecto que no va directo, hacer trasbordo en alg\u00fan cruce de rutas polvorientas, y llegar exhaustos a Maciel o Timb\u00faes para ser atendidos.<\/p>\n\n\n\n<p><strong class=\"\">Hoy, por primera vez, el gobierno nacional lleg\u00f3.<\/strong> El Ministerio de Capital Humano organiz\u00f3 un operativo conjunto ANSeS-PAMI en el <strong>Centro de Jubilados y Pensionados Nacionales y Provinciales \u00abAmistad y Progreso\u00bb, ubicado en Laprida 1100<\/strong>. Una novedad. Un hito. Una demostraci\u00f3n de que <strong>con voluntad pol\u00edtica se puede llegar a donde la casta provincial no quiere pisar.<\/strong><\/p>\n\n\n\n<p>Y entonces, <strong>la provincia de Santa Fe respondi\u00f3 como sabe: \u00bfcon sabotaje?<\/strong><\/p>\n\n\n\n<p><strong>9 de la ma\u00f1ana.<\/strong> Horario de apertura. Los vecinos hac\u00edan cola desde temprano en el centro \u00abAmistad y Progreso\u00bb. Los operadores de ANSeS y PAMI preparaban mesas, computadoras, documentaci\u00f3n. <strong>Corte de luz generalizado.<\/strong> Sin previo aviso. Sin justificaci\u00f3n t\u00e9cnica. Sin responsables visibles.<\/p>\n\n\n\n<p><strong>La EPE, ese ente provincial que deber\u00eda garantizar un servicio b\u00e1sico, desapareci\u00f3.<\/strong> Los organizadores se trasladaron hasta la <strong>oficina taller de la EPE en calle Moreno 1150<\/strong>: cerrada. Fueron a los <strong>dos transformadores de la localidad<\/strong>: <strong>ninguno ten\u00eda cuadrilla trabajando<\/strong>. Nadie revisando nada. Nadie dando explicaciones. Llamaron al <strong>encargado de EPE Carrizales<\/strong>: <strong class=\"\">tel\u00e9fono sin respuesta.<\/strong> Dos horas de llamadas. Dos horas de silencio. Dos horas de <strong class=\"\">Estado ausente cuando se lo necesita, presente cuando quiere joder.<\/strong><\/p>\n\n\n\n<figure class=\"wp-block-gallery has-nested-images columns-default is-cropped wp-block-gallery-1 is-layout-flex wp-block-gallery-is-layout-flex\">\n<figure class=\"wp-block-image size-large\"><img fetchpriority=\"high\" decoding=\"async\" width=\"768\" height=\"1024\" data-id=\"7614\" src=\"https:\/\/elliberador.com\/wp-content\/uploads\/2026\/03\/Transformador-Carrizales-768x1024.jpeg\" alt=\"\" class=\"wp-image-7614\" srcset=\"https:\/\/elliberador.com\/wp-content\/uploads\/2026\/03\/Transformador-Carrizales-768x1024.jpeg 768w, https:\/\/elliberador.com\/wp-content\/uploads\/2026\/03\/Transformador-Carrizales-225x300.jpeg 225w, https:\/\/elliberador.com\/wp-content\/uploads\/2026\/03\/Transformador-Carrizales-1152x1536.jpeg 1152w, https:\/\/elliberador.com\/wp-content\/uploads\/2026\/03\/Transformador-Carrizales-1024x1365.jpeg 1024w, https:\/\/elliberador.com\/wp-content\/uploads\/2026\/03\/Transformador-Carrizales.jpeg 1200w\" sizes=\"(max-width: 768px) 100vw, 768px\" \/><figcaption class=\"wp-element-caption\">Uno de los transformadores de la localidad sin asistencia t\u00e9cnica<\/figcaption><\/figure>\n\n\n\n<figure class=\"wp-block-image size-large\"><img decoding=\"async\" width=\"576\" height=\"1024\" data-id=\"7615\" src=\"https:\/\/elliberador.com\/wp-content\/uploads\/2026\/03\/EPE-Carrizales-576x1024.jpeg\" alt=\"\" class=\"wp-image-7615\" srcset=\"https:\/\/elliberador.com\/wp-content\/uploads\/2026\/03\/EPE-Carrizales-576x1024.jpeg 576w, https:\/\/elliberador.com\/wp-content\/uploads\/2026\/03\/EPE-Carrizales-169x300.jpeg 169w, https:\/\/elliberador.com\/wp-content\/uploads\/2026\/03\/EPE-Carrizales-768x1365.jpeg 768w, https:\/\/elliberador.com\/wp-content\/uploads\/2026\/03\/EPE-Carrizales-864x1536.jpeg 864w, https:\/\/elliberador.com\/wp-content\/uploads\/2026\/03\/EPE-Carrizales.jpeg 900w\" sizes=\"(max-width: 576px) 100vw, 576px\" \/><figcaption class=\"wp-element-caption\">Oficina de la EPE cerrada un mi\u00e9rcoles por la ma\u00f1ana y sin respuesta a vecinos<\/figcaption><\/figure>\n<\/figure>\n\n\n\n<p><strong class=\"\">\u00bfCasualidad?<\/strong> El corte dur\u00f3 exactamente lo que duraba la atenci\u00f3n: hasta las 12, cuando el operativo cerraba a las 13. <strong>Tres horas de oscuridad programada<\/strong>, calculada, para que fracasara la iniciativa nacional en territorio \u00abenemigo\u00bb.<\/p>\n\n\n\n<p>Pero ac\u00e1 est\u00e1 lo hermoso: <strong class=\"\">fracasaron los saboteadores.<\/strong><\/p>\n\n\n\n<p>Los operadores de ANSeS y PAMI, esos empleados p\u00fablicos que s\u00ed trabajan, que s\u00ed se sacrifican, que s\u00ed entienden que del otro lado hay un jubilado esperando en el centro \u00abAmistad y Progreso\u00bb, <strong class=\"\">sacaron sus celulares personales.<\/strong> Activaron datos m\u00f3viles. Cargaron laptops desde las bater\u00edas de sus autos particulares. <strong class=\"\">Hicieron la tarea a pesar del Estado provincial, no gracias a \u00e9l.<\/strong><\/p>\n\n\n\n<p><strong class=\"\">La atenci\u00f3n fue completa.<\/strong> Todos los tr\u00e1mites resueltos. Todos los vecinos atendidos hasta las 13 horas. <strong class=\"\">La tecnolog\u00eda y la voluntad vencieron al aparato burocr\u00e1tico de la provincia de Santa Fe.<\/strong><\/p>\n\n\n\n<p><strong>El colmo de la jornada:<\/strong> la comuna de Clarke, ese municipio que deber\u00eda ser el primer eslab\u00f3n de contacto con el ciudadano, <strong class=\"\">tampoco funcionaba.<\/strong> Paro del gremio SITRAM. Nadie en la Municipalidad. Nadie para dar explicaciones. Nadie para gestionar una soluci\u00f3n. <strong class=\"\">El municipio fantasma, el Estado provincial invisible, la estructura de la casta santafesina dedicada exclusivamente a cobrar sueldos y hacer paros, nunca a resolver problemas.<\/strong><\/p>\n\n\n\n<p><strong>Esta es la provincia de Pullaro en una imagen:<\/strong> radicales, socialistas y PRO en la misma coalici\u00f3n, todos amigos, todos reparti\u00e9ndose el Estado, todos ausentes cuando el vecino necesita luz para que le firmen una jubilaci\u00f3n en el centro \u00abAmistad y Progreso\u00bb. <strong>La grieta es falsa, la complicidad es real.<\/strong> Mientras tanto, el \u00fanico que llega a Clarke es Milei. Y cuando llega, le cortan la luz.<\/p>\n\n\n\n<p><strong class=\"\">\u00bfQu\u00e9 hubiera pasado si el operativo fracasaba?<\/strong> Los mismos que hoy hacen paro y cortan la luz, ma\u00f1ana sal\u00edan a decir que \u00abel gobierno nacional abandona el interior\u00bb. <strong>El mismo manual de siempre: crear el problema, culpar al que intenta la soluci\u00f3n.<\/strong><\/p>\n\n\n\n<p>Pero no funcion\u00f3. <strong class=\"\">La gente de Capital Humano, ANSeS y PAMI demostraron que hay empleados p\u00fablicos que s\u00ed sirven, que s\u00ed se la juegan, que no necesitan de la estructura parasitaria provincial para cumplir.<\/strong> Y los vecinos de Clarke se fueron del centro \u00abAmistad y Progreso\u00bb con sus tr\u00e1mites hechos, con sus sonrisas, con la certeza de que <strong>alguien en Buenos Aires s\u00ed se acuerda de ellos.<\/strong><\/p>\n\n\n\n<p><strong>La luz volvi\u00f3 a las 12. Pero la verdad qued\u00f3 expuesta para siempre:<\/strong> en Santa Fe, la EPE, la comuna, los gremios, toda la estructura del Estado provincial, <strong>est\u00e1n contra el ciudadano.<\/strong> Solo el gobierno nacional llega con soluciones. Y aunque le corten la luz, <strong>la atenci\u00f3n sigue.<\/strong><\/p>\n","protected":false},"excerpt":{"rendered":"<p>EPE cort\u00f3 la luz justo cuando ANSeS y PAMI atend\u00edan en el centro \u00abAmistad y Progreso\u00bb despu\u00e9s de 4 a\u00f1os de abandono. \u00bfCasualidad? En la provincia de Pullaro, la burocracia es c\u00f3mplice de la miseria<\/p>\n","protected":false},"author":2,"featured_media":7613,"comment_status":"open","ping_status":"open","sticky":false,"template":"","format":"standard","meta":{"_acf_changed":false,"advanced_seo_description":"","jetpack_seo_html_title":"","jetpack_seo_noindex":false,"_jetpack_memberships_contains_paid_content":false,"footnotes":""},"categories":[38],"tags":[1099,1216,20,680,1097,99,66],"class_list":["post-7612","post","type-post","status-publish","format-standard","has-post-thumbnail","hentry","category-regionales","tag-anses","tag-carrizales","tag-destacados","tag-epe","tag-pami","tag-pullaro","tag-santa-fe"],"acf":[],"jetpack_featured_media_url":"https:\/\/elliberador.com\/wp-content\/uploads\/2026\/03\/ChatGPT-Image-11-mar-2026-12_48_06.webp","jetpack_sharing_enabled":true,"_links":{"self":[{"href":"https:\/\/elliberador.com\/index.php\/wp-json\/wp\/v2\/posts\/7612","targetHints":{"allow":["GET"]}}],"collection":[{"href":"https:\/\/elliberador.com\/index.php\/wp-json\/wp\/v2\/posts"}],"about":[{"href":"https:\/\/elliberador.com\/index.php\/wp-json\/wp\/v2\/types\/post"}],"author":[{"embeddable":true,"href":"https:\/\/elliberador.com\/index.php\/wp-json\/wp\/v2\/users\/2"}],"replies":[{"embeddable":true,"href":"https:\/\/elliberador.com\/index.php\/wp-json\/wp\/v2\/comments?post=7612"}],"version-history":[{"count":2,"href":"https:\/\/elliberador.com\/index.php\/wp-json\/wp\/v2\/posts\/7612\/revisions"}],"predecessor-version":[{"id":7618,"href":"https:\/\/elliberador.com\/index.php\/wp-json\/wp\/v2\/posts\/7612\/revisions\/7618"}],"wp:featuredmedia":[{"embeddable":true,"href":"https:\/\/elliberador.com\/index.php\/wp-json\/wp\/v2\/media\/7613"}],"wp:attachment":[{"href":"https:\/\/elliberador.com\/index.php\/wp-json\/wp\/v2\/media?parent=7612"}],"wp:term":[{"taxonomy":"category","embeddable":true,"href":"https:\/\/elliberador.com\/index.php\/wp-json\/wp\/v2\/categories?post=7612"},{"taxonomy":"post_tag","embeddable":true,"href":"https:\/\/elliberador.com\/index.php\/wp-json\/wp\/v2\/tags?post=7612"}],"curies":[{"name":"wp","href":"https:\/\/api.w.org\/{rel}","templated":true}]}}