{"id":7619,"date":"2026-03-11T20:30:16","date_gmt":"2026-03-11T23:30:16","guid":{"rendered":"https:\/\/elliberador.com\/?p=7619"},"modified":"2026-03-11T20:41:13","modified_gmt":"2026-03-11T23:41:13","slug":"diputado-nacional-de-la-libertad-avanza-fuertemente-agredido-por-un-kirchnerista-violento","status":"publish","type":"post","link":"https:\/\/elliberador.com\/index.php\/2026\/03\/11\/diputado-nacional-de-la-libertad-avanza-fuertemente-agredido-por-un-kirchnerista-violento\/","title":{"rendered":"Diputado nacional de La Libertad Avanza fuertemente agredido por un kirchnerista violento"},"content":{"rendered":"\n<p>El diputado nacional por <strong>La Libertad Avanza<\/strong>, <strong>Federico Pelli<\/strong>, fue <strong>agredido f\u00edsicamente en la provincia de Tucum\u00e1n<\/strong> durante una recorrida en una zona afectada por el fuerte temporal que azota a la provincia.<\/p>\n\n\n\n<p>El hecho ocurri\u00f3 <strong>mientras el diputado participaba de una actividad solidari<\/strong>a en el marco de la emergencia generada por las fuertes inundaciones que afectaron a distintas localidades.<\/p>\n\n\n\n<p>El legislador se encontraba junto a colaboradores y voluntarios <strong>entregando colchones, alimentos y otros art\u00edculos de primera necesidad a familias damnificadas<\/strong>, como parte de una jornada de asistencia organizada para ayudar a quienes perdieron pertenencias y sufrieron da\u00f1os en sus viviendas a causa del temporal cuando <strong>un hombre lo increp\u00f3 y lo golpe\u00f3 con un cabezazo<\/strong>, provoc\u00e1ndole fuertes heridas y generando una escena de gran tensi\u00f3n entre las personas presentes.<\/p>\n\n\n\n<figure class=\"wp-block-image size-full is-resized\"><img fetchpriority=\"high\" decoding=\"async\" width=\"547\" height=\"308\" src=\"https:\/\/elliberador.com\/wp-content\/uploads\/2026\/03\/image-7-edited.png\" alt=\"\" class=\"wp-image-7621\" style=\"width:481px;height:auto\" srcset=\"https:\/\/elliberador.com\/wp-content\/uploads\/2026\/03\/image-7-edited.png 547w, https:\/\/elliberador.com\/wp-content\/uploads\/2026\/03\/image-7-edited-300x169.png 300w\" sizes=\"(max-width: 547px) 100vw, 547px\" \/><figcaption class=\"wp-element-caption\">Rostro del agresor<\/figcaption><\/figure>\n\n\n\n<p>De acuerdo con los primeros relatos, <strong>el agresor<\/strong> comenz\u00f3 elevando el tono buscando pelear hasta que finalmente lo agredi\u00f3 f\u00edsicamente. La situaci\u00f3n oblig\u00f3 a los presentes a intervenir r\u00e1pidamente para separar al agresor y evitar que el incidente pasara a mayores, ya que estaba empecinado con la violencia hacia el diputado.<\/p>\n\n\n\n<p>El ataque ocurri\u00f3 <strong>en un contexto especialmente sensible<\/strong>, dado que la zona se encuentra atravesando una situaci\u00f3n cr\u00edtica por las inundaciones, con numerosas familias evacuadas y p\u00e9rdidas materiales importantes. Precisamente por ese motivo, la actividad ten\u00eda como objetivo <strong>canalizar ayuda directa a los vecinos afectados<\/strong>.<\/p>\n\n\n\n<p>Tras el hecho, dirigentes y referentes vinculados a La Libertad Avanza repudiaron lo ocurrido y se\u00f1alaron que <strong>la violencia pol\u00edtica no puede tener lugar en ning\u00fan \u00e1mbito, mucho menos en un operativo solidario destinado a asistir a v\u00edctimas de una cat\u00e1strofe natural<\/strong>.<\/p>\n\n\n\n<p>En las pr\u00f3ximas horas <strong>se espera la intervenci\u00f3n de la justicia para esclarecer lo sucedido<\/strong>, identificar formalmente al agresor y determinar las responsabilidades correspondientes. Tambi\u00e9n se analizar\u00e1n los registros audiovisuales del momento, que comenzaron a circular en redes sociales, para reconstruir con precisi\u00f3n la secuencia del ataque.<\/p>\n\n\n\n<p>El episodio gener\u00f3 fuerte repercusi\u00f3n pol\u00edtica reabriendo el debate sobre <strong>la escalada de violencia del sector kirchnerista y la necesidad de garantizar que las actividades solidarias y sociales puedan desarrollarse sin agresiones<\/strong>.<\/p>\n\n\n\n<p><\/p>\n","protected":false},"excerpt":{"rendered":"<p>Diputado nacional de La Libertad Avanza, Federico Pelli, fuertemente agredido fisicamente por un kirchnerista en medio de una acci\u00f3n solidaria<\/p>\n","protected":false},"author":2,"featured_media":7624,"comment_status":"open","ping_status":"open","sticky":false,"template":"","format":"standard","meta":{"_acf_changed":false,"advanced_seo_description":"","jetpack_seo_html_title":"","jetpack_seo_noindex":false,"_jetpack_memberships_contains_paid_content":false,"footnotes":""},"categories":[4],"tags":[20],"class_list":["post-7619","post","type-post","status-publish","format-standard","has-post-thumbnail","hentry","category-politica","tag-destacados"],"acf":[],"jetpack_featured_media_url":"https:\/\/elliberador.com\/wp-content\/uploads\/2026\/03\/WhatsApp-Image-2026-03-11-at-8.39.34-PM.jpeg","jetpack_sharing_enabled":true,"_links":{"self":[{"href":"https:\/\/elliberador.com\/index.php\/wp-json\/wp\/v2\/posts\/7619","targetHints":{"allow":["GET"]}}],"collection":[{"href":"https:\/\/elliberador.com\/index.php\/wp-json\/wp\/v2\/posts"}],"about":[{"href":"https:\/\/elliberador.com\/index.php\/wp-json\/wp\/v2\/types\/post"}],"author":[{"embeddable":true,"href":"https:\/\/elliberador.com\/index.php\/wp-json\/wp\/v2\/users\/2"}],"replies":[{"embeddable":true,"href":"https:\/\/elliberador.com\/index.php\/wp-json\/wp\/v2\/comments?post=7619"}],"version-history":[{"count":1,"href":"https:\/\/elliberador.com\/index.php\/wp-json\/wp\/v2\/posts\/7619\/revisions"}],"predecessor-version":[{"id":7623,"href":"https:\/\/elliberador.com\/index.php\/wp-json\/wp\/v2\/posts\/7619\/revisions\/7623"}],"wp:featuredmedia":[{"embeddable":true,"href":"https:\/\/elliberador.com\/index.php\/wp-json\/wp\/v2\/media\/7624"}],"wp:attachment":[{"href":"https:\/\/elliberador.com\/index.php\/wp-json\/wp\/v2\/media?parent=7619"}],"wp:term":[{"taxonomy":"category","embeddable":true,"href":"https:\/\/elliberador.com\/index.php\/wp-json\/wp\/v2\/categories?post=7619"},{"taxonomy":"post_tag","embeddable":true,"href":"https:\/\/elliberador.com\/index.php\/wp-json\/wp\/v2\/tags?post=7619"}],"curies":[{"name":"wp","href":"https:\/\/api.w.org\/{rel}","templated":true}]}}